{"id":120535,"date":"2025-12-23T17:01:13","date_gmt":"2025-12-23T17:01:13","guid":{"rendered":"https:\/\/www.europesays.com\/no\/120535\/"},"modified":"2025-12-23T17:01:13","modified_gmt":"2025-12-23T17:01:13","slug":"nyheter-oyer-her-satte-de-rekord-gudbrandsdolen-dagningen","status":"publish","type":"post","link":"https:\/\/www.europesays.com\/no\/120535\/","title":{"rendered":"Nyheter, \u00d8yer | Her satte de rekord &#8211; Gudbrandsd\u00f8len Dagningen"},"content":{"rendered":"<ol>\n<li><a href=\"https:\/\/news.google.com\/rss\/articles\/CBMiYkFVX3lxTE1Ic0JtSUMyV1J6b29RQ181NzhnNmFDcS1XV01NQ0luYmhTalNqYWpkc0JRR0M0dF94endLTXY2ZnpDd0ZBWFQyNGVGVm9fMEptS1hsWkIxVEU1YUw2X3hiUU5R?oc=5\" target=\"_blank\" rel=\"nofollow noopener\">Nyheter, \u00d8yer | Her satte de rekord<\/a>&nbsp;&nbsp;Gudbrandsd\u00f8len Dagningen<\/li>\n<li><a href=\"https:\/\/news.google.com\/rss\/articles\/CBMijAFBVV95cUxPM2s2dzRHSERsak1MOVVjekk5clpudU94YmJ6OEM1NmVrdnZiTnlRNUtfa1h4bnVqd2VicDZ6ZnkzeTk2ME9mSXhBQjFvV0h2bmFrcDNVdHByT0pWNEQ3d2luLVJjSGxXM2xXcHdXRlg0Wmx2U093OXZma2t3Wndza0xEZS1lQmhqS1Vybw?oc=5\" target=\"_blank\" rel=\"nofollow noopener\">Stadig flere velger alkoholfritt: \u2013 Betydelig \u00f8kning<\/a>&nbsp;&nbsp;Tr\u00f8nder-Avisa<\/li>\n<li><a href=\"https:\/\/news.google.com\/rss\/articles\/CBMikgFBVV95cUxPVHZxbEtGcEcxZWJuRm10R094d2xFRjRSYzZvTWg4VV9zbVpWZTRlZllQOFN3UTNDR3BqY3dHYlBSOFEyMjVzQzh1TFEwVFNlMXc4eHFWM3Vfc2I1NDRGcDdDeXBMbTB4SDFxOFpCVGVfbmZKRzdCVkprNDhMb205YTZVclBmWkZRZVVWd1NocXJuQQ?oc=5\" target=\"_blank\" rel=\"nofollow noopener\">N\u00e5r har Vinmonopolet \u00e5pent i jula?<\/a>&nbsp;&nbsp;Stavanger Aftenblad<\/li>\n<li><a href=\"https:\/\/news.google.com\/rss\/articles\/CBMidEFVX3lxTE14OGRHTGVIRVdQN1N2Vm1Ddlo2Rnk5R0d6UXBBdjFmZkJHa05pc2gxc09tM1d1NkdjOTBpNkhqRE1lZzkyV24ydHV6OHdtcDI4N2hvRUlDMkNKOFJKc0xMQzNVUG12TU9MNll3ZTNyaWhBT1k5?oc=5\" target=\"_blank\" rel=\"nofollow noopener\">DT24, Butikker og uteliv | Her ble det lange k\u00f8er: \u2013 Jeg angrer<\/a>&nbsp;&nbsp;Drammens Tidende<\/li>\n<li><a href=\"https:\/\/news.google.com\/rss\/articles\/CBMipAFBVV95cUxQU3ctTzc5WnhoSTlEMGtTYjRzVnZEX2lZX3BXdEk1UWRtSE1yWTFzYWF0T3dJd1kyQlJxeWpCenpEakNhWTJxb3RrYVhBMTRtRTkwSmk1X19YQWFyS2ZEaHFhRUkxOFVoYjdDNURjeGNocVBQSEdydWg0blNqS3pnUEdpQzZnU0N6dzlydWNNQmFWTDNsa1YwNWYwVUd0OFN4dUhpcQ?oc=5\" target=\"_blank\" rel=\"nofollow noopener\">Har du alt i boks f\u00f8r Vinmonopolet avvikler sine normale \u00e5pningstider?<\/a>&nbsp;&nbsp;Gl\u00e5mdalen<\/li>\n<\/ol>\n","protected":false},"excerpt":{"rendered":"Nyheter, \u00d8yer | Her satte de rekord&nbsp;&nbsp;Gudbrandsd\u00f8len Dagningen Stadig flere velger alkoholfritt: \u2013 Betydelig \u00f8kning&nbsp;&nbsp;Tr\u00f8nder-Avisa N\u00e5r har Vinmonopolet&hellip;\n","protected":false},"author":2,"featured_media":120536,"comment_status":"","ping_status":"","sticky":false,"template":"","format":"standard","meta":{"footnotes":""},"categories":[10],"tags":[20,21,24,25,15,22,23,13,30,28,29,14,16,26,27],"class_list":{"0":"post-120535","1":"post","2":"type-post","3":"status-publish","4":"format-standard","5":"has-post-thumbnail","7":"category-norge","8":"tag-breaking-news","9":"tag-breakingnews","10":"tag-featured-news","11":"tag-featurednews","12":"tag-headlines","13":"tag-latest-news","14":"tag-latestnews","15":"tag-news","16":"tag-no","17":"tag-norge","18":"tag-norway","19":"tag-nyheter","20":"tag-overskrifter","21":"tag-top-stories","22":"tag-topstories"},"share_on_mastodon":{"url":"https:\/\/pubeurope.com\/@no\/115769958908772456","error":""},"_links":{"self":[{"href":"https:\/\/www.europesays.com\/no\/wp-json\/wp\/v2\/posts\/120535","targetHints":{"allow":["GET"]}}],"collection":[{"href":"https:\/\/www.europesays.com\/no\/wp-json\/wp\/v2\/posts"}],"about":[{"href":"https:\/\/www.europesays.com\/no\/wp-json\/wp\/v2\/types\/post"}],"author":[{"embeddable":true,"href":"https:\/\/www.europesays.com\/no\/wp-json\/wp\/v2\/users\/2"}],"replies":[{"embeddable":true,"href":"https:\/\/www.europesays.com\/no\/wp-json\/wp\/v2\/comments?post=120535"}],"version-history":[{"count":0,"href":"https:\/\/www.europesays.com\/no\/wp-json\/wp\/v2\/posts\/120535\/revisions"}],"wp:featuredmedia":[{"embeddable":true,"href":"https:\/\/www.europesays.com\/no\/wp-json\/wp\/v2\/media\/120536"}],"wp:attachment":[{"href":"https:\/\/www.europesays.com\/no\/wp-json\/wp\/v2\/media?parent=120535"}],"wp:term":[{"taxonomy":"category","embeddable":true,"href":"https:\/\/www.europesays.com\/no\/wp-json\/wp\/v2\/categories?post=120535"},{"taxonomy":"post_tag","embeddable":true,"href":"https:\/\/www.europesays.com\/no\/wp-json\/wp\/v2\/tags?post=120535"}],"curies":[{"name":"wp","href":"https:\/\/api.w.org\/{rel}","templated":true}]}}