{"id":120537,"date":"2025-12-23T17:08:15","date_gmt":"2025-12-23T17:08:15","guid":{"rendered":"https:\/\/www.europesays.com\/no\/120537\/"},"modified":"2025-12-23T17:08:15","modified_gmt":"2025-12-23T17:08:15","slug":"det-er-tungt-og-vanskelig","status":"publish","type":"post","link":"https:\/\/www.europesays.com\/no\/120537\/","title":{"rendered":"&#8211; Det er tungt og vanskelig"},"content":{"rendered":"<p class=\"kicker t20\" style=\"\">Aurora Gude:<\/p>\n<p>  For Aurora Gude byr juletida p\u00e5 b\u00e5de sorg og savn.<\/p>\n<p>\n    T\u00d8FT: H\u00f8ytida byr p\u00e5 savn for influenser og reality-deltaker Aurora Gude. Foto: Tore Skaar\n  <\/p>\n<p>Influenser Aurora Gude er \u00e9n av mange nordmenn med et anstrengt forhold til jula. N\u00e5r julestria st\u00e5r p\u00e5 for fullt kan vonde minner fort blusse opp.<\/p>\n<p>    <a itemprop=\"url\" href=\"https:\/\/www.seher.no\/kjendis\/bekrefter-brudd\/83752800\" rel=\"nofollow noopener\" target=\"_blank\"><\/p>\n<p>        <img loading=\"lazy\" decoding=\"async\" src=\"https:\/\/www.europesays.com\/no\/wp-content\/uploads\/2025\/12\/83752808.webp\" width=\"980\" height=\"441\" title=\"Bekrefter brudd\" alt=\"\" class=\"lazyload\" style=\"--aspect-ratio-image: 2.22; \"\/><\/p>\n<p>        Bekrefter brudd<\/p>\n<p>    <\/a><\/p>\n<p>&#8211; Jeg syns det er vanskelig, fordi det er s\u00e5 mye f\u00f8lelser, forteller Gude til Dagbladet.<\/p>\n<p>        <img loading=\"lazy\" decoding=\"async\" src=\"https:\/\/www.europesays.com\/no\/wp-content\/uploads\/2025\/12\/83443016.webp\" width=\"980\" height=\"559\" title=\"JULESORG: Aurora Gude kjenner spesielt p\u00e5 savnet etter faren sin i jula. Foto: Stian Lysberg Solum \/ NTB\" alt=\"\" class=\"\" style=\"--aspect-ratio-image: 1.75; \"\/><\/p>\n<p>\n        JULESORG: Aurora Gude kjenner spesielt p\u00e5 savnet etter faren sin i jula. Foto: Stian Lysberg Solum \/ NTB\n    <\/p>\n<p>Hun forteller at julesorgen inntraff for fullt midt i desember da hun skulle p\u00e5 butikken, og gikk forbi et barnekor som sang under en julegrantenning.<\/p>\n<p>        Det er finale i \u00abNorges dummeste\u00bb, finalistene er Aurora Gude og Mayoo Indiran, og det er sv\u00e6rt jevnt.<\/p>\n<p>&#8211; Alle barndomsminnene flommet opp. De sto og sang en julesang som jeg ogs\u00e5 sang, med lykt i henda, n\u00e5r jeg var liten og pappa var syk, forteller hun og utdyper:<\/p>\n<p>    <a itemprop=\"url\" href=\"https:\/\/www.seher.no\/kjendis\/det-var-et-mareritt\/83455660\" rel=\"nofollow noopener\" target=\"_blank\"><\/p>\n<p>        <img loading=\"lazy\" decoding=\"async\" src=\"https:\/\/www.europesays.com\/no\/wp-content\/uploads\/2025\/12\/83456245.webp\" width=\"980\" height=\"441\" title=\"- Det var et mareritt\" alt=\"\" class=\"lazyload\" style=\"--aspect-ratio-image: 2.22; \"\/><\/p>\n<p>        &#8211; Det var et mareritt<\/p>\n<p>    <\/a><\/p>\n<p>&#8211; Det er tungt og vanskelig.<\/p>\n<p>Gude mistet faren sin til lungekreft da hun bare var ti \u00e5r gammel. For to \u00e5r siden fortalte hun at faren var veldig syk den siste jula han var i live, og at savnet derfor ble ekstra s\u00e5rt under h\u00f8ytida:<\/p>\n<p>        <img loading=\"lazy\" decoding=\"async\" src=\"https:\/\/www.europesays.com\/no\/wp-content\/uploads\/2025\/12\/81011252.webp\" width=\"667\" height=\"554\" title=\"HUNDEMAMMA: Aurora Gude har ikke egne barn, men hun er mor til disse tre sm\u00e5 hundene. Foto: Tore Skaar\" alt=\"\" class=\"\" style=\"--aspect-ratio-image: 1.20; \"\/><\/p>\n<p>\n        HUNDEMAMMA: Aurora Gude har ikke egne barn, men hun er mor til disse tre sm\u00e5 hundene. Foto: Tore Skaar\n    <\/p>\n<p>&#8211; Faren min var en person som alltid gjorde alt han kunne for \u00e5 gj\u00f8re h\u00f8ytida spesiell. Han bygde opp spenningen og stemningen hver eneste dag f\u00f8r jul, og tok oss med aking, julegrantenning, julegavehandel, ga oss hundre gaver under treet og snakket om fyrverkeriet til nytt\u00e5r i flere uker f\u00f8r. Lista er uendelig. <\/p>\n<p>Samtidig s\u00e5 signaliserer jula ogs\u00e5 h\u00e5p, kj\u00e6rlighet og tro, understreker Gude:<\/p>\n<p>        BISARR FORBI: Aurora Gude og Grunde Myhrer er med i \u00abDr\u00f8mmehytta\u00bb, og der avsl\u00f8rer Aurora at hun har en bisarr fobi. Video: TV 2<\/p>\n<p>&#8211; Det m\u00e5 jeg bare omfavne. Alt stammer jo fra kj\u00e6rlighet. Savn og sorg er jo ogs\u00e5 kj\u00e6rlighet.<\/p>\n<p>    <a itemprop=\"url\" href=\"https:\/\/www.seher.no\/kjendis\/roper-detaljer-jeg-er-livredd\/81976511\" rel=\"nofollow noopener\" target=\"_blank\"><\/p>\n<p>        <img loading=\"lazy\" decoding=\"async\" src=\"https:\/\/www.europesays.com\/no\/wp-content\/uploads\/2025\/12\/81976538.webp\" width=\"980\" height=\"441\" title=\"R\u00f8per detaljer: - Jeg er livredd\" alt=\"\" class=\"lazyload\" style=\"--aspect-ratio-image: 2.22; \"\/><\/p>\n<p>        R\u00f8per detaljer: &#8211; Jeg er livredd<\/p>\n<p>    <\/a><\/p>\n<p>Hun forteller at hun lett kan kjenne p\u00e5 ensomhet. Sp\u00f8rsm\u00e5l som \u00abhvorfor har ingen ringt meg?\u00bb kan lett dukke opp i jula. Derfor tenker hun at det er viktig \u00e5 ta initiativ og ansvar selv, for \u00e5 f\u00e5 en fin h\u00f8ytid.<\/p>\n","protected":false},"excerpt":{"rendered":"Aurora Gude: For Aurora Gude byr juletida p\u00e5 b\u00e5de sorg og savn. T\u00d8FT: H\u00f8ytida byr p\u00e5 savn for&hellip;\n","protected":false},"author":2,"featured_media":120538,"comment_status":"","ping_status":"","sticky":false,"template":"","format":"standard","meta":{"footnotes":""},"categories":[10],"tags":[20,21,24,25,15,479,22,23,13,30,28,29,14,16,26,27],"class_list":{"0":"post-120537","1":"post","2":"type-post","3":"status-publish","4":"format-standard","5":"has-post-thumbnail","7":"category-norge","8":"tag-breaking-news","9":"tag-breakingnews","10":"tag-featured-news","11":"tag-featurednews","12":"tag-headlines","13":"tag-kjendis","14":"tag-latest-news","15":"tag-latestnews","16":"tag-news","17":"tag-no","18":"tag-norge","19":"tag-norway","20":"tag-nyheter","21":"tag-overskrifter","22":"tag-top-stories","23":"tag-topstories"},"share_on_mastodon":{"url":"https:\/\/pubeurope.com\/@no\/115769986848578348","error":""},"_links":{"self":[{"href":"https:\/\/www.europesays.com\/no\/wp-json\/wp\/v2\/posts\/120537","targetHints":{"allow":["GET"]}}],"collection":[{"href":"https:\/\/www.europesays.com\/no\/wp-json\/wp\/v2\/posts"}],"about":[{"href":"https:\/\/www.europesays.com\/no\/wp-json\/wp\/v2\/types\/post"}],"author":[{"embeddable":true,"href":"https:\/\/www.europesays.com\/no\/wp-json\/wp\/v2\/users\/2"}],"replies":[{"embeddable":true,"href":"https:\/\/www.europesays.com\/no\/wp-json\/wp\/v2\/comments?post=120537"}],"version-history":[{"count":0,"href":"https:\/\/www.europesays.com\/no\/wp-json\/wp\/v2\/posts\/120537\/revisions"}],"wp:featuredmedia":[{"embeddable":true,"href":"https:\/\/www.europesays.com\/no\/wp-json\/wp\/v2\/media\/120538"}],"wp:attachment":[{"href":"https:\/\/www.europesays.com\/no\/wp-json\/wp\/v2\/media?parent=120537"}],"wp:term":[{"taxonomy":"category","embeddable":true,"href":"https:\/\/www.europesays.com\/no\/wp-json\/wp\/v2\/categories?post=120537"},{"taxonomy":"post_tag","embeddable":true,"href":"https:\/\/www.europesays.com\/no\/wp-json\/wp\/v2\/tags?post=120537"}],"curies":[{"name":"wp","href":"https:\/\/api.w.org\/{rel}","templated":true}]}}