{"id":120539,"date":"2025-12-23T17:14:11","date_gmt":"2025-12-23T17:14:11","guid":{"rendered":"https:\/\/www.europesays.com\/no\/120539\/"},"modified":"2025-12-23T17:14:11","modified_gmt":"2025-12-23T17:14:11","slug":"russell-brand-tiltalt-for-flere-voldtekter-og-overgrep","status":"publish","type":"post","link":"https:\/\/www.europesays.com\/no\/120539\/","title":{"rendered":"Russell Brand tiltalt for flere voldtekter og overgrep"},"content":{"rendered":"\n<p class=\"_lead_o9xde_2 _lead_xtcu6_50 layout-component text-serif-m layout-normal text-serif-l layout-component layout-wide layout-padded _wide_17hqh_1 layout-padded\">Den britiske komikeren og skuespilleren m\u00e5 m\u00f8te i retten i januar.<\/p>\n<p><img alt=\" Foto: ANDY RAIN \/ EPA \/ NTB\" class=\"_image_qp4xg_65 layout-component layout-wide\" data-fullscreen- data-track-element-type=\"Article image fullscreen\" data-track-name=\"ImageFullscreen\" fetchpriority=\"high\" decoding=\"sync\" loading=\"eager\" height=\"1448\" itemprop=\"image\"  src=\"https:\/\/www.europesays.com\/no\/wp-content\/uploads\/2025\/12\/905b72d4-9ca4-4500-a103-8a6c2f9d0f59\"  style=\"object-position:0% 0%\" width=\"2172\"\/> Foto: ANDY RAIN \/ EPA \/ NTB<\/p>\n<ul aria-hidden=\"true\" class=\"_images_ntbth_112\">\n<li><a class=\"_link_ntbth_117\" href=\"https:\/\/www.vg.no\/forfatter\/silje-kathrine-sviggum\" style=\"z-index:1\" title=\"Silje Kathrine Sviggum\" rel=\"nofollow noopener\" target=\"_blank\"><img alt=\"Bilde av Silje Kathrine Sviggum\" class=\"_image_ntbth_93\" fetchpriority=\"low\" loading=\"lazy\" decoding=\"async\" itemprop=\"image\"  src=\"https:\/\/www.europesays.com\/no\/wp-content\/uploads\/2025\/12\/1766510049_154_e676a608-6bb3-4134-98e2-0f7e4dee1ab7\"  width=\"480\"\/><\/a><\/li>\n<\/ul>\n<p> Oppdatert tirsdag 23. desember kl. 17:57     <\/p>\n<p class=\"_paragraph_o9xde_4 _paragraph_xtcu6_10 layout-component text-serif-m layout-normal text-serif-m layout-padded\">Den britiske komikeren og skuespilleren <a href=\"https:\/\/www.vg.no\/tag\/russell-brand?utm_source=vg-article&amp;utm_medium=auto-tagger&amp;utm_campaign=Pd9570\" class=\"_link_o9xde_39\" rel=\"nofollow noopener\" target=\"_blank\">Russell Brand<\/a> er tiltalt for ytterligere tilfeller av voldtekt og seksuelle overgrep, melder\u00a0<a href=\"https:\/\/news.sky.com\/story\/comedian-russell-brand-charged-with-further-counts-of-rape-and-sexual-assault-13487096\" class=\"_link_o9xde_39\" rel=\"nofollow noopener\" target=\"_blank\">Sky News<\/a>.<\/p>\n<p class=\"_paragraph_o9xde_4 _paragraph_xtcu6_10 layout-component text-serif-m layout-normal text-serif-m layout-padded\">De nye anklagene gjelder to kvinner og <a href=\"https:\/\/www.vg.no\/rampelys\/i\/Xj0q07\/russell-brand-er-i-retten-anklages-for-voldtekt\" data-track-element-type=\"Link\" data-track-id=\"link:Xj0q07\" class=\"_link_o9xde_39\" rel=\"nofollow noopener\" target=\"_blank\">kommer i tillegg til tiltalene som ble reist mot Brand i april<\/a>. Da ble han siktet for overgrep mot fire kvinner.<\/p>\n<p class=\"_paragraph_o9xde_4 _paragraph_xtcu6_10 layout-component text-serif-m layout-normal text-serif-m layout-padded\">Totalt er Brand n\u00e5 tiltalt for to tilfeller av voldtekt, ett tilfelle av uanstendig overgrep og to tilfeller av seksuelle overgrep.<\/p>\n<p class=\"_paragraph_o9xde_4 _paragraph_xtcu6_10 layout-component text-serif-m layout-normal text-serif-m layout-padded\">Brand har nektet straffskyld for de tidligere anklagene.<\/p>\n<p class=\"_paragraph_o9xde_4 _paragraph_xtcu6_10 layout-component text-serif-m layout-normal text-serif-m layout-padded\">Han skal m\u00f8te i Westminster Magistrates&#8217; Court 20. januar 2026 i forbindelse med de to nye anklagene.<\/p>\n<p class=\"_paragraph_o9xde_4 _paragraph_xtcu6_10 layout-component text-serif-m layout-normal text-serif-m layout-padded\">Fra f\u00f8r er Brand tiltalt for \u00e9n voldtekt, \u00e9n oral voldtekt, ett tilfelle av uanstendig oppf\u00f8rsel og ytterligere to tilfeller av seksuelle overgrep. Anklagene kommer fra fire forskjellige kvinner og skal ha funnet sted mellom 1999 og 2005.<\/p>\n<p class=\"_paragraph_o9xde_4 _paragraph_xtcu6_10 layout-component text-serif-m layout-normal text-serif-m layout-padded\">Briten har tidligere uttalt til sine 11,2 millioner f\u00f8lgere p\u00e5\u00a0<a href=\"https:\/\/x.com\/rustyrockets\/status\/1908184087304548484\" class=\"_link_o9xde_39\" rel=\"nofollow\">X<\/a>\u00a0at han ser frem til muligheten til \u00e5 bevise sin uskyld.<\/p>\n<p class=\"_paragraph_o9xde_4 _paragraph_xtcu6_10 layout-component text-serif-m layout-normal text-serif-m layout-padded\">De f\u00f8rste anklagene mot Brand kom etter en etterforskning gjennomf\u00f8rt av Channel 4 og avisen Sunday Times.<\/p>\n<p class=\"_paragraph_o9xde_4 _paragraph_xtcu6_10 layout-component text-serif-m layout-normal text-serif-m layout-padded\">Rettssaken starter 3. juni 2026.<\/p>\n<p>    <img decoding=\"async\" alt=\"Tips oss illustrasjon\" src=\"https:\/\/www.europesays.com\/no\/wp-content\/uploads\/2025\/10\/pssst-small.webp.webp\"\/>    <\/p>\n<p class=\"title-serif-s\">Har du tips?<\/p>\n<p class=\"text-sans-m\">Send oss informasjon, bilder eller video.<\/p>\n<p>  <a href=\"https:\/\/www.vg.no\/tips-oss\" rel=\"nofollow noopener\" target=\"_blank\"> Tips oss <\/a>      <\/p>\n","protected":false},"excerpt":{"rendered":"Den britiske komikeren og skuespilleren m\u00e5 m\u00f8te i retten i januar. Foto: ANDY RAIN \/ EPA \/ NTB&hellip;\n","protected":false},"author":2,"featured_media":120540,"comment_status":"","ping_status":"","sticky":false,"template":"","format":"standard","meta":{"footnotes":""},"categories":[12],"tags":[31,20,21,24,25,15,22,23,13,30,28,29,14,16,11002,3103,26,27,42,43,44,45],"class_list":{"0":"post-120539","1":"post","2":"type-post","3":"status-publish","4":"format-standard","5":"has-post-thumbnail","7":"category-verden","8":"tag-breaking","9":"tag-breaking-news","10":"tag-breakingnews","11":"tag-featured-news","12":"tag-featurednews","13":"tag-headlines","14":"tag-latest-news","15":"tag-latestnews","16":"tag-news","17":"tag-no","18":"tag-norge","19":"tag-norway","20":"tag-nyheter","21":"tag-overskrifter","22":"tag-russell-brand","23":"tag-seksuelle-overgrep","24":"tag-top-stories","25":"tag-topstories","26":"tag-verden","27":"tag-world","28":"tag-world-news","29":"tag-worldnews"},"share_on_mastodon":{"url":"https:\/\/pubeurope.com\/@no\/115770010346689411","error":""},"_links":{"self":[{"href":"https:\/\/www.europesays.com\/no\/wp-json\/wp\/v2\/posts\/120539","targetHints":{"allow":["GET"]}}],"collection":[{"href":"https:\/\/www.europesays.com\/no\/wp-json\/wp\/v2\/posts"}],"about":[{"href":"https:\/\/www.europesays.com\/no\/wp-json\/wp\/v2\/types\/post"}],"author":[{"embeddable":true,"href":"https:\/\/www.europesays.com\/no\/wp-json\/wp\/v2\/users\/2"}],"replies":[{"embeddable":true,"href":"https:\/\/www.europesays.com\/no\/wp-json\/wp\/v2\/comments?post=120539"}],"version-history":[{"count":0,"href":"https:\/\/www.europesays.com\/no\/wp-json\/wp\/v2\/posts\/120539\/revisions"}],"wp:featuredmedia":[{"embeddable":true,"href":"https:\/\/www.europesays.com\/no\/wp-json\/wp\/v2\/media\/120540"}],"wp:attachment":[{"href":"https:\/\/www.europesays.com\/no\/wp-json\/wp\/v2\/media?parent=120539"}],"wp:term":[{"taxonomy":"category","embeddable":true,"href":"https:\/\/www.europesays.com\/no\/wp-json\/wp\/v2\/categories?post=120539"},{"taxonomy":"post_tag","embeddable":true,"href":"https:\/\/www.europesays.com\/no\/wp-json\/wp\/v2\/tags?post=120539"}],"curies":[{"name":"wp","href":"https:\/\/api.w.org\/{rel}","templated":true}]}}