{"id":120541,"date":"2025-12-23T17:15:25","date_gmt":"2025-12-23T17:15:25","guid":{"rendered":"https:\/\/www.europesays.com\/no\/120541\/"},"modified":"2025-12-23T17:15:25","modified_gmt":"2025-12-23T17:15:25","slug":"ma-i-fengsel-for-trusler-mot-sno-ansatt-man-foler-seg-egentlig-litt-rettslos-nrk-sapmi","status":"publish","type":"post","link":"https:\/\/www.europesays.com\/no\/120541\/","title":{"rendered":"M\u00e5 i fengsel for trusler mot SNO-ansatt: \u2013 Man f\u00f8ler seg egentlig litt rettsl\u00f8s \u2013 NRK S\u00e1pmi"},"content":{"rendered":"<p>Bakgrunnen for saken:<\/p>\n<p>Reineier Kjell Arne Brandsfjell fra Tr\u00f8ndelag er i Frostating lagmannsrett d\u00f8mt til 18 dagers ubetinget fengsel for trusler mot en ansatt i Statens naturoppsyn (SNO).<\/p>\n<ul>\n<li><strong>Hendelsen: <\/strong>Episoden fant sted p\u00e5 en parkeringsplass i april, da SNO var p\u00e5 vei for \u00e5 utf\u00f8re kontroller i et omr\u00e5de hvor reineieren hadde flokken sin. Bakgrunnen for kontrollene var mistanke om ulovlig felling av rovdyr.<\/li>\n<li><strong>\u00c5rsaken til konflikten:<\/strong> Brandsfjell forklarte i retten at han var sv\u00e6rt frustrert over en kontroll uken i forveien. Han hevdet at SNO-ansatte da hadde kj\u00f8rt inn i reinflokken og skremt dyrene p\u00e5 vidvanke, noe som f\u00f8rte til stort merarbeid og belastning for dyrene i en s\u00e5rbar periode.<\/li>\n<li><strong>Dommen: <\/strong>Retten fant det bevist at Brandsfjell kom med uttalelser som \u00abhvis dere ikke lar v\u00e6re \u00e5 dra inn dit, s\u00e5 kommer dere ikke ned igjen\u00bb. Lagmannsretten vurderte dette som en trussel for \u00e5 hindre en offentlig tjenestehandling.<\/li>\n<li><strong>Uenighet om troverdighet:<\/strong> Brandsfjell nekter for \u00e5 ha kommet med truslene, og hans forsvarer har kritisert at retten legger avgj\u00f8rende vekt p\u00e5 tjenestepersonens forklaring i saker uten vitner.<\/li>\n<li><strong>Strengere enn p\u00e5standen:<\/strong> Dommen p\u00e5 18 dagers ubetinget fengsel var strengere enn aktors p\u00e5stand, som var betinget fengsel og bot. Retten begrunnet dette med at hovedregelen for trusler mot offentlige tjenestepersoner skal v\u00e6re ubetinget fengsel.<\/li>\n<\/ul>\n<p>Denne oppsummeringen er utarbeidet ved hjelp av kunstig intelligens (KI) og kvalitetssikret av redaksjonen.<\/p>\n<p>Reineier Kjell Arne Brandsfjell avviser at han har kommet med trusler. Han mener hele saken bygger p\u00e5 en spr\u00e5klig misforst\u00e5else.<\/p>\n<p><strong>\u2013 Det st\u00e5r i dommen at han har f\u00f8lt seg drapstruet, men jeg har ikke rettet noen drapstrusler mot ham i det hele tatt. Han har misforst\u00e5tt b\u00e5de ordlyden og dialekten, sier Brandsfjell til NRK.<\/strong><\/p>\n<p>Bakgrunnen for det hele var en hendelse uken f\u00f8r konfrontasjonen.<\/p>\n<p>Brandsfjell hevder at SNOs kj\u00f8ring i omr\u00e5det f\u00f8rte til at reinflokken ble skremt, noe som igjen f\u00f8rte til at dyrene havnet p\u00e5 feil sted og blandet seg med en annen flokk.<\/p>\n<p>Dette skal ha f\u00f8rt til en ukes ekstraarbeid for de ber\u00f8rte reineierne.<\/p>\n<p>Han mener dette p\u00e5f\u00f8rte dyrene un\u00f8dig belastning i en kritisk fase, og at det krevde store ressurser \u00e5 samle flokken igjen.<\/p>\n<p>Da han fikk beskjed om at SNO p\u00e5 nytt skulle inn i samme omr\u00e5de, ble han irritert.<\/p>\n<p>\u2013 N\u00e5r jeg blir irritert, prater jeg fort, og jeg prater dialekt, forklarer han.<\/p>\n<p><img decoding=\"async\"   src=\"data:image\/gif;base64,R0lGODlhAQABAIAAAAAAAP\/\/\/yH5BAEAAAAALAAAAAABAAEAAAIBRAA7\" loading=\"eager\" alt=\"Kjell Arne Brandsfjell\" title=\"Foto: Privat\"\/><\/p>\n<p class=\"\">Kjell Arne Brandsfjell h\u00f8rer til Saanti sijte &#8211; som omfatter deler av kommunene Stj\u00f8rdal, Mer\u00e5ker, Selbu og Tydal. <\/p>\n<p>Foto: Privat<\/p>\n<p>Brandsfjell reagerer p\u00e5 rettsprosessen og bevisf\u00f8rselen.<\/p>\n<p>Han peker p\u00e5 at hendelsen skjedde uten vitner, og at saken dermed ble st\u00e5ende som p\u00e5stand mot p\u00e5stand.<\/p>\n<p>\u2013 Det finnes ingen vitner til selve hendelsen. At de har brukt en annen SNO-ansatt som hovedvitne \u2013 en person som ikke engang var p\u00e5 plassen \u2013 er helt uforst\u00e5elig for meg.<\/p>\n<p>Han legger ikke skjul p\u00e5 at saken har v\u00e6rt en stor p\u00e5kjenning.<\/p>\n<p><strong>\u2013 Man f\u00f8ler seg egentlig litt rettsl\u00f8s.<\/strong><\/p>\n<p>Statens naturoppsyn (SNO)<\/p>\n<ul>\n<li>SNO har som oppgave \u00e5 drive naturoppsyn med hjemmel i lov om statlig naturoppsyn innenfor sitt oppsynsomr\u00e5de. Form\u00e5let er \u00e5 ivareta nasjonale milj\u00f8verdier og forebygge milj\u00f8kriminalitet.<\/li>\n<li>Mer konkret medf\u00f8rer dette kontroll av bestemmelsene gitt i friluftsloven, naturmangfoldloven, motorferdselloven, kulturminneloven, viltloven, laks- og innlandsfiskloven og deler av forurensningsloven.<\/li>\n<li>Oppsynet driver ogs\u00e5 veiledning og informasjon, samtidig som det kan drive skj\u00f8tsels-, registrerings- og dokumentasjonsarbeid.<\/li>\n<\/ul>\n<p>Kilde: miljodirektoratet.no<\/p>\n<p>SNO-direkt\u00f8r Morten Kj\u00f8rstad sier at offentlige tjenestemenn &#8211; slik som SNO-ansatte &#8211; utf\u00f8rer oppgaver p\u00e5 vegne av fellesskapet.<\/p>\n<p>\u2013 Settes det fram trusler for \u00e5 forhindre, eller gj\u00f8re s\u00e5nn at oppgavene som er tenkt gjort \u2013 ikke blir gjort, s\u00e5 er det jo alvorlig. Det er d\u00e9t retten har endt p\u00e5 ogs\u00e5, opplyser han.<\/p>\n<p><img decoding=\"async\"   src=\"data:image\/gif;base64,R0lGODlhAQABAIAAAAAAAP\/\/\/yH5BAEAAAAALAAAAAABAAEAAAIBRAA7\" loading=\"eager\" alt=\"Morten Kj\u00f8rstad er direkt\u00f8r i Statens Naturoppsyn.\" title=\"Foto: Geir Mogen\"\/><\/p>\n<p>Foto: Geir Mogen<\/p>\n<p>I tillegg sier han at SNO gj\u00f8r det de kan for \u00e5 unng\u00e5 un\u00f8dige forstyrrelser p\u00e5 dyrelivet n\u00e5r de ferdes ute i naturen.<\/p>\n<p><strong>\u2013 Om det er tamrein eller andre ville dyr, s\u00e5 er det alltid viktig for oss \u00e5 ikke bidra til un\u00f8dige forstyrrelser, forteller han.<\/strong><\/p>\n<p>Jussprofessor: \u2013 Dommen mangler kulturell kontekst<\/p>\n<p>Professor i rettsvitenskap \u00d8yvind Ravna mener det er grunn til \u00e5 stille sp\u00f8rsm\u00e5l ved b\u00e5de bevisvurderingen og den juridiske forst\u00e5elsen i saken.<\/p>\n<p>Han viser til at straffesaker bygger p\u00e5 prinsippet om fri bevisvurdering, der dommerne kan legge vekt p\u00e5 den forklaringen de finner mest troverdig.<\/p>\n<p>\u2013 Men dette legger ogs\u00e5 et stort ansvar p\u00e5 domstolen, sier Ravna.<\/p>\n<p>Han reagerer p\u00e5 at lagmannsretten i hovedsak har lagt avgj\u00f8rende vekt p\u00e5 forklaringen til SNO-tjenestemannen i en sak uten vitner.<\/p>\n<p><img decoding=\"async\"   src=\"data:image\/gif;base64,R0lGODlhAQABAIAAAAAAAP\/\/\/yH5BAEAAAAALAAAAAABAAEAAAIBRAA7\" loading=\"eager\" alt=\"\u00d8yvind Ravna - Professor i rettsvitenskap ved UiT\" title=\"Foto: Ingrid Elise Trosten \/ NRK\"\/><\/p>\n<p class=\"\">Professor i rettsvitenskap, \u00d8yvind Ravna, viser til Selbu-dommen og mener retten burde vurdert saken i en tydeligere spr\u00e5klig og kulturell kontekst.<\/p>\n<p>Foto: Ingrid Elise Trosten \/ NRK<\/p>\n<p>\u2013 Det er grunn til \u00e5 sp\u00f8rre om det da er bevist utover enhver rimelig tvil at det er fremsatt en straffbar trussel.<\/p>\n<p><strong>Ravna mener ogs\u00e5 at retten i for liten grad har vurdert ytringen i lys av spr\u00e5k og kultur.<\/strong><\/p>\n<p>\u2013 H\u00f8yesterett har i Selbu \u2013 dommen v\u00e6rt tydelig p\u00e5 at spr\u00e5klige og kulturelle forskjeller mellom samer og ikke-samer kan f\u00f8re til misforst\u00e5elser. Etter mitt syn er denne l\u00e6resetningen ikke tilstrekkelig tatt hensyn til her.<\/p>\n<p>Han mener det som ble oppfattet som en trussel, ogs\u00e5 kan forst\u00e5s som et uttrykk for frustrasjon over at reinflokken ble forstyrret i en s\u00e5rbar periode.<\/p>\n<p>\u2013 Det er gode grunner til \u00e5 stille sp\u00f8rsm\u00e5l ved om denne ytringen faktisk overskrider terskelen for straff, og dermed ogs\u00e5 om det er grunn til \u00e5 m\u00e5le ut straff, sier Ravna.<\/p>\n<p>Mye frustrasjon<\/p>\n<p>Brandsfjell forteller at reindriftsn\u00e6ringen og SNO har hatt et godt samarbeid f\u00f8r.<\/p>\n<p>Han legger til at SNO tidligere har v\u00e6rt flinke \u00e5 varsle ifra og sp\u00f8rre om hvor reinflokken befinner seg.<\/p>\n<p>Men han opplever at noe har endret seg de siste \u00e5rene.<\/p>\n<p><strong>\u2013 N\u00e5 h\u00f8rer vi jo ingenting. Plutselig er de bare der. De kommer jo bare durende og kj\u00f8rer i ett \u2013 rett gjennom reinflokkene som g\u00e5r rolig p\u00e5 vinteren og beiter.<\/strong><\/p>\n<p>\u2013 Det har kommet frem at SNO har mistanke om ulovlig jakt p\u00e5 rovdyr, har du en kommentar til det? <\/p>\n<p>\u2013 Ja det er jo det de sier. Jeg vet ikke noe om det. Men vi har rovdyr, ja. Vi kj\u00f8rer jo og f\u00e5r dem ut fra omr\u00e5det. Men at SNO skal kj\u00f8re inn i reinflokkene som g\u00e5r rolig \u2013 alts\u00e5 en oppeg\u00e5ende person forst\u00e5r jo at det ikke er rovdyr inni en flokk som er rolig.<\/p>\n<p><img decoding=\"async\"   src=\"data:image\/gif;base64,R0lGODlhAQABAIAAAAAAAP\/\/\/yH5BAEAAAAALAAAAAABAAEAAAIBRAA7\" loading=\"eager\" alt=\"Kjell arne Brandsfjell\" title=\"Foto: Privat\"\/><\/p>\n<p class=\"\">Kjell Arne Brandsfjell mener at man ikke b\u00f8r v\u00e6re oppsynsmann i SNO om man ikke vet hvordan man skal oppf\u00f8re seg i reinbeiteomr\u00e5der. <\/p>\n<p>Foto: Privat<\/p>\n<p>Han opplever det som at oppsynsmennene ikke har kunnskap om hvordan te seg i omr\u00e5der med tamrein.<\/p>\n<p>\u2013 De har ikke kompetanse i det hele tatt, sier han.<\/p>\n<p>Og forklarer p\u00e5standen med at SNO ikke tar hensyn til dyrene.<\/p>\n<p>\u2013 Ikke engang vi f\u00e5r dure inn i omr\u00e5det blant rein.<\/p>\n<p>\u2013 <strong>Vi f\u00f8ler det jo som en trakassering av oss. Det nytter ikke \u00e5 f\u00e5 til noe samarbeid med dem, sier han.<\/strong><\/p>\n<p><img decoding=\"async\"   src=\"data:image\/gif;base64,R0lGODlhAQABAIAAAAAAAP\/\/\/yH5BAEAAAAALAAAAAABAAEAAAIBRAA7\" loading=\"eager\" alt=\"Arne Inge Nordfjell ved flokken\" title=\"Foto: Arne Inge Nordfjell\"\/><\/p>\n<p class=\"\">Bilde fra vinterbeitet.<\/p>\n<p>Foto: Arne Inge Nordfjell<\/p>\n<p>Opplever ikke stor konflikt<\/p>\n<p>\u2013 Jeg deler jo ikke den oppfatningen, sier SNO-direkt\u00f8r Kj\u00f8rstad.<\/p>\n<p>Han er heller ikke enig i at SNO ikke har god nok kompetanse n\u00e5r de ferdes ute i naturen.<\/p>\n<p>\u2013 De som jobber hos oss er h\u00f8yt utdannet. Alle har god kompetanse p\u00e5 norsk natur. Vi har ogs\u00e5 flere ansatte som har samisk bakgrunn \u2013 det er mye kompetanse innenfor reindrift ogs\u00e5. S\u00e5 det er ikke en beskrivelse jeg er enig i.<\/p>\n<p><img decoding=\"async\"   src=\"data:image\/gif;base64,R0lGODlhAQABAIAAAAAAAP\/\/\/yH5BAEAAAAALAAAAAABAAEAAAIBRAA7\" loading=\"eager\" alt=\"Morten Kj\u00f8rstad, direkt\u00f8r i Statens Naturoppsyn (SNO)\" title=\"Foto: J\u00f8te Toftaker\"\/><\/p>\n<p>Foto: J\u00f8te Toftaker<\/p>\n<p>\u2013 B\u00e5de i sosiale medier og Frostating lagmannsretts dom kommer det frem at det har v\u00e6rt konflikt mellom Statens naturoppsyn og reineiere i omr\u00e5det. Hvordan ser dere p\u00e5 det?<\/p>\n<p>\u2013 Jeg kjenner ikke igjen den der beskrivelsen av situasjonen. Statens naturoppsyn har jo ansvar for \u00e5 utf\u00f8re en rekke oppgaver som er veldig positive, ogs\u00e5 for reindrifta. For eksempel \u00e5 registrere hvor mye rovdyr som finnes i omr\u00e5der og \u00e5 dokumentere skade som rovdyr gj\u00f8r, som har direkte betydning for erstatning.<\/p>\n<p>Kj\u00f8rstad fortsetter:<\/p>\n<p><strong>\u2013 At det kan v\u00e6re uenigheter innimellom vil jo kunne skje, absolutt. Men jeg opplever ikke at man har noen stor konflikt.<\/strong><\/p>\n<p>Men hvis det faktisk er en konflikt, er Kj\u00f8rstad klar p\u00e5 en ting:<\/p>\n<p>\u2013 I s\u00e5 tilfelle f\u00e5r vi pr\u00f8ve \u00e5 finne ut hva det handler om og pr\u00f8ve \u00e5 f\u00e5 til en dialog. Vi \u00f8nsker ikke konflikter, og det tviler jeg p\u00e5 at andre \u00f8nsker heller. De f\u00e6rreste \u00f8nsker \u00e5 ha konflikter g\u00e5ende.<\/p>\n<p>\u2013 Nekter \u00e5 h\u00f8re p\u00e5 oss<\/p>\n<p>Reineier Arne Inge Nordfjell er derimot enig med Kjell Arne Brandsfjell.<\/p>\n<p>Selv er han fra G\u00e5ebrien sijte, mens Brandsfjell er fra Saanti sijte.<\/p>\n<p>De har samme reinbeitedistrikt gjennom vinteren, og er dermed i samme distrikt fra sn\u00f8en kommer.<\/p>\n<p><img decoding=\"async\"   src=\"data:image\/gif;base64,R0lGODlhAQABAIAAAAAAAP\/\/\/yH5BAEAAAAALAAAAAABAAEAAAIBRAA7\" loading=\"eager\" alt=\"Arne Inge Nordfjell\" title=\"Foto: Arne Inge Nordfjell\"\/><\/p>\n<p class=\"\">Reineier Arne Inge Nordfjell mener SNO m\u00e5 begynne \u00e5 lytte til reineierne. \u2013 Vi kan ikke ha trafikk inne i omr\u00e5det der reinen skal g\u00e5 i fred og spor p\u00e5 feil plasser.<\/p>\n<p>Foto: Arne Inge Nordfjell<\/p>\n<p>Han f\u00f8ler p\u00e5 den samme frustrasjonen som Brandsfjell.<\/p>\n<p>\u2013 Det kunne ha v\u00e6rt hvem som helst av oss som havnet i en s\u00e5nn situasjon, at det ble Kjell Arne var tilfeldig.<\/p>\n<p>Han er ikke enig med SNO-direkt\u00f8r, Morten Kj\u00f8rstad, om at dette ikke er noen stor konflikt.<\/p>\n<p>\u2013 Det er absolutt en konflikt, n\u00e5r SNO nekter \u00e5 h\u00f8re p\u00e5 oss. De viser ikke hensyn, og kj\u00f8rer inn i omr\u00e5det der reinen g\u00e5r. Det er jo tungt b\u00e5de fysisk og psykisk.<\/p>\n<p>Han forklarer at reineiere opplever mye stress grunnet SNO.<\/p>\n<p>\u2013 Det virker jo som de omtrent pr\u00f8ver \u00e5 fotf\u00f8lge oss, for \u00e5 finne et eller annet \u00e5 ta oss p\u00e5. Det har blitt s\u00e5nn de siste \u00e5rene, legger han til.<\/p>\n<p><strong>SNO-direkt\u00f8r Kj\u00f8rstad svarer at Statens naturoppsyn ikke driver med forf\u00f8lgelse, og at SNO har naturen som sin arbeidsplass de ogs\u00e5.<\/strong><\/p>\n<p>\u2013 Det er jo der vi har alle v\u00e5re oppgaver i v\u00e5rt samfunnsoppdrag. Det har jo ogs\u00e5 reindriftsn\u00e6ringa. S\u00e5nn at da vil man jo selvf\u00f8lgelig v\u00e6re i de samme omr\u00e5dene. Men det er overhodet ikke snakk om \u00e5 forf\u00f8lge noen, eller \u00e5 v\u00e6re ute etter \u00e5 ta noen. Vi gj\u00f8r v\u00e5r jobb p\u00e5 s\u00e5 bra vi kan, og arbeidsplassen er naturen, opplyser han.<\/p>\n<p>Kjell Arne Brandsfjell \u00f8nsker forel\u00f8pig ikke \u00e5 svare p\u00e5 om han vil anke dommen eller ikke.<\/p>\n<p>Publisert<\/p>\n<p>23.12.2025, kl. 11.59<\/p>\n","protected":false},"excerpt":{"rendered":"Bakgrunnen for saken: Reineier Kjell Arne Brandsfjell fra Tr\u00f8ndelag er i Frostating lagmannsrett d\u00f8mt til 18 dagers ubetinget&hellip;\n","protected":false},"author":2,"featured_media":120542,"comment_status":"","ping_status":"","sticky":false,"template":"","format":"standard","meta":{"footnotes":""},"categories":[10],"tags":[20,21,24,25,15,22,23,13,30,28,29,14,16,26,27],"class_list":{"0":"post-120541","1":"post","2":"type-post","3":"status-publish","4":"format-standard","5":"has-post-thumbnail","7":"category-norge","8":"tag-breaking-news","9":"tag-breakingnews","10":"tag-featured-news","11":"tag-featurednews","12":"tag-headlines","13":"tag-latest-news","14":"tag-latestnews","15":"tag-news","16":"tag-no","17":"tag-norge","18":"tag-norway","19":"tag-nyheter","20":"tag-overskrifter","21":"tag-top-stories","22":"tag-topstories"},"share_on_mastodon":{"url":"https:\/\/pubeurope.com\/@no\/115770013950177795","error":""},"_links":{"self":[{"href":"https:\/\/www.europesays.com\/no\/wp-json\/wp\/v2\/posts\/120541","targetHints":{"allow":["GET"]}}],"collection":[{"href":"https:\/\/www.europesays.com\/no\/wp-json\/wp\/v2\/posts"}],"about":[{"href":"https:\/\/www.europesays.com\/no\/wp-json\/wp\/v2\/types\/post"}],"author":[{"embeddable":true,"href":"https:\/\/www.europesays.com\/no\/wp-json\/wp\/v2\/users\/2"}],"replies":[{"embeddable":true,"href":"https:\/\/www.europesays.com\/no\/wp-json\/wp\/v2\/comments?post=120541"}],"version-history":[{"count":0,"href":"https:\/\/www.europesays.com\/no\/wp-json\/wp\/v2\/posts\/120541\/revisions"}],"wp:featuredmedia":[{"embeddable":true,"href":"https:\/\/www.europesays.com\/no\/wp-json\/wp\/v2\/media\/120542"}],"wp:attachment":[{"href":"https:\/\/www.europesays.com\/no\/wp-json\/wp\/v2\/media?parent=120541"}],"wp:term":[{"taxonomy":"category","embeddable":true,"href":"https:\/\/www.europesays.com\/no\/wp-json\/wp\/v2\/categories?post=120541"},{"taxonomy":"post_tag","embeddable":true,"href":"https:\/\/www.europesays.com\/no\/wp-json\/wp\/v2\/tags?post=120541"}],"curies":[{"name":"wp","href":"https:\/\/api.w.org\/{rel}","templated":true}]}}