{"id":120562,"date":"2025-12-23T17:47:18","date_gmt":"2025-12-23T17:47:18","guid":{"rendered":"https:\/\/www.europesays.com\/no\/120562\/"},"modified":"2025-12-23T17:47:18","modified_gmt":"2025-12-23T17:47:18","slug":"store-strombrudd-i-ukraina-etter-massivt-angrep-firearing-drept","status":"publish","type":"post","link":"https:\/\/www.europesays.com\/no\/120562\/","title":{"rendered":"Store str\u00f8mbrudd i Ukraina etter massivt angrep \u2013 fire\u00e5ring drept"},"content":{"rendered":"\n<p class=\"_lead_o9xde_2 _lead_xtcu6_50 layout-component text-serif-m layout-normal text-serif-l layout-component layout-wide layout-padded _wide_17hqh_1 layout-padded\">Bare \u00e9n dag f\u00f8r julaften har Russland igjen gjennomf\u00f8rt et massivt angrep mot Ukrainas energianlegg, og mange hjem er n\u00e5 uten str\u00f8m. <\/p>\n<p><img alt=\"En brannmann pr\u00f8ver \u00e5 slukke en brann etter det russiske angrepet.  Foto: Ukrainian Emergency Service \/ AP \/ NTB\" class=\"_image_qp4xg_65 layout-component layout-wide\" data-fullscreen- data-track-element-type=\"Article image fullscreen\" data-track-name=\"ImageFullscreen\" fetchpriority=\"high\" decoding=\"sync\" loading=\"eager\" height=\"853\" itemprop=\"image\"  src=\"https:\/\/www.europesays.com\/no\/wp-content\/uploads\/2025\/12\/600eb719-8f5f-47cd-91e4-2d8c4b78b045\"  style=\"object-position:0% 0%\" width=\"1280\"\/>En brannmann pr\u00f8ver \u00e5 slukke en brann etter det russiske angrepet.  Foto: Ukrainian Emergency Service \/ AP \/ NTB<\/p>\n<ul aria-hidden=\"true\" class=\"_images_ntbth_112\">\n<li><a class=\"_link_ntbth_117\" href=\"https:\/\/www.vg.no\/forfatter\/ntb\" style=\"z-index:1\" title=\"NTB\" rel=\"nofollow noopener\" target=\"_blank\"><img alt=\"Bilde av NTB\" class=\"_image_ntbth_93\" fetchpriority=\"low\" loading=\"lazy\" decoding=\"async\" itemprop=\"image\"  src=\"https:\/\/www.europesays.com\/no\/wp-content\/uploads\/2025\/12\/1766512037_582_c33980b0-5d07-4027-84a1-813f90a7c8d6\"  width=\"480\"\/><\/a><\/li>\n<\/ul>\n<p> Oppdatert tirsdag 23. desember kl. 13:16     <\/p>\n<p class=\"_paragraph_o9xde_4 _paragraph_xtcu6_10 layout-component text-serif-m layout-normal text-serif-m layout-padded\">I en rekke regioner ble str\u00f8mmen borte midt i vinterkulden, mens ukrainerne forbereder seg p\u00e5 julefeiring. Flere steder br\u00f8t det ut branner ved kraftanleggene.<\/p>\n<p class=\"_paragraph_o9xde_4 _paragraph_xtcu6_10 layout-component text-serif-m layout-normal text-serif-m layout-padded\">\u2013 Dette russiske angrepet sender et ekstremt klart signal om Russlands prioriteringer. Et angrep som gjennomf\u00f8res midt i forhandlinger der m\u00e5let er \u00e5 f\u00e5 slutt p\u00e5 krigen, skriver president Volodymyr Zelenskyj p\u00e5 meldingstjenesten Telegram tirsdag.<\/p>\n<p class=\"_paragraph_o9xde_4 _paragraph_xtcu6_10 layout-component text-serif-m layout-normal text-serif-m layout-padded\">\u2013 Et angrep f\u00f8r jul, n\u00e5r mennesker kun \u00f8nsker \u00e5 v\u00e6re sammen med familiene sine, hjemme og i trygghet, f\u00f8yer han til.<\/p>\n<p class=\"_paragraph_o9xde_4 _paragraph_xtcu6_10 layout-component text-serif-m layout-normal text-serif-m layout-padded\">Han ber ogs\u00e5 vestlige allierte om \u00e5 \u00f8ke presset p\u00e5 myndighetene i Moskva.<\/p>\n<p><img alt=\"Et bolighus ble skadet i det russiske angrepet.   Foto: Ukrainian Emergency Service \/ AP \/ NTB\" class=\"_image_qp4xg_65 layout-component layout-normal\" data-fullscreen- data-track-element-type=\"Article image fullscreen\" data-track-name=\"ImageFullscreen\" decoding=\"async\" loading=\"lazy\" height=\"960\" itemprop=\"image\"  src=\"https:\/\/www.europesays.com\/no\/wp-content\/uploads\/2025\/12\/0cff7653-007d-4c12-a6f7-9d5a936a9672\"  style=\"object-position:0% 0%\" width=\"1280\"\/>Et bolighus ble skadet i det russiske angrepet.   Foto: Ukrainian Emergency Service \/ AP \/ NTB<\/p>\n<p class=\"_paragraph_o9xde_4 _paragraph_xtcu6_10 layout-component text-serif-m layout-normal text-serif-m layout-padded\">I l\u00f8pet av natten sendte Russland over 600 droner og flere titall raketter mot ukrainske energianlegg, opplyser statsminister Julija Svyrydenko p\u00e5 Telegram.<\/p>\n<p class=\"_paragraph_o9xde_4 _paragraph_xtcu6_10 layout-component text-serif-m layout-normal text-serif-m layout-padded\">Hun skriver at kraftanleggene vest i landet er p\u00e5f\u00f8rt de st\u00f8rste skadene. Str\u00f8mbruddene rammet ogs\u00e5 hovedstaden Kyiv.<\/p>\n<p class=\"_paragraph_o9xde_4 _paragraph_xtcu6_10 layout-component text-serif-m layout-normal text-serif-m layout-padded\">Den vestlige delen av Ukraina grenser mot Polen og flere andre EU-land, og b\u00e5de polske og andre allierte lands kampfly ble sendt opp for \u00e5 beskytte polsk luftrom, opplyser den polske forsvarskommandoen p\u00e5 X.<\/p>\n<p class=\"_paragraph_o9xde_4 _paragraph_xtcu6_10 layout-component text-serif-m layout-normal text-serif-m layout-padded\">\u2013 Disse tiltakene er av forebyggende karakter og har som m\u00e5l \u00e5 sikre og beskytte luftrommet, spesielt i omr\u00e5der som grenser til de truede omr\u00e5dene, heter det i meldingen.<\/p>\n<p>Frykter angrep i julen<\/p>\n<p class=\"_paragraph_o9xde_4 _paragraph_xtcu6_10 layout-component text-serif-m layout-normal text-serif-m layout-padded\">Lokale myndigheter oppgir at \u00e9n person er drept i den vestlige regionen Khmelnytskyj og en annen utenfor Kyiv. Fire\u00e5ringen ble drept i regionen Zjytomyr sentralt i landet.<\/p>\n<p class=\"_paragraph_o9xde_4 _paragraph_xtcu6_10 layout-component text-serif-m layout-normal text-serif-m layout-padded\">De melder ogs\u00e5 at flere andre ble s\u00e5ret, deriblant barn.<\/p>\n<p class=\"_paragraph_o9xde_4 _paragraph_xtcu6_10 layout-component text-serif-m layout-normal text-serif-m layout-padded\">Ukrainas president Volodymyr Zelenskyj sa mandag at han regner med at Russland kommer til \u00e5 gjennomf\u00f8re omfattende angrep mot Ukraina i l\u00f8pet av julen, og at situasjonen er vanskelig som f\u00f8lge av mangel p\u00e5 luftforsvar.<\/p>\n<p><img alt=\"Ogs\u00e5 i den s\u00f8rlige byen Odesa er enkelte nabolag uten str\u00f8m etter russiske angrep. Bildet er fra mandag.   Foto: OLEKSANDR GIMANOV \/ AFP \/ NTB\" class=\"_image_qp4xg_65 layout-component layout-normal\" data-fullscreen- data-track-element-type=\"Article image fullscreen\" data-track-name=\"ImageFullscreen\" decoding=\"async\" loading=\"lazy\" height=\"2682\" itemprop=\"image\"  src=\"https:\/\/www.europesays.com\/no\/wp-content\/uploads\/2025\/12\/7d4b16e9-0e12-49fb-9e2a-91844f1d302b\"  style=\"object-position:0% 0%\" width=\"4023\"\/>Ogs\u00e5 i den s\u00f8rlige byen Odesa er enkelte nabolag uten str\u00f8m etter russiske angrep. Bildet er fra mandag.   Foto: OLEKSANDR GIMANOV \/ AFP \/ NTB<\/p>\n<p class=\"_paragraph_o9xde_4 _paragraph_xtcu6_10 layout-component text-serif-m layout-normal text-serif-m layout-padded\">Han sa ogs\u00e5 at Ukrainas forhandlingsteam n\u00e5 er ventet hjem etter \u00e5 ha forhandlet med USAs spesialutsending Steve Witkoff i Miami.<\/p>\n<p class=\"_paragraph_o9xde_4 _paragraph_xtcu6_10 layout-component text-serif-m layout-normal text-serif-m layout-padded\">Sent mandag ble det ogs\u00e5 meldt om russiske angrep mot havnebyen Odesa i s\u00f8r, der et skip og havneanlegg ble rammet, if\u00f8lge den lokale guvern\u00f8ren.<\/p>\n<p>Flere angrep ved Svartehavet<\/p>\n<p class=\"_paragraph_o9xde_4 _paragraph_xtcu6_10 layout-component text-serif-m layout-normal text-serif-m layout-padded\">Russland har de siste dagene trappet opp angrepene ved Svartehavet i det som ser ut til \u00e5 v\u00e6re et fors\u00f8k p\u00e5 \u00e5 ramme Ukrainas skipsfart.<\/p>\n<p class=\"_paragraph_o9xde_4 _paragraph_xtcu6_10 layout-component text-serif-m layout-normal text-serif-m layout-padded\">Den siste tiden er b\u00e5de broer, havner og kraftanlegg blitt \u00f8delagt i dette omr\u00e5det. Tusenvis av innbyggere har mistet str\u00f8mmen midt i vinterkulden.<\/p>\n<p class=\"_paragraph_o9xde_4 _paragraph_xtcu6_10 layout-component text-serif-m layout-normal text-serif-m layout-padded\">Natt til tirsdag ble det ogs\u00e5 meldt om et ukrainsk droneangrep mot et industrianlegg i Stavropol s\u00f8r i Russland. Regionens guvern\u00f8r, Vladimir Vladimirov, oppgir i en melding p\u00e5 Telegram at angrepet har utl\u00f8st en brann p\u00e5 fabrikkomr\u00e5det.<\/p>\n","protected":false},"excerpt":{"rendered":"Bare \u00e9n dag f\u00f8r julaften har Russland igjen gjennomf\u00f8rt et massivt angrep mot Ukrainas energianlegg, og mange hjem&hellip;\n","protected":false},"author":2,"featured_media":120563,"comment_status":"","ping_status":"","sticky":false,"template":"","format":"standard","meta":{"footnotes":""},"categories":[12],"tags":[20,21,24,25,15,179,22,23,13,30,28,29,14,16,26,27,42,43,44,45],"class_list":{"0":"post-120562","1":"post","2":"type-post","3":"status-publish","4":"format-standard","5":"has-post-thumbnail","7":"category-verden","8":"tag-breaking-news","9":"tag-breakingnews","10":"tag-featured-news","11":"tag-featurednews","12":"tag-headlines","13":"tag-krigen-i-ukraina","14":"tag-latest-news","15":"tag-latestnews","16":"tag-news","17":"tag-no","18":"tag-norge","19":"tag-norway","20":"tag-nyheter","21":"tag-overskrifter","22":"tag-top-stories","23":"tag-topstories","24":"tag-verden","25":"tag-world","26":"tag-world-news","27":"tag-worldnews"},"share_on_mastodon":{"url":"https:\/\/pubeurope.com\/@no\/115770140079188796","error":""},"_links":{"self":[{"href":"https:\/\/www.europesays.com\/no\/wp-json\/wp\/v2\/posts\/120562","targetHints":{"allow":["GET"]}}],"collection":[{"href":"https:\/\/www.europesays.com\/no\/wp-json\/wp\/v2\/posts"}],"about":[{"href":"https:\/\/www.europesays.com\/no\/wp-json\/wp\/v2\/types\/post"}],"author":[{"embeddable":true,"href":"https:\/\/www.europesays.com\/no\/wp-json\/wp\/v2\/users\/2"}],"replies":[{"embeddable":true,"href":"https:\/\/www.europesays.com\/no\/wp-json\/wp\/v2\/comments?post=120562"}],"version-history":[{"count":0,"href":"https:\/\/www.europesays.com\/no\/wp-json\/wp\/v2\/posts\/120562\/revisions"}],"wp:featuredmedia":[{"embeddable":true,"href":"https:\/\/www.europesays.com\/no\/wp-json\/wp\/v2\/media\/120563"}],"wp:attachment":[{"href":"https:\/\/www.europesays.com\/no\/wp-json\/wp\/v2\/media?parent=120562"}],"wp:term":[{"taxonomy":"category","embeddable":true,"href":"https:\/\/www.europesays.com\/no\/wp-json\/wp\/v2\/categories?post=120562"},{"taxonomy":"post_tag","embeddable":true,"href":"https:\/\/www.europesays.com\/no\/wp-json\/wp\/v2\/tags?post=120562"}],"curies":[{"name":"wp","href":"https:\/\/api.w.org\/{rel}","templated":true}]}}