{"id":120572,"date":"2025-12-23T18:01:09","date_gmt":"2025-12-23T18:01:09","guid":{"rendered":"https:\/\/www.europesays.com\/no\/120572\/"},"modified":"2025-12-23T18:01:09","modified_gmt":"2025-12-23T18:01:09","slug":"kontroversielt-navnebytte-saksokt","status":"publish","type":"post","link":"https:\/\/www.europesays.com\/no\/120572\/","title":{"rendered":"Kontroversielt navnebytte: Saks\u00f8kt"},"content":{"rendered":"<p>    Ikke alle liker hvordan USAs president Donald Trump pr\u00f8ver \u00e5 sette sitt preg p\u00e5 Washington.<\/p>\n<p>\n        SAKS\u00d8KT: USAs president Donald Trump.<br \/>\n        Evan Vucci\/NTB\n    <\/p>\n<p class=\"italic m-italic\" data-lab-italic=\"italic\">(<a href=\"https:\/\/www.finansavisen.no\/samfunn\/2025\/12\/23\/8316936\/donald-trump-saksokt-etter-kontroversielt-navnebytte\" rel=\"nofollow noopener\" target=\"_blank\">Artikkelen <\/a>er f\u00f8rst publisert av <a href=\"https:\/\/www.finansavisen.no\/\" rel=\"nofollow noopener\" target=\"_blank\">Finansavisen<\/a>):<\/p>\n<p>USAs president Donald Trump er saks\u00f8kt for \u00e5 ha d\u00f8pt om John F. Kennedy Center for the Performing Arts \u2013 Washingtons fremste kultursenter \u2013 til \u00e5 inkludere hans eget navn uten Kongressens godkjennelse, melder\u00a0<a href=\"https:\/\/www.bloomberg.com\/news\/articles\/2025-12-23\/trump-sued-by-kennedy-center-trustee-for-adding-name-to-venue\" target=\"_blank\" rel=\"nofollow noopener\">Bloomberg<\/a>.<\/p>\n<p>S\u00f8ksm\u00e5let fremmes av Joyce Beatty, som er \u00abex officio\u00bb-medlem av senterstyret og sitter i Representantenes Hus for Demokratene i Ohio.\u00a0<\/p>\n<p>Beatty anklager if\u00f8lge nyhetsbyr\u00e5et presidenten og hans utpekte styremedlemmer for \u00abbevisst \u00e5 ha trosset loven for \u00e5 tilfredsstille Trumps forfengelighet.\u00bb<\/p>\n<p>Donald Trump kobler satsing p\u00e5 skipsbygging og rivaliseringen med Kina til et nytt krigsskipsprogram \u2013 og gir klassen sitt eget navn.<\/p>\n<p>\u2013 Ble mutet<\/p>\n<p>I tillegg til styreleder Trump er utenriksminister Marco Rubio, justisminister Pam Bondi, countryartist Lee Greenwood og Fox News-anker Laura Ingraham blant de saks\u00f8kte styremedlemmene.<\/p>\n<p>Styret vedtok navneendringen i et digitalt m\u00f8te i forrige uke, f\u00f8r Trumps navn ble montert over Kennedys p\u00e5 fasaden av senteret dagen etter.<\/p>\n<p>Beatty hevder \u00e5 ha blitt mutet da hun pr\u00f8vde \u00e5 protestere under m\u00f8tet.<\/p>\n<p>Salget stuper<\/p>\n<p>If\u00f8lge s\u00f8ksm\u00e5let var Kongressens intensjon at senteret skulle fungere som et levende minnesmerke over president John F. Kennedy, og at enhver endring av navnet derfor krever et formelt kongressvedtak.<\/p>\n<p>Navneendringen, som kommer etter at hovedstadens fredsinstitutt og golfbaner har \u00ablidd samme skjebne\u00bb, har utl\u00f8st kraftige reaksjoner blant demokrater og medlemmer av Kennedy-familien. Dog har senteret selv forsvart beslutningen.<\/p>\n<p>If\u00f8lge Bloomberg har billettsalget ved senteret stupt siden Trump tok over i februar, og flere artister har nektet \u00e5 opptre der.<\/p>\n","protected":false},"excerpt":{"rendered":"Ikke alle liker hvordan USAs president Donald Trump pr\u00f8ver \u00e5 sette sitt preg p\u00e5 Washington. SAKS\u00d8KT: USAs president&hellip;\n","protected":false},"author":2,"featured_media":120573,"comment_status":"","ping_status":"","sticky":false,"template":"","format":"standard","meta":{"footnotes":""},"categories":[12],"tags":[20,21,24,25,15,22,23,13,30,28,29,14,16,26,27,42,43,44,45],"class_list":{"0":"post-120572","1":"post","2":"type-post","3":"status-publish","4":"format-standard","5":"has-post-thumbnail","7":"category-verden","8":"tag-breaking-news","9":"tag-breakingnews","10":"tag-featured-news","11":"tag-featurednews","12":"tag-headlines","13":"tag-latest-news","14":"tag-latestnews","15":"tag-news","16":"tag-no","17":"tag-norge","18":"tag-norway","19":"tag-nyheter","20":"tag-overskrifter","21":"tag-top-stories","22":"tag-topstories","23":"tag-verden","24":"tag-world","25":"tag-world-news","26":"tag-worldnews"},"share_on_mastodon":{"url":"https:\/\/pubeurope.com\/@no\/115770194823723563","error":""},"_links":{"self":[{"href":"https:\/\/www.europesays.com\/no\/wp-json\/wp\/v2\/posts\/120572","targetHints":{"allow":["GET"]}}],"collection":[{"href":"https:\/\/www.europesays.com\/no\/wp-json\/wp\/v2\/posts"}],"about":[{"href":"https:\/\/www.europesays.com\/no\/wp-json\/wp\/v2\/types\/post"}],"author":[{"embeddable":true,"href":"https:\/\/www.europesays.com\/no\/wp-json\/wp\/v2\/users\/2"}],"replies":[{"embeddable":true,"href":"https:\/\/www.europesays.com\/no\/wp-json\/wp\/v2\/comments?post=120572"}],"version-history":[{"count":0,"href":"https:\/\/www.europesays.com\/no\/wp-json\/wp\/v2\/posts\/120572\/revisions"}],"wp:featuredmedia":[{"embeddable":true,"href":"https:\/\/www.europesays.com\/no\/wp-json\/wp\/v2\/media\/120573"}],"wp:attachment":[{"href":"https:\/\/www.europesays.com\/no\/wp-json\/wp\/v2\/media?parent=120572"}],"wp:term":[{"taxonomy":"category","embeddable":true,"href":"https:\/\/www.europesays.com\/no\/wp-json\/wp\/v2\/categories?post=120572"},{"taxonomy":"post_tag","embeddable":true,"href":"https:\/\/www.europesays.com\/no\/wp-json\/wp\/v2\/tags?post=120572"}],"curies":[{"name":"wp","href":"https:\/\/api.w.org\/{rel}","templated":true}]}}