{"id":120574,"date":"2025-12-23T18:04:39","date_gmt":"2025-12-23T18:04:39","guid":{"rendered":"https:\/\/www.europesays.com\/no\/120574\/"},"modified":"2025-12-23T18:04:39","modified_gmt":"2025-12-23T18:04:39","slug":"luke-23-kven-er-dette","status":"publish","type":"post","link":"https:\/\/www.europesays.com\/no\/120574\/","title":{"rendered":"Luke 23: Kven er dette?"},"content":{"rendered":"<p data-testid=\"textWithMarkup-markup\" data-v-62d58f52=\"\"><strong>Hintet i dag er: Fant tonen b\u00e5de privat og i jobb.<\/strong><\/p>\n<p data-testid=\"textWithMarkup-text\" data-v-81d7dc2b=\"\" data-v-62d58f52=\"\">I morgon vil vi avsl\u00f8re kven som var p\u00e5 bildet og trekke ein heldig vinnar av ei lita juleoverrasking. <\/p>\n<p data-testid=\"textWithMarkup-markup\" data-v-62d58f52=\"\"><strong>Alle sakene er opne og alle kan delta. Det gjer du ved \u00e5 skrive svaret ditt i kommentarfeltet nederst i saka.<\/strong> Om du ikkje har kommentert inne i ei sak f\u00f8r, f\u00e5r du moglegheit til \u00e5 legge inn kommentar ved \u00e5 legge inn namn og e-post-adresse. <\/p>\n<p data-testid=\"textWithMarkup-markup\" data-v-62d58f52=\"\"><strong>Ved \u00e5 skrive inn fullt namn, veit vi ogs\u00e5 kor vi skal sende juleoverraskinga.<\/strong><\/p>\n<p data-testid=\"textWithMarkup-markup\" data-v-62d58f52=\"\">Du kan sj\u00f8lvsagt ogs\u00e5 sende inn svaret p\u00e5 e-post til fjt@fjt.no.<\/p>\n<p data-testid=\"textWithMarkup-markup\" data-v-62d58f52=\"\"><strong>Barnet i luke 22 var Sveinung Frantzen, som mange kjenner fr\u00e5 Fagm\u00f8bler i M\u00e5l\u00f8y Stormarked.<\/strong><\/p>\n<p>Sveinung sine juleminne: <\/p>\n<p data-testid=\"textWithMarkup-text\" data-v-81d7dc2b=\"\" data-v-62d58f52=\"\">Eg har fleire gode juleminne fr\u00e5 mange fine julefeiringar i gate 5 hos mamma og pappa.\u00a0Jula er verkeleg den finaste tida gjennom heile \u00e5ret.\u00a0Eg har vokst opp som nummer 6 i ein s\u00f8skenflokk p\u00e5 12 stykk &#8211; eg har derfor vore s\u00e5 heldig \u00e5 aldri f\u00f8lt meg einsam og \u00e5leine i jula. <\/p>\n<p data-testid=\"textWithMarkup-text\" data-v-81d7dc2b=\"\" data-v-62d58f52=\"\">For min eigen del kjem eg ikkje i julestemning f\u00f8r eg har sett Die Hard med Bruce Willis!\u00a0Grevinnen og hovmesteren p\u00e5 veslejuleaftan er ogs\u00e5 obligatorisk. Eg blir rett og slett aldri lei, og om eg ikkje ler av sketsjen &#8211; s\u00e5 ler eg godt av reaksjonane til dei eg ser sketsjen i lag med.\u00a0Elles synest eg det er viktig \u00e5 hugse p\u00e5 at dei som ikkje har det s\u00e5 enkelt resten av \u00e5ret, kanskje kan ha det ekstra tungt og vanskeleg i jula. Einsemda mange f\u00f8ler i h\u00f8gtider og spesielt i jula kan vere vanskeleg for mange av oss \u00e5 forst\u00e5.\u00a0Jula kan vere ei fin tid til \u00e5 ta ein telefon til eit familiemedlem du kanskje ikkje har det beste forhaldet til.\u00a0Ei tekstmelding kan verkeleg utgjere ein stor forskjell for nokon. Det koster s\u00e5 lite, men du kan faktisk glede nokon som trenr det ufatteleg mykje.\u00a0For min eigen del handler jula om omtanke og takknemlegheit.\u00a0Det bur over 8 milliardar menneske p\u00e5 jorda. Tenk s\u00e5 utruleg heldige vi er som er f\u00f8dde i Europa.Ikkje nok med det &#8211; Vi er i tillegg f\u00f8dde i det beste landet i Europa.\u00a0Som om ikkje det er nok: Vi bur i det flotteste omr\u00e5det i heile Norge.\u00a0Nordfjord er s\u00e5 fint og vakkert at det er fort gjort \u00e5 ta det for gitt!\u00a0Har ein ein t\u00f8ff dag er det berre \u00e5 sj\u00e5 p\u00e5 nyheitene, s\u00e5 tenker eg at alle og ein kvar av oss verkeleg set pris p\u00e5 livet. Det skjer mange f\u00e6le ting rundt om i verda, og kanskje er det nettopp derfor det er viktig \u00e5 sette ekstra stor pris p\u00e5 dei n\u00e6rmeste rundt oss.\u00a0Eg ser for min eigen del kor deilig det kan vere \u00e5 legge fr\u00e5 meg mobilen min i eitt anna rom i huset, og verkelig vere til stades for Tove Lill og dei tre fantastiske barna mine som betyr alt i verda for nettopp meg. Eg vil ogs\u00e5 nytte molegheita til \u00e5 framsnakke Pass It On her i V\u00e5gs\u00f8y. De gjer ein heilt fantastisk jobb, og eeg h\u00e5per s\u00e5 mange som mogleg vil vere med \u00e5 st\u00f8tte arbeidet de legg ned i mange \u00e5r framover.\u00a0Frelsesarmeen er ogs\u00e5 noko eg liker \u00e5 st\u00f8tte i jula, dei gjer ein fantastisk jobb for mange av dei rundt oss som har hamna p\u00e5 skr\u00e5planet. Alle menneske har ei historie, og n\u00e5r alt kjem til alt s\u00e5 er vi kanskje ikkje s\u00e5 ulike sj\u00f8lv om nokre feirar jul p\u00e5 gata, samtidig som andre et julemiddag inne i eit godt og varmt hus.\u00a0<\/p>\n<p data-testid=\"textWithMarkup-text\" data-v-81d7dc2b=\"\" data-v-62d58f52=\"\">Kort oppsummert vil eg \u00f8nske alle saman ei riktig god jul, og oppfordre dei som har moglegheit til det, \u00e5 gjere juleh\u00f8gtida litt berre for dei som verkeleg treng det.<\/p>\n<p>Den heldige vinnaren av ei juleoverrasking er: Merete Verpeide. Gratulerer!<\/p>\n<p data-testid=\"textWithMarkup-markup\" data-v-62d58f52=\"\">Vinnarane til no er dermed: <\/p>\n<p data-testid=\"textWithMarkup-text\" data-v-81d7dc2b=\"\" data-v-62d58f52=\"\">Luke 1: Johanne Marie Reinen<\/p>\n<p data-testid=\"textWithMarkup-text\" data-v-81d7dc2b=\"\" data-v-62d58f52=\"\">Luke 2: Turid Kupen<\/p>\n<p data-testid=\"textWithMarkup-text\" data-v-81d7dc2b=\"\" data-v-62d58f52=\"\">Luke 3: Per Arild Fr\u00f8yen<\/p>\n<p data-testid=\"textWithMarkup-text\" data-v-81d7dc2b=\"\" data-v-62d58f52=\"\">Luke 4: Elisabeth Hals Heims\u00e6ter<\/p>\n<p data-testid=\"textWithMarkup-text\" data-v-81d7dc2b=\"\" data-v-62d58f52=\"\">Luke 5: Veronika Waag<\/p>\n<p data-testid=\"textWithMarkup-text\" data-v-81d7dc2b=\"\" data-v-62d58f52=\"\">Luke 6: \u00c5se H. Sundal<\/p>\n<p data-testid=\"textWithMarkup-text\" data-v-81d7dc2b=\"\" data-v-62d58f52=\"\">Luke 7: Hilde Randi Grotle<\/p>\n<p data-testid=\"textWithMarkup-text\" data-v-81d7dc2b=\"\" data-v-62d58f52=\"\">Luke 8: Nina Gangeskar<\/p>\n<p data-testid=\"textWithMarkup-text\" data-v-81d7dc2b=\"\" data-v-62d58f52=\"\">Luke 9: \u00d8ystein Kolseth<\/p>\n<p data-testid=\"textWithMarkup-text\" data-v-81d7dc2b=\"\" data-v-62d58f52=\"\">Luke 10: S\u00f8lvi Ann Loen<\/p>\n<p data-testid=\"textWithMarkup-text\" data-v-81d7dc2b=\"\" data-v-62d58f52=\"\">Luke 11: Svanhild Liseth<\/p>\n<p data-testid=\"textWithMarkup-text\" data-v-81d7dc2b=\"\" data-v-62d58f52=\"\">Luke 12: Kirsti Haugan<\/p>\n<p data-testid=\"textWithMarkup-text\" data-v-81d7dc2b=\"\" data-v-62d58f52=\"\">Luke 13: John-Egil Eriksen<\/p>\n<p data-testid=\"textWithMarkup-text\" data-v-81d7dc2b=\"\" data-v-62d58f52=\"\">Luke 14: Keith Elliott<\/p>\n<p data-testid=\"textWithMarkup-text\" data-v-81d7dc2b=\"\" data-v-62d58f52=\"\">Luke 15: Hege Iren Lilleb\u00f8<\/p>\n<p data-testid=\"textWithMarkup-text\" data-v-81d7dc2b=\"\" data-v-62d58f52=\"\">Luke 16: Ingrid Bugjerde<\/p>\n<p data-testid=\"textWithMarkup-text\" data-v-81d7dc2b=\"\" data-v-62d58f52=\"\">Luke 17: Jan Petter Ven\u00f8y<\/p>\n<p data-testid=\"textWithMarkup-text\" data-v-81d7dc2b=\"\" data-v-62d58f52=\"\">Luke 18: Mindor Gjerde<\/p>\n<p data-testid=\"textWithMarkup-text\" data-v-81d7dc2b=\"\" data-v-62d58f52=\"\">Luke 17: Jan Petter Ven\u00f8y<\/p>\n<p data-testid=\"textWithMarkup-text\" data-v-81d7dc2b=\"\" data-v-62d58f52=\"\">Luke 18: Mindor Gjerde<\/p>\n<p data-testid=\"textWithMarkup-text\" data-v-81d7dc2b=\"\" data-v-62d58f52=\"\">Luke 19: Iv Barmen<\/p>\n<p data-testid=\"textWithMarkup-text\" data-v-81d7dc2b=\"\" data-v-62d58f52=\"\">Luke 20: Jorunn Randi Bj\u00f8rhovde<\/p>\n<p data-testid=\"textWithMarkup-text\" data-v-81d7dc2b=\"\" data-v-62d58f52=\"\">Luke 21: Cato Nordheim<\/p>\n<p data-testid=\"textWithMarkup-text\" data-v-81d7dc2b=\"\" data-v-62d58f52=\"\">Luke 22: Merete Verpeide<\/p>\n","protected":false},"excerpt":{"rendered":"Hintet i dag er: Fant tonen b\u00e5de privat og i jobb. I morgon vil vi avsl\u00f8re kven som&hellip;\n","protected":false},"author":2,"featured_media":120575,"comment_status":"","ping_status":"","sticky":false,"template":"","format":"standard","meta":{"footnotes":""},"categories":[59],"tags":[30,28,29,83,82],"class_list":{"0":"post-120574","1":"post","2":"type-post","3":"status-publish","4":"format-standard","5":"has-post-thumbnail","7":"category-sport","8":"tag-no","9":"tag-norge","10":"tag-norway","11":"tag-sport","12":"tag-sports"},"share_on_mastodon":{"url":"https:\/\/pubeurope.com\/@no\/115770206690330190","error":""},"_links":{"self":[{"href":"https:\/\/www.europesays.com\/no\/wp-json\/wp\/v2\/posts\/120574","targetHints":{"allow":["GET"]}}],"collection":[{"href":"https:\/\/www.europesays.com\/no\/wp-json\/wp\/v2\/posts"}],"about":[{"href":"https:\/\/www.europesays.com\/no\/wp-json\/wp\/v2\/types\/post"}],"author":[{"embeddable":true,"href":"https:\/\/www.europesays.com\/no\/wp-json\/wp\/v2\/users\/2"}],"replies":[{"embeddable":true,"href":"https:\/\/www.europesays.com\/no\/wp-json\/wp\/v2\/comments?post=120574"}],"version-history":[{"count":0,"href":"https:\/\/www.europesays.com\/no\/wp-json\/wp\/v2\/posts\/120574\/revisions"}],"wp:featuredmedia":[{"embeddable":true,"href":"https:\/\/www.europesays.com\/no\/wp-json\/wp\/v2\/media\/120575"}],"wp:attachment":[{"href":"https:\/\/www.europesays.com\/no\/wp-json\/wp\/v2\/media?parent=120574"}],"wp:term":[{"taxonomy":"category","embeddable":true,"href":"https:\/\/www.europesays.com\/no\/wp-json\/wp\/v2\/categories?post=120574"},{"taxonomy":"post_tag","embeddable":true,"href":"https:\/\/www.europesays.com\/no\/wp-json\/wp\/v2\/tags?post=120574"}],"curies":[{"name":"wp","href":"https:\/\/api.w.org\/{rel}","templated":true}]}}