{"id":120576,"date":"2025-12-23T18:08:09","date_gmt":"2025-12-23T18:08:09","guid":{"rendered":"https:\/\/www.europesays.com\/no\/120576\/"},"modified":"2025-12-23T18:08:09","modified_gmt":"2025-12-23T18:08:09","slug":"greta-thunberg-london-greta-thunberg-loslatt-etter-pagripelse-i-london","status":"publish","type":"post","link":"https:\/\/www.europesays.com\/no\/120576\/","title":{"rendered":"Greta Thunberg, London | Greta Thunberg l\u00f8slatt etter p\u00e5gripelse i London"},"content":{"rendered":"\n<p>If\u00f8lge <a href=\"https:\/\/news.sky.com\/story\/greta-thunberg-arrested-at-a-protest-supporting-palestine-action-hunger-strikers-13486842\" rel=\"noopener nofollow\" target=\"_blank\">Sky News<\/a> skjedde p\u00e5gripelsen under en demonstrasjon til st\u00f8tte for palestinere som sultestreiker.<\/p>\n<p>Thunberg (22) skal ha holdt opp en plakat med en st\u00f8tteerkl\u00e6ring til den britiske gruppa Palestine Action, som britiske myndigheter <a href=\"https:\/\/www.cps.gov.uk\/cps\/news\/cps-announces-further-prosecutions-palestine-action-supporters\" rel=\"noopener nofollow\" target=\"_blank\">anser<\/a> som en terrorgruppe.<\/p>\n<p>Politiet i London sier Thunberg har kausjon fram til mars.<\/p>\n<p><b>Les ogs\u00e5: <a class=\"simple-relation related-teaser article--c-eRUmMG article--c-eRUmMG-fZoQSp-design-nettavisen article--c-eRUmMG-gwthdJ-cv\" href=\"https:\/\/www.nettavisen.no\/greta-thunberg-arrestert-i-london\/s\/5-95-2795125\" rel=\"nofollow noopener\" target=\"_blank\">Greta Thunberg arrestert i London<\/a><\/b><\/p>\n<p>Thunberg ble kjent etter at hun gjennomf\u00f8rte ukentlige klimaprotester i Sverige i 2018.<\/p>\n<p>I fjor ble hun frikjent for brudd p\u00e5 offentlig orden i Storbritannia da en dommer slo fast at politiet ikke hadde myndighet til \u00e5 p\u00e5gripe henne og andre under en demonstrasjon i London \u00e5ret f\u00f8r.<\/p>\n<p>Hun ble p\u00e5grepet sammen med 478 andre personer og utvist av Israel i oktober etter \u00e5 ha sluttet seg til en aktivistkonvoi av fart\u00f8yer, Global Sumud Flotilla, som fors\u00f8kte \u00e5 n\u00e5 Gaza med n\u00f8dhjelp. Israel har konsekvent avvist anklager om folkemord.<\/p>\n<p><b>Les ogs\u00e5: <a class=\"simple-relation related-teaser article--c-eRUmMG article--c-eRUmMG-fZoQSp-design-nettavisen article--c-eRUmMG-gwthdJ-cv\" href=\"https:\/\/www.nettavisen.no\/thunberg-tiltalt-i-finland\/s\/5-95-2779282\" rel=\"nofollow noopener\" target=\"_blank\">Thunberg tiltalt i Finland<\/a><\/b><\/p>\n","protected":false},"excerpt":{"rendered":"If\u00f8lge Sky News skjedde p\u00e5gripelsen under en demonstrasjon til st\u00f8tte for palestinere som sultestreiker. Thunberg (22) skal ha&hellip;\n","protected":false},"author":2,"featured_media":120577,"comment_status":"","ping_status":"","sticky":false,"template":"","format":"standard","meta":{"footnotes":""},"categories":[12],"tags":[20,21,24,25,15,22,23,13,30,28,29,14,16,26,27,42,43,44,45],"class_list":{"0":"post-120576","1":"post","2":"type-post","3":"status-publish","4":"format-standard","5":"has-post-thumbnail","7":"category-verden","8":"tag-breaking-news","9":"tag-breakingnews","10":"tag-featured-news","11":"tag-featurednews","12":"tag-headlines","13":"tag-latest-news","14":"tag-latestnews","15":"tag-news","16":"tag-no","17":"tag-norge","18":"tag-norway","19":"tag-nyheter","20":"tag-overskrifter","21":"tag-top-stories","22":"tag-topstories","23":"tag-verden","24":"tag-world","25":"tag-world-news","26":"tag-worldnews"},"share_on_mastodon":{"url":"https:\/\/pubeurope.com\/@no\/115770222534641675","error":""},"_links":{"self":[{"href":"https:\/\/www.europesays.com\/no\/wp-json\/wp\/v2\/posts\/120576","targetHints":{"allow":["GET"]}}],"collection":[{"href":"https:\/\/www.europesays.com\/no\/wp-json\/wp\/v2\/posts"}],"about":[{"href":"https:\/\/www.europesays.com\/no\/wp-json\/wp\/v2\/types\/post"}],"author":[{"embeddable":true,"href":"https:\/\/www.europesays.com\/no\/wp-json\/wp\/v2\/users\/2"}],"replies":[{"embeddable":true,"href":"https:\/\/www.europesays.com\/no\/wp-json\/wp\/v2\/comments?post=120576"}],"version-history":[{"count":0,"href":"https:\/\/www.europesays.com\/no\/wp-json\/wp\/v2\/posts\/120576\/revisions"}],"wp:featuredmedia":[{"embeddable":true,"href":"https:\/\/www.europesays.com\/no\/wp-json\/wp\/v2\/media\/120577"}],"wp:attachment":[{"href":"https:\/\/www.europesays.com\/no\/wp-json\/wp\/v2\/media?parent=120576"}],"wp:term":[{"taxonomy":"category","embeddable":true,"href":"https:\/\/www.europesays.com\/no\/wp-json\/wp\/v2\/categories?post=120576"},{"taxonomy":"post_tag","embeddable":true,"href":"https:\/\/www.europesays.com\/no\/wp-json\/wp\/v2\/tags?post=120576"}],"curies":[{"name":"wp","href":"https:\/\/api.w.org\/{rel}","templated":true}]}}