{"id":120578,"date":"2025-12-23T18:09:11","date_gmt":"2025-12-23T18:09:11","guid":{"rendered":"https:\/\/www.europesays.com\/no\/120578\/"},"modified":"2025-12-23T18:09:11","modified_gmt":"2025-12-23T18:09:11","slug":"jula-er-for-alle","status":"publish","type":"post","link":"https:\/\/www.europesays.com\/no\/120578\/","title":{"rendered":"\u2013 Jula er for alle"},"content":{"rendered":"\n<p class=\"_lead_o9xde_2 _lead_xtcu6_50 layout-component text-serif-m layout-normal text-serif-l layout-component layout-wide layout-padded _wide_17hqh_1 layout-padded\">S\u00f8skenparet inviterer fremmede hjem p\u00e5 middag.<\/p>\n<p><img alt=\"S\u00f8skenparet Jaqueline Julia Abrahamsen (23) og Samuel Abrahamsen (25) skal i \u00e5r teste ut en annerledes julaften.  Foto: Privat\" class=\"_image_qp4xg_65 layout-component layout-wide\" data-fullscreen- data-track-element-type=\"Article image fullscreen\" data-track-name=\"ImageFullscreen\" fetchpriority=\"high\" decoding=\"sync\" loading=\"eager\" height=\"3165\" itemprop=\"image\"  src=\"https:\/\/www.europesays.com\/no\/wp-content\/uploads\/2025\/12\/78d57150-7e25-4c8a-930c-204ae66842d3\"  style=\"object-position:0% 0%\" width=\"3315\"\/>S\u00f8skenparet Jaqueline Julia Abrahamsen (23) og Samuel Abrahamsen (25) skal i \u00e5r teste ut en annerledes julaften.  Foto: Privat<\/p>\n<ul aria-hidden=\"true\" class=\"_images_ntbth_112\">\n<li><a class=\"_link_ntbth_117\" href=\"https:\/\/www.vg.no\/forfatter\/intisaar-ali\" style=\"z-index:1\" title=\"Intisaar Ali\" rel=\"nofollow noopener\" target=\"_blank\"><img alt=\"Bilde av Intisaar Ali\" class=\"_image_ntbth_93\" fetchpriority=\"low\" loading=\"lazy\" decoding=\"async\" itemprop=\"image\"  src=\"https:\/\/www.europesays.com\/no\/wp-content\/uploads\/2025\/12\/1766513350_898_31e1a332-7865-4acc-a24e-ae6d6674f722\"  width=\"480\"\/><\/a><\/li>\n<\/ul>\n<p> Oppdatert tirsdag 23. desember kl. 18:39     <\/p>\n<p class=\"_paragraph_o9xde_4 _paragraph_xtcu6_10 layout-component text-serif-m layout-normal text-serif-m layout-padded\">Hva handler egentlig julaften om? M\u00e5 man feire med familie, eller finnes det andre m\u00e5ter \u00e5 gj\u00f8re det p\u00e5?<\/p>\n<p class=\"_paragraph_o9xde_4 _paragraph_xtcu6_10 layout-component text-serif-m layout-normal text-serif-m layout-padded\">For s\u00f8skenparet Jaqueline Julia (23) og Samuel Abrahamsen (25) fra Oslo er svaret klart: <\/p>\n<p class=\"_paragraph_o9xde_4 _paragraph_xtcu6_10 layout-component text-serif-m layout-normal text-serif-m layout-padded\"><strong class=\"_strong_o9xde_25\">Julen er for alle! <\/strong><\/p>\n<p class=\"_paragraph_o9xde_4 _paragraph_xtcu6_10 layout-component text-serif-m layout-normal text-serif-m layout-padded\">P\u00e5 selveste julaften \u00e5pner de derfor hjemmet, kollektivet som lilles\u00f8ster bor i, til fremmede. En av dem hun bor med skal v\u00e6re med p\u00e5 feiringen, i tillegg til ni ukjente personer. <\/p>\n<p class=\"_paragraph_o9xde_4 _paragraph_xtcu6_10 layout-component text-serif-m layout-normal text-serif-m layout-padded\">Og gjestene er i forskjellige aldersgrupper. En del av dem er i 20-\u00e5rene, og den eldste er i 40-\u00e5rene. <\/p>\n<p class=\"_paragraph_o9xde_4 _paragraph_xtcu6_10 layout-component text-serif-m layout-normal text-serif-m layout-padded\"><a href=\"https:\/\/www.vg.no\/nyheter\/i\/2pGVOl\/bli-med-og-feire-jul-med-vg\" data-track-element-type=\"Link\" data-track-id=\"link:2pGVOl\" class=\"_link_o9xde_39\" rel=\"nofollow noopener\" target=\"_blank\"><strong class=\"_strong_o9xde_25\">Trenger du selskap i julen? Feir med oss her i VG!<\/strong><\/a><\/p>\n<p class=\"_paragraph_o9xde_4 _paragraph_xtcu6_10 layout-component text-serif-m layout-normal text-serif-m layout-padded\">De vil bli m\u00f8tt med tildekket bord og julestemning: ribbe, medisterkaker og julep\u00f8lse.<\/p>\n<p class=\"_paragraph_o9xde_4 _paragraph_xtcu6_10 layout-component text-serif-m layout-normal text-serif-m layout-padded\"><strong class=\"_strong_o9xde_25\">\u2013  Jeg har tenkt veldig p\u00e5 at det med jul skal v\u00e6re en s\u00e5pass tradisjonspreget greie, hvor folk ender opp med \u00e5 ikke ha noen \u00e5 feire jul med. Det er utfordrende at det skal v\u00e6re s\u00e5nn, n\u00e5r alle b\u00f8r ha noen \u00e5 feire med fordi alle er like mye verdt, sier Jaqueline. <\/strong><\/p>\n<p> Jul med helt fremmede<\/p>\n<p class=\"_paragraph_o9xde_4 _paragraph_xtcu6_10 layout-component text-serif-m layout-normal text-serif-m layout-padded\">Begge har pleid \u00e5 feire med familien. I \u00e5r har de fortalt at de er litt opptatt akkurat p\u00e5 julaften. <\/p>\n<p class=\"_paragraph_o9xde_4 _paragraph_xtcu6_10 layout-component text-serif-m layout-normal text-serif-m layout-padded\"><strong class=\"_strong_o9xde_25\">\u2013 Det blir spennende og artig \u00e5 pr\u00f8ve noe nytt, sier Samuel. <\/strong><\/p>\n<p class=\"_paragraph_o9xde_4 _paragraph_xtcu6_10 layout-component text-serif-m layout-normal text-serif-m layout-padded\">\u2013 Det blir spennende \u00e5 se hva slags kjemi og stemning det blir. Enten blir det rolig, crazy eller artig stemning, sier Jaqueline. <\/p>\n<p class=\"_paragraph_o9xde_4 _paragraph_xtcu6_10 layout-component text-serif-m layout-normal text-serif-m layout-padded\">Og m\u00e5ten s\u00f8skenparet fant de fremmede julegjestene p\u00e5, var rett og slett \u00e5 legge ut et innlegg p\u00e5 Facebook.<\/p>\n<p>   Gjentar suksessen p\u00e5 julaften<\/p>\n<p class=\"_paragraph_o9xde_4 _paragraph_xtcu6_10 layout-component text-serif-m layout-normal text-serif-m layout-padded\">Det gjorde ogs\u00e5 ekteparet Bj\u00f8rn H\u00e5kon Helgesen og Tonje Marie Helgesen. I \u00e5r som i fjor f\u00e5r de fremmede p\u00e5 bes\u00f8k p\u00e5 julaften. <\/p>\n<p><img alt=\"Ekteparet Bj\u00f8rn H\u00e5kon Helgesen og Tonje Marie Helgesen bor i Arendal. I \u00e5r fortsetter de med tradisjonen de startet i fjor.   Foto: Privat.\" class=\"_image_qp4xg_65 layout-component layout-normal\" data-fullscreen- data-track-element-type=\"Article image fullscreen\" data-track-name=\"ImageFullscreen\" decoding=\"async\" loading=\"lazy\" height=\"1174\" itemprop=\"image\"  src=\"https:\/\/www.europesays.com\/no\/wp-content\/uploads\/2025\/12\/0fc8be44-7f3e-43a1-a718-92b9931a80a5\"  style=\"object-position:0% 0%\" width=\"858\"\/>Ekteparet Bj\u00f8rn H\u00e5kon Helgesen og Tonje Marie Helgesen bor i Arendal. I \u00e5r fortsetter de med tradisjonen de startet i fjor.   Foto: Privat.<\/p>\n<p class=\"_paragraph_o9xde_4 _paragraph_xtcu6_10 layout-component text-serif-m layout-normal text-serif-m layout-padded\">I fjor inviterte de en ekstra person rundt middagsbordet i Arendal. <\/p>\n<p class=\"_paragraph_o9xde_4 _paragraph_xtcu6_10 layout-component text-serif-m layout-normal text-serif-m layout-padded\"><strong class=\"_strong_o9xde_25\">\u2013 Det var veldig koselig, vi holdt julaften g\u00e5ende helt til midnatt, og det var hyggelig. Jeg har inntrykk av at det betydde mye, vi har kontakt med vedkommende og har blitt venner, og har spist flere middager hos oss siden da, sier Tonje. <\/strong><\/p>\n<p class=\"_paragraph_o9xde_4 _paragraph_xtcu6_10 layout-component text-serif-m layout-normal text-serif-m layout-padded\"> I \u00e5r har de bestemt seg for at de skal \u00e5pne d\u00f8ren til to personer. Pinnekj\u00f8tt, ribbe, julep\u00f8lser og medisterkaker st\u00e5r p\u00e5 menyen. <\/p>\n<p class=\"_paragraph_o9xde_4 _paragraph_xtcu6_10 layout-component text-serif-m layout-normal text-serif-m layout-padded\">\u2013 Vi velger \u00e5 \u00e5pne d\u00f8rene fordi vi synes det er trist at mange sitter alene i julen og kanskje ikke har noen \u00e5 g\u00e5 til, familie eller venner. Og s\u00e5 handler det om at man er glad i julen selv, sier Tonje. <\/p>\n<p class=\"_paragraph_o9xde_4 _paragraph_xtcu6_10 layout-component text-serif-m layout-normal text-serif-m layout-padded\">\u2013 Jeg tenker vi lever i 2025, og det er fint at vi vil ha familien med oss, men jeg synes kanskje vi m\u00e5 v\u00e6re villige til \u00e5 pr\u00f8ve noe nytt og slippe inn andre mennesker ogs\u00e5, legger hun til. <\/p>\n","protected":false},"excerpt":{"rendered":"S\u00f8skenparet inviterer fremmede hjem p\u00e5 middag. S\u00f8skenparet Jaqueline Julia Abrahamsen (23) og Samuel Abrahamsen (25) skal i \u00e5r&hellip;\n","protected":false},"author":2,"featured_media":120579,"comment_status":"","ping_status":"","sticky":false,"template":"","format":"standard","meta":{"footnotes":""},"categories":[10],"tags":[20,21,24,25,15,5593,22,23,13,30,28,29,14,16,7628,26,27],"class_list":{"0":"post-120578","1":"post","2":"type-post","3":"status-publish","4":"format-standard","5":"has-post-thumbnail","7":"category-norge","8":"tag-breaking-news","9":"tag-breakingnews","10":"tag-featured-news","11":"tag-featurednews","12":"tag-headlines","13":"tag-jul","14":"tag-latest-news","15":"tag-latestnews","16":"tag-news","17":"tag-no","18":"tag-norge","19":"tag-norway","20":"tag-nyheter","21":"tag-overskrifter","22":"tag-ribbe","23":"tag-top-stories","24":"tag-topstories"},"share_on_mastodon":{"url":"https:\/\/pubeurope.com\/@no\/115770226609682347","error":""},"_links":{"self":[{"href":"https:\/\/www.europesays.com\/no\/wp-json\/wp\/v2\/posts\/120578","targetHints":{"allow":["GET"]}}],"collection":[{"href":"https:\/\/www.europesays.com\/no\/wp-json\/wp\/v2\/posts"}],"about":[{"href":"https:\/\/www.europesays.com\/no\/wp-json\/wp\/v2\/types\/post"}],"author":[{"embeddable":true,"href":"https:\/\/www.europesays.com\/no\/wp-json\/wp\/v2\/users\/2"}],"replies":[{"embeddable":true,"href":"https:\/\/www.europesays.com\/no\/wp-json\/wp\/v2\/comments?post=120578"}],"version-history":[{"count":0,"href":"https:\/\/www.europesays.com\/no\/wp-json\/wp\/v2\/posts\/120578\/revisions"}],"wp:featuredmedia":[{"embeddable":true,"href":"https:\/\/www.europesays.com\/no\/wp-json\/wp\/v2\/media\/120579"}],"wp:attachment":[{"href":"https:\/\/www.europesays.com\/no\/wp-json\/wp\/v2\/media?parent=120578"}],"wp:term":[{"taxonomy":"category","embeddable":true,"href":"https:\/\/www.europesays.com\/no\/wp-json\/wp\/v2\/categories?post=120578"},{"taxonomy":"post_tag","embeddable":true,"href":"https:\/\/www.europesays.com\/no\/wp-json\/wp\/v2\/tags?post=120578"}],"curies":[{"name":"wp","href":"https:\/\/api.w.org\/{rel}","templated":true}]}}