{"id":120582,"date":"2025-12-23T18:11:18","date_gmt":"2025-12-23T18:11:18","guid":{"rendered":"https:\/\/www.europesays.com\/no\/120582\/"},"modified":"2025-12-23T18:11:18","modified_gmt":"2025-12-23T18:11:18","slug":"sten-grytebust-eliteserien-var-med-pa-a-sikre-opprykk-na-gir-veteranen-seg","status":"publish","type":"post","link":"https:\/\/www.europesays.com\/no\/120582\/","title":{"rendered":"Sten grytebust, Eliteserien | Var med p\u00e5 \u00e5 sikre opprykk \u2013 n\u00e5 gir veteranen seg"},"content":{"rendered":"\n<p>\u2013 Jeg har kjent p\u00e5 det siden sommeren at dette kom til \u00e5 bli det siste \u00e5ret mitt i AaFK, og siden det har motivasjonen min v\u00e6rt \u00e5 avslutte p\u00e5 best mulig m\u00e5te. Jeg f\u00f8ler at jeg har gitt alt for denne klubben, og da er det deilig \u00e5 forlate klubben med et opprykk, sier Grytebust til <a href=\"https:\/\/www.tv2.no\/sport\/eliteserie-profil-gir-seg-jeg-har-gitt-alt\/18409652\/\" rel=\"nofollow noopener\" target=\"_blank\">kanalen<\/a>.<\/p>\n<p>36-\u00e5ringen startet karrieren sin i AaFK f\u00f8r han flyttet til Danmark. Der ble det spill for Odense, FC K\u00f8benhavn og Vejle. I 2022 var han tilbake som Aalesund-keeper.<\/p>\n<p>Han hjalp klubben til opprykk da det ble seier b\u00e5de mot Egersund, Kongsvinger og Bryne i kvalifiseringen.<\/p>\n<p>Totalt har Grytebust f\u00e5tt 282 kamper for de oransjekledde. Han st\u00e5r med i alt fem landskamper for Norge etter at han i 2013 fikk debuten under Egil \u00abDrillo\u00bb Olsen.<\/p>\n<p>(\u00a9NTB)<\/p>\n","protected":false},"excerpt":{"rendered":"\u2013 Jeg har kjent p\u00e5 det siden sommeren at dette kom til \u00e5 bli det siste \u00e5ret mitt&hellip;\n","protected":false},"author":2,"featured_media":120583,"comment_status":"","ping_status":"","sticky":false,"template":"","format":"standard","meta":{"footnotes":""},"categories":[59],"tags":[30,28,29,83,82],"class_list":{"0":"post-120582","1":"post","2":"type-post","3":"status-publish","4":"format-standard","5":"has-post-thumbnail","7":"category-sport","8":"tag-no","9":"tag-norge","10":"tag-norway","11":"tag-sport","12":"tag-sports"},"share_on_mastodon":{"url":"https:\/\/pubeurope.com\/@no\/115770234332659379","error":""},"_links":{"self":[{"href":"https:\/\/www.europesays.com\/no\/wp-json\/wp\/v2\/posts\/120582","targetHints":{"allow":["GET"]}}],"collection":[{"href":"https:\/\/www.europesays.com\/no\/wp-json\/wp\/v2\/posts"}],"about":[{"href":"https:\/\/www.europesays.com\/no\/wp-json\/wp\/v2\/types\/post"}],"author":[{"embeddable":true,"href":"https:\/\/www.europesays.com\/no\/wp-json\/wp\/v2\/users\/2"}],"replies":[{"embeddable":true,"href":"https:\/\/www.europesays.com\/no\/wp-json\/wp\/v2\/comments?post=120582"}],"version-history":[{"count":0,"href":"https:\/\/www.europesays.com\/no\/wp-json\/wp\/v2\/posts\/120582\/revisions"}],"wp:featuredmedia":[{"embeddable":true,"href":"https:\/\/www.europesays.com\/no\/wp-json\/wp\/v2\/media\/120583"}],"wp:attachment":[{"href":"https:\/\/www.europesays.com\/no\/wp-json\/wp\/v2\/media?parent=120582"}],"wp:term":[{"taxonomy":"category","embeddable":true,"href":"https:\/\/www.europesays.com\/no\/wp-json\/wp\/v2\/categories?post=120582"},{"taxonomy":"post_tag","embeddable":true,"href":"https:\/\/www.europesays.com\/no\/wp-json\/wp\/v2\/tags?post=120582"}],"curies":[{"name":"wp","href":"https:\/\/api.w.org\/{rel}","templated":true}]}}