{"id":120586,"date":"2025-12-23T18:18:22","date_gmt":"2025-12-23T18:18:22","guid":{"rendered":"https:\/\/www.europesays.com\/no\/120586\/"},"modified":"2025-12-23T18:18:22","modified_gmt":"2025-12-23T18:18:22","slug":"fotball-bryne-fk-bryne-presenterte-sin-andre-hovedtrener-pa-to-dager-jaerbladet","status":"publish","type":"post","link":"https:\/\/www.europesays.com\/no\/120586\/","title":{"rendered":"Fotball, Bryne FK | Bryne presenterte sin andre hovedtrener p\u00e5 to dager &#8211; J\u00e6rbladet"},"content":{"rendered":"<ol>\n<li><a href=\"https:\/\/news.google.com\/rss\/articles\/CBMijwFBVV95cUxOSzRxZEh2Yi02T09obXVBdi1ON1k5OTZ5Y092ZlNkV1htYVdadHU4VEtUZWs0SlhkN1Y5RC0yYWdlejcwSEZkdXhkNHpRaW1HbDNGYXBKeTlFY3BKa193NFZFMDlxejhNWi13a0N1MGVKVWhWcjZVT1p3ZExQd0xtTnMwOXJpZ3hTMXJhUDJfUQ?oc=5\" target=\"_blank\" rel=\"nofollow noopener\">Fotball, Bryne FK | Bryne presenterte sin andre hovedtrener p\u00e5 to dager<\/a>&nbsp;&nbsp;J\u00e6rbladet<\/li>\n<li><a href=\"https:\/\/news.google.com\/rss\/articles\/CBMiggFBVV95cUxPZ2daZTEwS1NNUUtPcVR6S3NhdE1ZYlFPQ1hxb0NnYkdiY05TQTRnYXp0VkVjZFBwMmNLRTIwb2lZMm4tcXdtSFhZQVRVTnpPN3czOHBkR3BRa2FBZ3Q1QzlVVDBQanpwMzVzYWJiTUhpRFZESVdOcHpRVll3UXlUck1B?oc=5\" target=\"_blank\" rel=\"nofollow noopener\">Bekreftet: \u00d8rjan Heiberg er ny Bryne-trener<\/a>&nbsp;&nbsp;VG<\/li>\n<li><a href=\"https:\/\/news.google.com\/rss\/articles\/CBMijwFBVV95cUxPWlZQQWV0X3lEYUFkUERLc1ZvSl94SzRlUXlGYXZzSUxXM1dZcDRqb0djVktLVEI4RF9UNEYwZ3Q0VUVFbUlKalh2cFliX010RzN5UzdZLVltSFJyTW5tdHNDeC0wTlYwQUlqSG9WVHA0VDBYNVJOM0xWcEFCR3lQcnl6clBvVzVMQVdOWnJ6TQ?oc=5\" target=\"_blank\" rel=\"nofollow noopener\">Sportsstudio &#8211; Bryne har kalla inn til pressekonferanse<\/a>&nbsp;&nbsp;Stavanger Aftenblad<\/li>\n<li><a href=\"https:\/\/news.google.com\/rss\/articles\/CBMibkFVX3lxTFBSeDJKN09aUlFqZE9JSUhYMDBUTkVfQWFobUoxOWFGdHMtQTE3NVBBbnBoaFJNRzliQnlPZmVWVEh3MkdmYUhXbmdvZWtock5pa1ZWT00zN1dkSUhmYnRWRmVlejhNSFI0VG5qSHln?oc=5\" target=\"_blank\" rel=\"nofollow noopener\">Fotball, \u00d8rjan Heiberg | Er dette Brynes nye trener?<\/a>&nbsp;&nbsp;J\u00e6rbladet<\/li>\n<li><a href=\"https:\/\/news.google.com\/rss\/articles\/CBMiggFBVV95cUxPblVHUGdtUVZHMUwyR2NuUndJYnBPNHY3eG14aUhKenhNcmpyRWwwajdOa2RFcnRZcV9tempWMF96UUpuQlMzTEV2U1FoLWp2NmRoUGlEY3lIckZoWk5PSG9kSFRVdDFJN2pmeHlQQ3Bkd0pQN1hVbXR0Ui1QM1JBVzF3?oc=5\" target=\"_blank\" rel=\"nofollow noopener\">Skal presentere ny Bryne-trener i dag<\/a>&nbsp;&nbsp;NRK<\/li>\n<\/ol>\n","protected":false},"excerpt":{"rendered":"Fotball, Bryne FK | Bryne presenterte sin andre hovedtrener p\u00e5 to dager&nbsp;&nbsp;J\u00e6rbladet Bekreftet: \u00d8rjan Heiberg er ny Bryne-trener&nbsp;&nbsp;VG&hellip;\n","protected":false},"author":2,"featured_media":120587,"comment_status":"","ping_status":"","sticky":false,"template":"","format":"standard","meta":{"footnotes":""},"categories":[59],"tags":[30,28,29,83,82],"class_list":{"0":"post-120586","1":"post","2":"type-post","3":"status-publish","4":"format-standard","5":"has-post-thumbnail","7":"category-sport","8":"tag-no","9":"tag-norge","10":"tag-norway","11":"tag-sport","12":"tag-sports"},"share_on_mastodon":{"url":"https:\/\/pubeurope.com\/@no\/115770261743787047","error":""},"_links":{"self":[{"href":"https:\/\/www.europesays.com\/no\/wp-json\/wp\/v2\/posts\/120586","targetHints":{"allow":["GET"]}}],"collection":[{"href":"https:\/\/www.europesays.com\/no\/wp-json\/wp\/v2\/posts"}],"about":[{"href":"https:\/\/www.europesays.com\/no\/wp-json\/wp\/v2\/types\/post"}],"author":[{"embeddable":true,"href":"https:\/\/www.europesays.com\/no\/wp-json\/wp\/v2\/users\/2"}],"replies":[{"embeddable":true,"href":"https:\/\/www.europesays.com\/no\/wp-json\/wp\/v2\/comments?post=120586"}],"version-history":[{"count":0,"href":"https:\/\/www.europesays.com\/no\/wp-json\/wp\/v2\/posts\/120586\/revisions"}],"wp:featuredmedia":[{"embeddable":true,"href":"https:\/\/www.europesays.com\/no\/wp-json\/wp\/v2\/media\/120587"}],"wp:attachment":[{"href":"https:\/\/www.europesays.com\/no\/wp-json\/wp\/v2\/media?parent=120586"}],"wp:term":[{"taxonomy":"category","embeddable":true,"href":"https:\/\/www.europesays.com\/no\/wp-json\/wp\/v2\/categories?post=120586"},{"taxonomy":"post_tag","embeddable":true,"href":"https:\/\/www.europesays.com\/no\/wp-json\/wp\/v2\/tags?post=120586"}],"curies":[{"name":"wp","href":"https:\/\/api.w.org\/{rel}","templated":true}]}}