{"id":120593,"date":"2025-12-23T18:45:15","date_gmt":"2025-12-23T18:45:15","guid":{"rendered":"https:\/\/www.europesays.com\/no\/120593\/"},"modified":"2025-12-23T18:45:15","modified_gmt":"2025-12-23T18:45:15","slug":"sa-tragisk-som-det-gar-an","status":"publish","type":"post","link":"https:\/\/www.europesays.com\/no\/120593\/","title":{"rendered":"\u2013 S\u00e5 tragisk som det g\u00e5r an"},"content":{"rendered":"\n<ul class=\"_list_o9xde_3 _list_64s2r_85 _unordered_o9xde_106 text-sans-m\">\n<li class=\"_item_o9xde_30\">Ole Einar Bj\u00f8rndalen beskriver d\u00f8dsfallet til skiskytter Sivert Guttorm Bakken (27) som et sjokk.<\/li>\n<li class=\"_item_o9xde_30\">Flere idrettsprofiler roser Bakkens styrke og t\u00e5lmodighet, til tross for helseproblemer.<\/li>\n<li class=\"_item_o9xde_30\">D\u00f8ds\u00e5rsaken er forel\u00f8pig ikke kjent.<\/li>\n<li class=\"_item_o9xde_30\">Bakken ble funnet d\u00f8d p\u00e5 et hotellrom i Italia lille julaften.<\/li>\n<\/ul>\n<p>Vis mer <\/p>\n<p class=\"_paragraph_o9xde_4 _paragraph_xtcu6_10 layout-component text-serif-m layout-normal text-serif-m layout-padded\">\u2013 Jeg sliter med \u00e5 sette ord p\u00e5 det. Man blir utrolig trist og jeg synes det er veldig urettferdig at en s\u00e5 fin og fantastisk gutt som Sivert ikke er blant oss lengre, sier Johannes Thingnes B\u00f8 til VG.<\/p>\n<p class=\"_paragraph_o9xde_4 _paragraph_xtcu6_10 layout-component text-serif-m layout-normal text-serif-m layout-padded\">Thingnes B\u00f8 husker Bakken som en utrolig talentfull skiskytter.<\/p>\n<p>Sivert Guttorm Bakken og skiskyting:Lag og verdenscup:<\/p>\n<p class=\"_paragraph_o9xde_4 _paragraph_xtcu6_10 _paragraph_16v91_10 layout-component text-serif-m layout-normal text-sans-m layout-padded\" itemprop=\"text\">Bakken representerte klubben Vingrom.<\/p>\n<p class=\"_paragraph_o9xde_4 _paragraph_xtcu6_10 _paragraph_16v91_10 layout-component text-serif-m layout-normal text-sans-m layout-padded\" itemprop=\"text\">Denne sesongen var han en del av det norske rekruttlandslaget i skiskyting. Det vil si niv\u00e5et under elitelag.<\/p>\n<p class=\"_paragraph_o9xde_4 _paragraph_xtcu6_10 _paragraph_16v91_10 layout-component text-serif-m layout-normal text-sans-m layout-padded\" itemprop=\"text\">Sist helg gikk Bakken verdenscuprenn. Den 19.-21. desember ble han henholdsvis nummer 5, 18 og 20 p\u00e5 henholdsvis sprint, jaktstart og fellesstart i tre renn i Frankrike.<\/p>\n<p class=\"_paragraph_o9xde_4 _paragraph_xtcu6_10 _paragraph_16v91_10 layout-component text-serif-m layout-normal text-sans-m layout-padded\" itemprop=\"text\">S\u00e5 reiste han videre til Italia og Lavaz\u00e8 for \u00e5 gjennomf\u00f8re et h\u00f8ydeopphold.<\/p>\n<p>Var i Italia p\u00e5 treningssamling:<\/p>\n<p class=\"_paragraph_o9xde_4 _paragraph_xtcu6_10 _paragraph_16v91_10 layout-component text-serif-m layout-normal text-sans-m layout-padded\" itemprop=\"text\">Skiskytterforbundet opplyste lille julaften at Bakken ble funnet d\u00f8d p\u00e5 hotellrommet sitt i Lavaz\u00e8. D\u00f8ds\u00e5rsaken er ikke kjent.<\/p>\n<p class=\"_paragraph_o9xde_4 _paragraph_xtcu6_10 _paragraph_16v91_10 layout-component text-serif-m layout-normal text-sans-m layout-padded\" itemprop=\"text\">Lavaz\u00e8 ligger bare en ti minutters kj\u00f8retur fra mer kjente Cavalese, en by Nord i Italia som er arrang\u00f8r for avslutningsetappene i langrennskonkurransen Tour de Ski.<\/p>\n<p class=\"_paragraph_o9xde_4 _paragraph_xtcu6_10 _paragraph_16v91_10 layout-component text-serif-m layout-normal text-sans-m layout-padded\" itemprop=\"text\">Lavaz\u00e8 er imidlertid et treningseldorado for skiskyttere som sverger til h\u00f8ydetrening.<\/p>\n<p class=\"_paragraph_o9xde_4 _paragraph_xtcu6_10 _paragraph_16v91_10 layout-component text-serif-m layout-normal text-sans-m layout-padded\" itemprop=\"text\">I treningsl\u00f8ypene p\u00e5 rundt 2000 meter er det, i motsetning til andre foretrukne h\u00f8ydetreningsdestinasjoner, standplass med skiskytterblinker i treningsl\u00f8ypene.<\/p>\n<p class=\"_paragraph_o9xde_4 _paragraph_xtcu6_10 _paragraph_16v91_10 layout-component text-serif-m layout-normal text-sans-m layout-padded\" itemprop=\"text\">Andre norske skiskyttere er p\u00e5 plass i Lavaz\u00e8 n\u00e5 i julen, det samme er enkelte langrennsl\u00f8pere.<\/p>\n<p>Verdenscupseier og meritter:<\/p>\n<p class=\"_paragraph_o9xde_4 _paragraph_xtcu6_10 _paragraph_16v91_10 layout-component text-serif-m layout-normal text-sans-m layout-padded\" itemprop=\"text\">Bakken tok i 2022 sin eneste verdenscupseier.<\/p>\n<p class=\"_paragraph_o9xde_4 _paragraph_xtcu6_10 _paragraph_16v91_10 layout-component text-serif-m layout-normal text-sans-m layout-padded\" itemprop=\"text\">Det skjedde p\u00e5 fellesstart i Holmenkollen. Den sesongen vant han samtidig fellesstartcupen sammenlagt. Han har fire ganger st\u00e5tt p\u00e5 pallen i verdenscupen.<\/p>\n<p class=\"_paragraph_o9xde_4 _paragraph_xtcu6_10 _paragraph_16v91_10 layout-component text-serif-m layout-normal text-sans-m layout-padded\" itemprop=\"text\">I 2016 vant han to gull i ungdoms-OL, et individuelt og et p\u00e5 blandet stafett.<\/p>\n<p class=\"_paragraph_o9xde_4 _paragraph_xtcu6_10 layout-component text-serif-m layout-normal text-serif-m layout-padded\">\u2013 Men det var i kombinasjon med \u00e5 v\u00e6re en omtenksom, snill og inkluderende person, som alltid hadde et smil om munnen, eller en god kommentar p\u00e5 lur. Han har v\u00e6rt en god lagspiller, en som elsker skiskyting av hele sitt hjerte, og lagt ned s\u00e5 hardt arbeid for \u00e5 n\u00e5 verdenstoppen.<\/p>\n<p class=\"_paragraph_o9xde_4 _paragraph_xtcu6_10 layout-component text-serif-m layout-normal text-serif-m layout-padded\">\u2013 Han har v\u00e6rt p\u00e5 sidelinjen noen \u00e5r, men kriget seg tilbake til topps og viste for seg selv og alle andre at han klarte det. Det er ufattelig trist, sier han.<\/p>\n<p><img alt=\"Foto: Terje Bendiksby \/ NTB\" class=\"_image_qp4xg_65 layout-component layout-normal\" data-fullscreen- data-track-element-type=\"Article image fullscreen\" data-track-name=\"ImageFullscreen\" decoding=\"async\" loading=\"lazy\" height=\"4000\" itemprop=\"image\"  src=\"https:\/\/www.europesays.com\/no\/wp-content\/uploads\/2025\/12\/f7e2976e-e88c-4705-bd86-b7e476b902fe\"  style=\"object-position:0% 0%\" width=\"6000\"\/>Foto: Terje Bendiksby \/ NTB<\/p>\n<p class=\"_paragraph_o9xde_4 _paragraph_xtcu6_10 layout-component text-serif-m layout-normal text-serif-m layout-padded\">\u2013 Det er vanskelig \u00e5 beskrive, sier Ole Einar Bj\u00f8rndalen (51).<\/p>\n<p class=\"_paragraph_o9xde_4 _paragraph_xtcu6_10 layout-component text-serif-m layout-normal text-serif-m layout-padded\">\u2013 Det er bare et sjokk. rett og slett, sier skiskytterlegenden, n\u00e5 ekspert i TV 2, etter meldingen om Sivert Guttorm Bakkens d\u00f8dsfall.<\/p>\n<p class=\"_paragraph_o9xde_4 _paragraph_xtcu6_10 layout-component text-serif-m layout-normal text-serif-m layout-padded\">Han omtaler Sivert Guttorm Bakken som en han har blitt kjent med gjennom de siste \u00e5rene. Bj\u00f8rndalen fulgte ham da han slo gjennom for en del \u00e5r siden og p\u00e5peker at Bakken har hatt sine helseproblemer, som hjertetr\u00f8bbel. <\/p>\n<p class=\"_paragraph_o9xde_4 _paragraph_xtcu6_10 layout-component text-serif-m layout-normal text-serif-m layout-padded\">D\u00f8ds\u00e5rsaken er forel\u00f8pig ikke kjent.<\/p>\n<p><img alt=\"Sivert Guttorm Bakken i aksjon i \u00d6stersund i desember.  Foto: MATHIAS BERGELD \/ Bildbyr\u00e5n\" class=\"_image_qp4xg_65 layout-component layout-normal\" data-fullscreen- data-track-element-type=\"Article image fullscreen\" data-track-name=\"ImageFullscreen\" decoding=\"async\" loading=\"lazy\" height=\"4000\" itemprop=\"image\"  src=\"https:\/\/www.europesays.com\/no\/wp-content\/uploads\/2025\/12\/69387f61-2a80-4dba-9b00-70fb858eb4a7\"  style=\"object-position:0% 0%\" width=\"6000\"\/>Sivert Guttorm Bakken i aksjon i \u00d6stersund i desember.  Foto: MATHIAS BERGELD \/ Bildbyr\u00e5n\u2013 Verdens mest t\u00e5lmodige<\/p>\n<p class=\"_paragraph_o9xde_4 _paragraph_xtcu6_10 layout-component text-serif-m layout-normal text-serif-m layout-padded\">\u2013 Han har v\u00e6rt verdens mest t\u00e5lmodige person. Han har hvilt, hvilt og hvilt, kroppen har hektet seg inn igjen. Han har begynt \u00e5 trene, tatt steg for steg, kommet tilbake til verdenstoppen. S\u00e5 kommer denne nyheten her\u2026 Det er s\u00e5 tragisk som det g\u00e5r an \u00e5 f\u00e5 blitt, sier Bj\u00f8rndalen.<\/p>\n<p class=\"_paragraph_o9xde_4 _paragraph_xtcu6_10 layout-component text-serif-m layout-normal text-serif-m layout-padded\">Bj\u00f8rndalen sier dette om hvordan han vil huske Bakken:<\/p>\n<p class=\"_paragraph_o9xde_4 _paragraph_xtcu6_10 layout-component text-serif-m layout-normal text-serif-m layout-padded\">\u2013 Det er veldig sjelden jeg bruker dette om personer, men han virker som en \u00abhel ved\u00bb-person. <\/p>\n<p class=\"_paragraph_o9xde_4 _paragraph_xtcu6_10 layout-component text-serif-m layout-normal text-serif-m layout-padded\">\u2013 En helt d\u00f8nn solid type, utrolig \u00e6rlig, nysgjerrig, arbeidssom, alltid godt hum\u00f8r og blid. Det virker som det bare er godt i ham, liksom. Jeg har ikke kjent ham i mange \u00e5r, men han har ringt meg, vi har pratet og m\u00f8ttes p\u00e5 skirenn, og g\u00e5tt noen turer p\u00e5 ski. Dette blir et stort savn i skiskyttermilj\u00f8et.<\/p>\n<p class=\"_paragraph_o9xde_4 _paragraph_xtcu6_10 layout-component text-serif-m layout-normal text-serif-m layout-padded\">\u2013 Det er helt j\u00e6vlig. Det er jo det. Jeg har vanskeligheter med \u00e5 forst\u00e5 det, innleder hun mens t\u00e5rene presser p\u00e5. Sivert var en fantastisk mann. Han var alltid s\u00e5 positiv, sier tidligere skiskytter Tiril Eckhoff til TV 2.  <\/p>\n<p><img decoding=\"async\" alt=\"Bilde av Tiril Eckhoff\" class=\"_image_ygndg_42\" height=\"26\" itemprop=\"image\" loading=\"lazy\"  src=\"https:\/\/www.europesays.com\/no\/wp-content\/uploads\/2025\/12\/e6374233-0e1b-475c-ab48-7ef4793fcc67\"  width=\"40\"\/><strong class=\"_name_ygndg_51 title-serif-xs\">Tiril Eckhoff<\/strong><\/p>\n<p class=\"_paragraph_o9xde_4 text-sans-m _description_ygndg_56\">Tidligere skiskytter<\/p>\n<p class=\"_paragraph_o9xde_4 _paragraph_xtcu6_10 layout-component text-serif-m layout-normal text-serif-m layout-padded\">Bakken ble funnet d\u00f8d p\u00e5 hotellrommet sitt i Lavaz\u00e8 i Italia lille julaften, opplyser Norges Skiskytterforbund. <\/p>\n<p class=\"_paragraph_o9xde_4 _paragraph_xtcu6_10 layout-component text-serif-m layout-normal text-serif-m layout-padded\">Lavaz\u00e8 ligger bare en ti minutters kj\u00f8retur fra mer kjente Cavalese, en by nord i Italia som er arrang\u00f8r for avslutningsetappene i langrennskonkurransen Tour de Ski.Lavaz\u00e8 er imidlertid et treningseldorado for skiskyttere som sverger til h\u00f8ydetrening. <\/p>\n<p><img alt=\"Sivert Guttorm Bakken etter fellesstarten under sesong\u00e5pningen for skiskytterne p\u00e5 Geilo i \u00e5r.  Foto: Geir Olsen \/ NTB\" class=\"_image_qp4xg_65 layout-component layout-normal\" data-fullscreen- data-track-element-type=\"Article image fullscreen\" data-track-name=\"ImageFullscreen\" decoding=\"async\" loading=\"lazy\" height=\"5085\" itemprop=\"image\"  src=\"https:\/\/www.europesays.com\/no\/wp-content\/uploads\/2025\/12\/be23ebca-f6df-4e90-a080-a828ba36835b\"  style=\"object-position:0% 0%\" width=\"7627\"\/>Sivert Guttorm Bakken etter fellesstarten under sesong\u00e5pningen for skiskytterne p\u00e5 Geilo i \u00e5r.  Foto: Geir Olsen \/ NTB<\/p>\n<p class=\"_paragraph_o9xde_4 _paragraph_xtcu6_10 layout-component text-serif-m layout-normal text-serif-m layout-padded\">I treningsl\u00f8ypene p\u00e5 rundt 2000 meter er det, i motsetning til andre foretrukne h\u00f8ydetreningsdestinasjoner, standplass med skiskytterblinker i treningsl\u00f8ypene. Flere norske skiskyttere er p\u00e5 plass i Lavaz\u00e8 n\u00e5 i julen, det samme er enkelte langrennsl\u00f8pere.<\/p>\n<p>Skiskytterlandslaget i sorg<\/p>\n<p class=\"_paragraph_o9xde_4 _paragraph_xtcu6_10 layout-component text-serif-m layout-normal text-serif-m layout-padded\">Flere av ut\u00f8verne p\u00e5 det norske skiskytterlandslaget har delt et bilde Bakken p\u00e5 sine Instagram Stories. <\/p>\n<p class=\"_paragraph_o9xde_4 _paragraph_xtcu6_10 layout-component text-serif-m layout-normal text-serif-m layout-padded\">Lagkompis Isak Leknes Frey er en av dem.<\/p>\n<p class=\"_paragraph_o9xde_4 _paragraph_xtcu6_10 layout-component text-serif-m layout-normal text-serif-m layout-padded\">\u2013 Sivert, du var en fantastisk person og lagkamerat. Hvil i fred, skriver han.<\/p>\n<p class=\"_paragraph_o9xde_4 _paragraph_xtcu6_10 layout-component text-serif-m layout-normal text-serif-m layout-padded\">Vetle Sj\u00e5stad Christiansen har ogs\u00e5 delt et bilde av seg selv og Bakken p\u00e5 Instagram.<\/p>\n<p class=\"_paragraph_o9xde_4 _paragraph_xtcu6_10 layout-component text-serif-m layout-normal text-serif-m layout-padded\">\u2013 Du var tilbake!! P\u00e5 toppen av pallen, p\u00e5 toppen av de h\u00f8yeste fjella i Norge og p\u00e5 toppen av livet. Jo mer du trente, jo bredere gliste du. Du var selve fasiten p\u00e5 dedikasjon. Hvil i fred n\u00e5, skriver han.<\/p>\n<p class=\"_paragraph_o9xde_4 _paragraph_xtcu6_10 layout-component text-serif-m layout-normal text-serif-m layout-padded\">\u2013 Sivert, du var en av de r\u00e5este. Du var drivkraft i person. Du hadde evnen til \u00e5 jobbe deg ut av det verste. Der alle andre ville gitt opp, der ga du gass. Sivert, du var et forbilde, en inspirasjon, hadde en st\u00e5p\u00e5-vilje vi andre kunne dr\u00f8mme om. Takk for alt Sivert. Hvil i fred, skriver Sturla Holm L\u00e6greid.<\/p>\n<p>\u2013 Sjokkerende og trist<\/p>\n<p class=\"_paragraph_o9xde_4 _paragraph_xtcu6_10 layout-component text-serif-m layout-normal text-serif-m layout-padded\">\u2013 Det er sjokkerende og trist. Han var en herlig type og han virket s\u00e5 livlig og optimistisk under verdenscupen i Frankrike forrige uke, sier NRKs skiskytterekspert, Torgeir Bj\u00f8rn, til VG.<\/p>\n<p><img decoding=\"async\" alt=\"Bilde av Torgeir Bj\u00f8rn\" class=\"_image_ygndg_42\" height=\"27\" itemprop=\"image\" loading=\"lazy\"  src=\"https:\/\/www.europesays.com\/no\/wp-content\/uploads\/2025\/12\/d619cf59-8893-4a86-98df-0b9e11a596f4\"  width=\"40\"\/><strong class=\"_name_ygndg_51 title-serif-xs\">Torgeir Bj\u00f8rn<\/strong><\/p>\n<p class=\"_paragraph_o9xde_4 text-sans-m _description_ygndg_56\">Skiskytterekspert i NRK<\/p>\n<p class=\"_paragraph_o9xde_4 _paragraph_xtcu6_10 layout-component text-serif-m layout-normal text-serif-m layout-padded\">Skiskytterekspert og TV 2-kommentator, Ole Kristian Stoltenberg mottar nyheten med sjokk.<\/p>\n<p class=\"_paragraph_o9xde_4 _paragraph_xtcu6_10 layout-component text-serif-m layout-normal text-serif-m layout-padded\">\u2013 Jeg kjenner t\u00e5rene presser p\u00e5. S\u00e5nne beskjeder treffer midt i hjertet. Sivert var en fantastisk ut\u00f8ver, men et enda st\u00f8rre menneske. Han kjempet seg gjennom for \u00e5 bli best og han har g\u00e5tt en lengre vei enn de fleste for \u00e5 n\u00e5 toppen, men han ga aldri opp.<\/p>\n<p><img decoding=\"async\" alt=\"Bilde av Ole Kristian Stoltenberg\" class=\"_image_ygndg_42\" height=\"27\" itemprop=\"image\" loading=\"lazy\"  src=\"https:\/\/www.europesays.com\/no\/wp-content\/uploads\/2025\/12\/0ee4cfd0-9853-45ff-b7fc-8db078530d5d\"  width=\"40\"\/><strong class=\"_name_ygndg_51 title-serif-xs\">Ole Kristian Stoltenberg<\/strong><\/p>\n<p class=\"_paragraph_o9xde_4 text-sans-m _description_ygndg_56\">Skiskytterekspert i TV 2<\/p>\n<p class=\"_paragraph_o9xde_4 _paragraph_xtcu6_10 layout-component text-serif-m layout-normal text-serif-m layout-padded\">\u2013 For meg er dette et sjokk. Jeg snakket med han senest for to dager siden Det er helt uvirkelig, sier NRKs skiskytterekspert, Ola Lunde, til VG.<\/p>\n<p class=\"_paragraph_o9xde_4 _paragraph_xtcu6_10 layout-component text-serif-m layout-normal text-serif-m layout-padded\">Lunde minnes Bakken som en god person som var raus med alle han m\u00f8tte.<\/p>\n<p class=\"_paragraph_o9xde_4 _paragraph_xtcu6_10 layout-component text-serif-m layout-normal text-serif-m layout-padded\">\u2013 En fantastisk idrettsperson \u00e5 snakke med. Han var god venn med flere ut\u00f8vere, s\u00e5 dette ryster hele det internasjonale skiskyttermilj\u00f8et, sier han.<\/p>\n<p><img decoding=\"async\" alt=\"Bilde av Ola Lunde\" class=\"_image_ygndg_42\" height=\"27\" itemprop=\"image\" loading=\"lazy\"  src=\"https:\/\/www.europesays.com\/no\/wp-content\/uploads\/2025\/12\/cd851830-401a-443c-af0d-e00164ceb315\"  width=\"40\"\/><strong class=\"_name_ygndg_51 title-serif-xs\">Ola Lunde<\/strong><\/p>\n<p class=\"_paragraph_o9xde_4 text-sans-m _description_ygndg_56\">Skiskytterekspert i NRK<\/p>\n","protected":false},"excerpt":{"rendered":"Ole Einar Bj\u00f8rndalen beskriver d\u00f8dsfallet til skiskytter Sivert Guttorm Bakken (27) som et sjokk. Flere idrettsprofiler roser Bakkens&hellip;\n","protected":false},"author":2,"featured_media":120594,"comment_status":"","ping_status":"","sticky":false,"template":"","format":"standard","meta":{"footnotes":""},"categories":[5],"tags":[20,21,24,25,15,19,22,23,17,18,13,30,28,29,14,16,769,26,27],"class_list":{"0":"post-120593","1":"post","2":"type-post","3":"status-publish","4":"format-standard","5":"has-post-thumbnail","7":"category-overskrifter","8":"tag-breaking-news","9":"tag-breakingnews","10":"tag-featured-news","11":"tag-featurednews","12":"tag-headlines","13":"tag-hovedoppslag","14":"tag-latest-news","15":"tag-latestnews","16":"tag-main-news","17":"tag-mainnews","18":"tag-news","19":"tag-no","20":"tag-norge","21":"tag-norway","22":"tag-nyheter","23":"tag-overskrifter","24":"tag-skiskyting","25":"tag-top-stories","26":"tag-topstories"},"share_on_mastodon":{"url":"https:\/\/pubeurope.com\/@no\/115770368239720773","error":""},"_links":{"self":[{"href":"https:\/\/www.europesays.com\/no\/wp-json\/wp\/v2\/posts\/120593","targetHints":{"allow":["GET"]}}],"collection":[{"href":"https:\/\/www.europesays.com\/no\/wp-json\/wp\/v2\/posts"}],"about":[{"href":"https:\/\/www.europesays.com\/no\/wp-json\/wp\/v2\/types\/post"}],"author":[{"embeddable":true,"href":"https:\/\/www.europesays.com\/no\/wp-json\/wp\/v2\/users\/2"}],"replies":[{"embeddable":true,"href":"https:\/\/www.europesays.com\/no\/wp-json\/wp\/v2\/comments?post=120593"}],"version-history":[{"count":0,"href":"https:\/\/www.europesays.com\/no\/wp-json\/wp\/v2\/posts\/120593\/revisions"}],"wp:featuredmedia":[{"embeddable":true,"href":"https:\/\/www.europesays.com\/no\/wp-json\/wp\/v2\/media\/120594"}],"wp:attachment":[{"href":"https:\/\/www.europesays.com\/no\/wp-json\/wp\/v2\/media?parent=120593"}],"wp:term":[{"taxonomy":"category","embeddable":true,"href":"https:\/\/www.europesays.com\/no\/wp-json\/wp\/v2\/categories?post=120593"},{"taxonomy":"post_tag","embeddable":true,"href":"https:\/\/www.europesays.com\/no\/wp-json\/wp\/v2\/tags?post=120593"}],"curies":[{"name":"wp","href":"https:\/\/api.w.org\/{rel}","templated":true}]}}