{"id":120595,"date":"2025-12-23T18:51:11","date_gmt":"2025-12-23T18:51:11","guid":{"rendered":"https:\/\/www.europesays.com\/no\/120595\/"},"modified":"2025-12-23T18:51:11","modified_gmt":"2025-12-23T18:51:11","slug":"shazia-majid-om-den-harde-retorikken-i-innvandringsdebatten","status":"publish","type":"post","link":"https:\/\/www.europesays.com\/no\/120595\/","title":{"rendered":"Shazia Majid om den harde retorikken i innvandringsdebatten"},"content":{"rendered":"\n<ul class=\"_list_o9xde_3 _list_64s2r_85 _unordered_o9xde_106 text-sans-m\">\n<li class=\"_item_o9xde_30\">Innvandrere er tause i den harde debatten, mener VGs kommentator. <\/li>\n<li class=\"_item_o9xde_30\">Stillheten skyldes frykt og utmattelse i et fiendtlig klima. <\/li>\n<li class=\"_item_o9xde_30\">Spr\u00e5ket stempler dem som uintegrerbare, noe som skaper mistillit og utrygghet. <\/li>\n<li class=\"_item_o9xde_30\">Dette er en kommentar. Kommentaren gir uttrykk for skribentens holdning.<\/li>\n<\/ul>\n<p>Vis mer <\/p>\n<p class=\"_paragraph_o9xde_4 _paragraph_xtcu6_10 layout-component text-serif-m layout-normal text-serif-m layout-padded\">De siste m\u00e5nedene og ukene har innvandringsdebatten p\u00e5 nytt tatt fyr. N\u00e5 er det blitt et kappl\u00f8p om hvem som skal v\u00e6re hardest. <\/p>\n<p class=\"_paragraph_o9xde_4 _paragraph_xtcu6_10 layout-component text-serif-m layout-normal text-serif-m layout-padded\">I innvandringspolitikken \u2013 og f\u00f8lgelig mot innvandrere. <\/p>\n<p class=\"_paragraph_o9xde_4 _paragraph_xtcu6_10 layout-component text-serif-m layout-normal text-serif-m layout-padded\">Det sitter hundretusenvis av \u00abinnvandrere\u00bb som ikke har gjort en flue fortred, og leser dette. <\/p>\n<p class=\"_paragraph_o9xde_4 _paragraph_xtcu6_10 layout-component text-serif-m layout-normal text-serif-m layout-padded\"><strong class=\"_strong_o9xde_25\">Det er barn av innvandrere som h\u00f8rer dette. <\/strong><\/p>\n<p class=\"_paragraph_o9xde_4 _paragraph_xtcu6_10 layout-component text-serif-m layout-normal text-serif-m layout-padded\">Den harde retorikken. <\/p>\n<p class=\"_paragraph_o9xde_4 _paragraph_xtcu6_10 layout-component text-serif-m layout-normal text-serif-m layout-padded\">Den gjelder ikke alle innvandrere, men innvandrere med \u00abet annerledes verdigrunnlag som kolliderer med v\u00e5rt eget\u00bb, som Hans Jacob Huun Thomsen i Venstre formulerte det i en <a href=\"https:\/\/www.aftenposten.no\/meninger\/debatt\/i\/bm9X43\/hvorfor-jeg-snudde-i-innvandringspolitikken\" class=\"_link_o9xde_39\" rel=\"nofollow noopener\" target=\"_blank\">kronikk<\/a> i november. <\/p>\n<p class=\"_paragraph_o9xde_4 _paragraph_xtcu6_10 layout-component text-serif-m layout-normal text-serif-m layout-padded\">Han fikk st\u00f8tte fra en lang rekke maktpersoner og politikere, blant annet H\u00f8yres trolig p\u00e5troppende nestleder Ola Svenneby. <\/p>\n<p class=\"_paragraph_o9xde_4 _paragraph_xtcu6_10 layout-component text-serif-m layout-normal text-serif-m layout-padded\">Senest denne uken har Asle Toje, medlem i Nobel-komiteen, advart mot <a href=\"https:\/\/www.aftenposten.no\/meninger\/debatt\/i\/8pmm5G\/asle-toje-vil-norge-overleve-det-som-kommer\" class=\"_link_o9xde_39\" rel=\"nofollow noopener\" target=\"_blank\">tap av den norske enhetskulturen<\/a>. Grunn, innvandring, og at \u00absv\u00e6rt mange ikke er norske i kulturell forstand\u00bb.<\/p>\n<p class=\"_paragraph_o9xde_4 _paragraph_xtcu6_10 layout-component text-serif-m layout-normal text-serif-m layout-padded\">N\u00e5r politikere og andre n\u00e5 peker ut folk med \u00abannerledes verdigrunnlag\u00bb basert p\u00e5 hvor de en gang kom fra, snakker de ikke om <a href=\"https:\/\/www.theguardian.com\/world\/2020\/jun\/12\/polish-president-issues-campaign-pledge-to-fight-lgbt-ideology\" class=\"_link_o9xde_39\" rel=\"nofollow noopener\" target=\"_blank\">homofiendtligheten eller<\/a> <a href=\"https:\/\/www.ohchr.org\/en\/press-releases\/2024\/08\/poland-violated-womens-rights-unduly-restricting-access-abortion-un\" class=\"_link_o9xde_39\" rel=\"nofollow noopener\" target=\"_blank\">abortforbudet<\/a> i land som Polen. <\/p>\n<p class=\"_paragraph_o9xde_4 _paragraph_xtcu6_10 layout-component text-serif-m layout-normal text-serif-m layout-padded\">Den st\u00f8rste innvandrergruppen i Norge kommer fra Polen. <\/p>\n<p class=\"_paragraph_o9xde_4 _paragraph_xtcu6_10 layout-component text-serif-m layout-normal text-serif-m layout-padded\">Over halvparten (650 000) av alle med innvandrerbakgrunn i Norge kommer fra \u00abvestlige\u00bb land, viser tall fra SSB.<\/p>\n<p class=\"_paragraph_o9xde_4 _paragraph_xtcu6_10 layout-component text-serif-m layout-normal text-serif-m layout-padded\">Nei, innvandringsdebatten handler ikke om disse. <\/p>\n<p class=\"_paragraph_o9xde_4 _paragraph_xtcu6_10 layout-component text-serif-m layout-normal text-serif-m layout-padded\">Den handler om \u00abikke-vestlige\u00bb innvandrere. <\/p>\n<p class=\"_paragraph_o9xde_4 _paragraph_xtcu6_10 layout-component text-serif-m layout-normal text-serif-m layout-padded\">De utgj\u00f8r 9 prosent av befolkningen.<\/p>\n<p><img alt=\"STILLHETEN: Innvandringsdebatten har blusset opp n\u00e6rmest uten at innvandrere selv deltar i debatten. Illustrasjon  Foto: Xueqi Pang \/ VG\" class=\"_image_qp4xg_65 layout-component layout-normal\" data-fullscreen- data-track-element-type=\"Article image fullscreen\" data-track-name=\"ImageFullscreen\" decoding=\"async\" loading=\"lazy\" height=\"5464\" itemprop=\"image\"  src=\"https:\/\/www.europesays.com\/no\/wp-content\/uploads\/2025\/12\/f1eeea54-ca95-4293-ad3d-794781fd827e\"  style=\"object-position:0% 0%\" width=\"8192\"\/>STILLHETEN: Innvandringsdebatten har blusset opp n\u00e6rmest uten at innvandrere selv deltar i debatten. Illustrasjon  Foto: Xueqi Pang \/ VG<\/p>\n<p class=\"_paragraph_o9xde_4 _paragraph_xtcu6_10 layout-component text-serif-m layout-normal text-serif-m layout-padded\">Hva landets \u00abikke-vestlige innvandrere\u00bb tenker om \u00e5 av enkelte bli omtalt som en trussel mot det liberale norske demokratiet vet vi knapt. <\/p>\n<p class=\"_paragraph_o9xde_4 _paragraph_xtcu6_10 layout-component text-serif-m layout-normal text-serif-m layout-padded\">Stillheten er p\u00e5fallende. <\/p>\n<p class=\"_paragraph_o9xde_4 _paragraph_xtcu6_10 layout-component text-serif-m layout-normal text-serif-m layout-padded\">Veldig ulikt debatten i de foreg\u00e5ende ti\u00e5rene, da s\u00e6rlig unge med innvandrerbakgrunn satt i TV-studioer og forsvarte sin plass i Norge. <\/p>\n<p class=\"_paragraph_o9xde_4 _paragraph_xtcu6_10 layout-component text-serif-m layout-normal text-serif-m layout-padded\">Jeg mener det skyldes to ting: Frykt og utmattelse.<\/p>\n<p class=\"_paragraph_o9xde_4 _paragraph_xtcu6_10 layout-component text-serif-m layout-normal text-serif-m layout-padded\">Jeg vet at mange med etnisk minoritetsbakgrunn, s\u00e6rlig de med flyktningbakgrunn som ikke har v\u00e6rt her s\u00e5 lenge, kvier seg for \u00e5 si noe i det opphetede, til tider fiendtlige debattklimaet.<\/p>\n<p class=\"_paragraph_o9xde_4 _paragraph_xtcu6_10 layout-component text-serif-m layout-normal text-serif-m layout-padded\">Det er noe med omfanget, ensrettingen og intensiteten. <\/p>\n<p class=\"_paragraph_o9xde_4 _paragraph_xtcu6_10 layout-component text-serif-m layout-normal text-serif-m layout-padded\">For en som tilh\u00f8rer en minoritet, blir det utmattende. En tretthet som ikke bare skyldes frykt, men belastningen ved \u00e5 bli sett p\u00e5 som fremmed. <\/p>\n<p class=\"_paragraph_o9xde_4 _paragraph_xtcu6_10 layout-component text-serif-m layout-normal text-serif-m layout-padded\">I ens eget hjem.<\/p>\n<p class=\"_paragraph_o9xde_4 _paragraph_xtcu6_10 layout-component text-serif-m layout-normal text-serif-m layout-padded\">At <a href=\"https:\/\/www.vg.no\/nyheter\/i\/zA1O6w\/oslo-rapporten-lav-tillit-splitter-byen\" data-track-element-type=\"Link\" data-track-id=\"link:zA1O6w\" class=\"_link_o9xde_39\" rel=\"nofollow noopener\" target=\"_blank\">innvandringens mange utfordringer<\/a> diskuteres \u2013 og at innstramminger foresl\u00e5s, er ikke problemet. Det har v\u00e6rt n\u00f8dvendig \u2013 og det har vi gjort i over femti \u00e5r.<\/p>\n<p class=\"_paragraph_o9xde_4 _paragraph_xtcu6_10 layout-component text-serif-m layout-normal text-serif-m layout-padded\">Problemet er hvordan vi snakker om det n\u00e5.<\/p>\n<p class=\"_paragraph_o9xde_4 _paragraph_xtcu6_10 layout-component text-serif-m layout-normal text-serif-m layout-padded\">Ordene som brukes former fortellingen. <\/p>\n<p class=\"_paragraph_o9xde_4 _paragraph_xtcu6_10 layout-component text-serif-m layout-normal text-serif-m layout-padded\">Fortellingen som n\u00e5 tegner seg er at ikke-vestlige innvandrere, en eufemisme for muslimer, er uintegrerbare. <\/p>\n<p><img alt=\"ENDRET SYN: Hans Jacob Huun Thomsen fra Venstre har endret syn p\u00e5 innvandring etter det han mener har v\u00e6rt ber\u00f8ringsangst i sitt eget parti. N\u00e5 er han uttalt innvandringskritisk.\" class=\"_image_qp4xg_65 layout-component layout-normal\" data-fullscreen- data-track-element-type=\"Article image fullscreen\" data-track-name=\"ImageFullscreen\" decoding=\"async\" loading=\"lazy\" height=\"1196\" itemprop=\"image\"  src=\"https:\/\/www.europesays.com\/no\/wp-content\/uploads\/2025\/12\/493ac13a-4930-4433-abc4-92f22957cdc1\"  style=\"object-position:0% 0%\" width=\"1264\"\/>ENDRET SYN: Hans Jacob Huun Thomsen fra Venstre har endret syn p\u00e5 innvandring etter det han mener har v\u00e6rt ber\u00f8ringsangst i sitt eget parti. N\u00e5 er han uttalt innvandringskritisk.<\/p>\n<p class=\"_paragraph_o9xde_4 _paragraph_xtcu6_10 layout-component text-serif-m layout-normal text-serif-m layout-padded\">Det som for kort tid siden var forbeholdt lukkede chattekanaler, kommentarfelt og ytre h\u00f8yre-grupperinger er n\u00e5 i ferd med \u00e5 bli normalisert.<\/p>\n<p class=\"_paragraph_o9xde_4 _paragraph_xtcu6_10 layout-component text-serif-m layout-normal text-serif-m layout-padded\">\u00abHva var det jeg sa\u00bb, er mantraet til klassiske innvandringsmotstandere.<\/p>\n<p class=\"_paragraph_o9xde_4 _paragraph_xtcu6_10 layout-component text-serif-m layout-normal text-serif-m layout-padded\">Folk som sokner til sentrum-venstre og de konservative n\u00f8yer seg med \u00e5 si at \u00abFrp har hatt rett hele tiden\u00bb. <\/p>\n<p class=\"_paragraph_o9xde_4 _paragraph_xtcu6_10 layout-component text-serif-m layout-normal text-serif-m layout-padded\">De sistnevnte har gode intensjoner, bedre integrering av de vi har, og b\u00e6rekraftig ny innvandring.<\/p>\n<p class=\"_paragraph_o9xde_4 _paragraph_xtcu6_10 layout-component text-serif-m layout-normal text-serif-m layout-padded\">Hvorfor kommer dette n\u00e5? Og i et slikt omfang?<\/p>\n<p class=\"_paragraph_o9xde_4 _paragraph_xtcu6_10 layout-component text-serif-m layout-normal text-serif-m layout-padded\">Fordi granatangrepet utf\u00f8rt av mindre\u00e5rige barn av innvandrere p\u00e5 Bislett i Oslo i september ble tungen p\u00e5 vektsk\u00e5len for mange. <\/p>\n<p class=\"_paragraph_o9xde_4 _paragraph_xtcu6_10 layout-component text-serif-m layout-normal text-serif-m layout-padded\">Angrepet skjedde ikke i et tomrom. I \u00e5rene etter pandemien har vi sett en betydelig \u00f8kning i grov vold utf\u00f8rt av barn. <\/p>\n<p class=\"_paragraph_o9xde_4 _paragraph_xtcu6_10 layout-component text-serif-m layout-normal text-serif-m layout-padded\">S\u00e6rlig <a href=\"https:\/\/www.vg.no\/nyheter\/i\/PpkdPJ\/shazia-majid-om-gjengvolden-og-foreldrenes-rolle\" data-track-element-type=\"Link\" data-track-id=\"link:PpkdPJ\" class=\"_link_o9xde_39\" rel=\"nofollow noopener\" target=\"_blank\">barn av innvandrere<\/a>. <\/p>\n<p class=\"_paragraph_o9xde_4 _paragraph_xtcu6_10 layout-component text-serif-m layout-normal text-serif-m layout-padded\">Fra f\u00f8r er det godt kjent at Oslo er i ferd med \u00e5 bli en etnisk segregert by, at det er lav sysselsettingsgrad i enkelte innvandrergrupper, s\u00e6rlig flyktninger, og at vi fortsatt sliter med negativ sosial kontroll og \u00e6resvold.<\/p>\n<p class=\"_paragraph_o9xde_4 _paragraph_xtcu6_10 layout-component text-serif-m layout-normal text-serif-m layout-padded\">For flere ble Bislett-angrepet en mulighet til \u00e5 kaste hansken \u2013 og masken.<\/p>\n<p class=\"_paragraph_o9xde_4 _paragraph_xtcu6_10 layout-component text-serif-m layout-normal text-serif-m layout-padded\">Og spr\u00e5ket har hardnet raskt.<\/p>\n<p class=\"_paragraph_o9xde_4 _paragraph_xtcu6_10 layout-component text-serif-m layout-normal text-serif-m layout-padded\">Samtalen er i ferd med \u00e5 bevege seg fra krav om integrering til krav om assimilering. Den har g\u00e5tt fra politikk til verbale angrep p\u00e5 folk fra Asia og Afrika, s\u00e6rlig muslimene.<\/p>\n<p class=\"_paragraph_o9xde_4 _paragraph_xtcu6_10 layout-component text-serif-m layout-normal text-serif-m layout-padded\">Deportering av nordmenn vi ikke liker (eller remigrasjon, som det n\u00e5 kalles) er p\u00e5 vei til \u00e5 innta den allmenne samtalen, b\u00e5de i sosiale medier og n\u00e5 ogs\u00e5 politikken. <\/p>\n<p><img alt=\"VARSLER INNSTRAMMINGER: Jonas Gahr St\u00f8re og justisminist Astri Aas Hansen gikk denne uken ut og varslet flere innstramminger i innvandringspolitikken.   Foto: Helge Mikalsen \/ VG\" class=\"_image_qp4xg_65 layout-component layout-normal\" data-fullscreen- data-track-element-type=\"Article image fullscreen\" data-track-name=\"ImageFullscreen\" decoding=\"async\" loading=\"lazy\" height=\"4773\" itemprop=\"image\"  src=\"https:\/\/www.europesays.com\/no\/wp-content\/uploads\/2025\/12\/8bdcc83b-86bc-4eae-9e5b-f04284a49591\"  style=\"object-position:0% 0%\" width=\"6625\"\/>VARSLER INNSTRAMMINGER: Jonas Gahr St\u00f8re og justisminist Astri Aas Hansen gikk denne uken ut og varslet flere innstramminger i innvandringspolitikken.   Foto: Helge Mikalsen \/ VG<\/p>\n<p class=\"_paragraph_o9xde_4 _paragraph_xtcu6_10 layout-component text-serif-m layout-normal text-serif-m layout-padded\">Da H\u00f8yre-politiker Mahmoud Farahmand nylig <a href=\"https:\/\/klassekampen.no\/artikkel\/2025-11-28\/skal-mine-barn-kunne-remigreres\" class=\"_link_o9xde_39\" rel=\"nofollow noopener\" target=\"_blank\">uttrykte bekymring<\/a> for ideen om \u00abremigrasjon\u00bb, ble han i sine sosiale medier m\u00f8tt med stor skuffelse fra alle som har likt hans beinharde linje mot innvandring. <\/p>\n<p class=\"_paragraph_o9xde_4 _paragraph_xtcu6_10 layout-component text-serif-m layout-normal text-serif-m layout-padded\">Noe flomvern mot deportering ville de ikke ha. <\/p>\n<p class=\"_paragraph_o9xde_4 _paragraph_xtcu6_10 layout-component text-serif-m layout-normal text-serif-m layout-padded\">Hit har vi alts\u00e5 kommet. Hva blir det neste?<\/p>\n<p class=\"_paragraph_o9xde_4 _paragraph_xtcu6_10 layout-component text-serif-m layout-normal text-serif-m layout-padded\">Hva skjer n\u00e5r stadig flere politikere og maktpersoner definerer ikke-vestlige og muslimer som selve problemet \u2013 og stadig f\u00e6rre taler dem i mot?<\/p>\n<p class=\"_paragraph_o9xde_4 _paragraph_xtcu6_10 layout-component text-serif-m layout-normal text-serif-m layout-padded\">Det skaper redsel og det skaper utrygghet \u2013 som er gift for v\u00e5rt fellesskap. Jo mer utenforskap, dess d\u00e5rligere g\u00e5r integreringen. <\/p>\n<p class=\"_paragraph_o9xde_4 _paragraph_xtcu6_10 layout-component text-serif-m layout-normal text-serif-m layout-padded\">Resultatet blir det man kaller en selvoppfyllende profeti: N\u00e5r mennesker defineres som et problem, behandles de deretter \u2013 og skyves inn i den rollen de ble tildelt. <\/p>\n<p class=\"_paragraph_o9xde_4 _paragraph_xtcu6_10 layout-component text-serif-m layout-normal text-serif-m layout-padded\">Det er legitimt \u00e5 mene at vi har problemer som m\u00e5 l\u00f8ses. Om det gjelder <a href=\"https:\/\/www.vg.no\/nyheter\/i\/yEBrwe\/ungdomsvold-staten-har-sviktet\" data-track-element-type=\"Link\" data-track-id=\"link:yEBrwe\" class=\"_link_o9xde_39\" rel=\"nofollow noopener\" target=\"_blank\">kriminalitet<\/a>, sysselsetting eller negativ sosial kontroll.<\/p>\n<p class=\"_paragraph_o9xde_4 _paragraph_xtcu6_10 layout-component text-serif-m layout-normal text-serif-m layout-padded\">Men det er ikke legitimt \u00e5 stemple hundretusener av nordmenn som uintegrerbare.  <\/p>\n<p class=\"_paragraph_o9xde_4 _paragraph_xtcu6_10 layout-component text-serif-m layout-normal text-serif-m layout-padded\">Det bygger ikke trygghet. Det bygger mistillit.<\/p>\n<p>   Dette er en kommentar. Kommentaren gir uttrykk for skribentens holdning. <\/p>\n","protected":false},"excerpt":{"rendered":"Innvandrere er tause i den harde debatten, mener VGs kommentator. Stillheten skyldes frykt og utmattelse i et fiendtlig&hellip;\n","protected":false},"author":2,"featured_media":120596,"comment_status":"","ping_status":"","sticky":false,"template":"","format":"standard","meta":{"footnotes":""},"categories":[10],"tags":[20,21,24,25,15,4232,5636,4233,22,23,13,30,28,29,14,16,26,27,998],"class_list":{"0":"post-120595","1":"post","2":"type-post","3":"status-publish","4":"format-standard","5":"has-post-thumbnail","7":"category-norge","8":"tag-breaking-news","9":"tag-breakingnews","10":"tag-featured-news","11":"tag-featurednews","12":"tag-headlines","13":"tag-innvandring","14":"tag-innvandringspolitikk","15":"tag-integrering","16":"tag-latest-news","17":"tag-latestnews","18":"tag-news","19":"tag-no","20":"tag-norge","21":"tag-norway","22":"tag-nyheter","23":"tag-overskrifter","24":"tag-top-stories","25":"tag-topstories","26":"tag-utenforskap"},"share_on_mastodon":{"url":"https:\/\/pubeurope.com\/@no\/115770391923646368","error":""},"_links":{"self":[{"href":"https:\/\/www.europesays.com\/no\/wp-json\/wp\/v2\/posts\/120595","targetHints":{"allow":["GET"]}}],"collection":[{"href":"https:\/\/www.europesays.com\/no\/wp-json\/wp\/v2\/posts"}],"about":[{"href":"https:\/\/www.europesays.com\/no\/wp-json\/wp\/v2\/types\/post"}],"author":[{"embeddable":true,"href":"https:\/\/www.europesays.com\/no\/wp-json\/wp\/v2\/users\/2"}],"replies":[{"embeddable":true,"href":"https:\/\/www.europesays.com\/no\/wp-json\/wp\/v2\/comments?post=120595"}],"version-history":[{"count":0,"href":"https:\/\/www.europesays.com\/no\/wp-json\/wp\/v2\/posts\/120595\/revisions"}],"wp:featuredmedia":[{"embeddable":true,"href":"https:\/\/www.europesays.com\/no\/wp-json\/wp\/v2\/media\/120596"}],"wp:attachment":[{"href":"https:\/\/www.europesays.com\/no\/wp-json\/wp\/v2\/media?parent=120595"}],"wp:term":[{"taxonomy":"category","embeddable":true,"href":"https:\/\/www.europesays.com\/no\/wp-json\/wp\/v2\/categories?post=120595"},{"taxonomy":"post_tag","embeddable":true,"href":"https:\/\/www.europesays.com\/no\/wp-json\/wp\/v2\/tags?post=120595"}],"curies":[{"name":"wp","href":"https:\/\/api.w.org\/{rel}","templated":true}]}}