{"id":120607,"date":"2025-12-23T19:16:10","date_gmt":"2025-12-23T19:16:10","guid":{"rendered":"https:\/\/www.europesays.com\/no\/120607\/"},"modified":"2025-12-23T19:16:10","modified_gmt":"2025-12-23T19:16:10","slug":"venezuela-vedtar-ny-piratlov","status":"publish","type":"post","link":"https:\/\/www.europesays.com\/no\/120607\/","title":{"rendered":"Venezuela vedtar ny piratlov"},"content":{"rendered":"\n<p class=\"_lead_o9xde_2 _lead_xtcu6_50 layout-component text-serif-m layout-normal text-serif-l layout-component layout-wide layout-padded _wide_17hqh_1 layout-padded\">Venezuelas nasjonalforsamling vedtok enstemmig en lov som tillater fengselsstraffer p\u00e5 opptil 20 \u00e5r for alle som fremmer eller finansierer det som beskrives som piratvirksomhet piratvirksomhet Ran og\/eller voldelig handling til sj\u00f8s. Fra gammelt av spilte dette p\u00e5 at sj\u00f8r\u00f8vere (pirateer) r\u00f8vet andre skip.eller blokader.<\/p>\n<p><img alt=\"Nasjonalforsamlingens leder Jorge Rodriguez i Venezuela.  Foto: Matias Delacroix \/ AP \/ NTB\" class=\"_image_qp4xg_65 layout-component layout-wide\" data-fullscreen- data-track-element-type=\"Article image fullscreen\" data-track-name=\"ImageFullscreen\" fetchpriority=\"high\" decoding=\"sync\" loading=\"eager\" height=\"3103\" itemprop=\"image\"  src=\"https:\/\/www.europesays.com\/no\/wp-content\/uploads\/2025\/12\/bf6ce733-641b-45ab-9570-2aa1b90361c7\"  style=\"object-position:0% 0%\" width=\"4655\"\/>Nasjonalforsamlingens leder Jorge Rodriguez i Venezuela.  Foto: Matias Delacroix \/ AP \/ NTB<\/p>\n<ul aria-hidden=\"true\" class=\"_images_ntbth_112\">\n<li><a class=\"_link_ntbth_117\" href=\"https:\/\/www.vg.no\/forfatter\/ntb\" style=\"z-index:2\" title=\"NTB\" rel=\"nofollow noopener\" target=\"_blank\"><img alt=\"Bilde av NTB\" class=\"_image_ntbth_93\" fetchpriority=\"low\" loading=\"lazy\" decoding=\"async\" itemprop=\"image\"  src=\"https:\/\/www.europesays.com\/no\/wp-content\/uploads\/2025\/12\/1766517369_422_c33980b0-5d07-4027-84a1-813f90a7c8d6\"  width=\"480\"\/><\/a><\/li>\n<li><a class=\"_link_ntbth_117\" href=\"https:\/\/www.vg.no\/forfatter\/silje-kathrine-sviggum\" style=\"z-index:1\" title=\"Silje Kathrine Sviggum\" rel=\"nofollow noopener\" target=\"_blank\"><img alt=\"Bilde av Silje Kathrine Sviggum\" class=\"_image_ntbth_93\" fetchpriority=\"low\" loading=\"lazy\" decoding=\"async\" itemprop=\"image\"  src=\"https:\/\/www.europesays.com\/no\/wp-content\/uploads\/2025\/12\/1766517370_229_e676a608-6bb3-4134-98e2-0f7e4dee1ab7\"  width=\"480\"\/><\/a><\/li>\n<\/ul>\n<p> Oppdatert tirsdag 23. desember kl. 19:56     <\/p>\n<p class=\"_paragraph_o9xde_4 _paragraph_xtcu6_10 layout-component text-serif-m layout-normal text-serif-m layout-padded\">Loven, som ogs\u00e5 omfatter \u00abandre internasjonale forbrytelser\u00bb, kommer etter nylige amerikanske aksjoner mot venezuelanske oljeleveranser.<\/p>\n<p class=\"_paragraph_o9xde_4 _paragraph_xtcu6_10 layout-component text-serif-m layout-normal text-serif-m layout-padded\">Nasjonalforsamlingens leder Jorge Rodriguez sa ved slutten av m\u00f8tet tirsdag at lovforslaget vil bli sendt til regjeringen for godkjenning og vil tre i kraft n\u00e5r det er publisert i en offisiell kunngj\u00f8ring.<\/p>\n<p class=\"_paragraph_o9xde_4 _paragraph_xtcu6_10 layout-component text-serif-m layout-normal text-serif-m layout-padded\">USA har \u00f8kt presset mot <a href=\"https:\/\/www.vg.no\/tag\/venezuela?utm_source=vg-article&amp;utm_medium=auto-tagger&amp;utm_campaign=2pGPGl\" class=\"_link_o9xde_39\" rel=\"nofollow noopener\" target=\"_blank\">Venezuela<\/a> og trappet opp den milit\u00e6re tilstedev\u00e6relsen i farvannet utenfor det oljerike, s\u00f8ramerikanske landet. Trump har sagt at han vil innf\u00f8re en fullstendig blokade av alle tankskip som er ilagt sanksjoner.<\/p>\n<p class=\"_paragraph_o9xde_4 _paragraph_xtcu6_10 layout-component text-serif-m layout-normal text-serif-m layout-padded\">Trump og hans statsr\u00e5der <a href=\"https:\/\/www.vg.no\/nyheter\/i\/6qne2e\/slik-minner-venezuela-om-irak-krigen\" data-track-element-type=\"Link\" data-track-id=\"link:6qne2e\" class=\"_link_o9xde_39\" rel=\"nofollow noopener\" target=\"_blank\">har gjennom h\u00f8sten stemplet diktaturet i Venezuela som en kriminell stat<\/a>.<\/p>\n<p class=\"_paragraph_o9xde_4 _paragraph_xtcu6_10 layout-component text-serif-m layout-normal text-serif-m layout-padded\"><strong class=\"_strong_o9xde_25\">\u00abNarko-terrorister\u00bb, har Trump uttalt om Venezuela-president Nicol\u00e1s Maduros regime.<\/strong><\/p>\n<p class=\"_paragraph_o9xde_4 _paragraph_xtcu6_10 layout-component text-serif-m layout-normal text-serif-m layout-padded\">USAs president har varslet om \u00f8kt milit\u00e6rt press, men har s\u00e5 langt unng\u00e5tt \u00e5 bruke ordet \u00abkrig\u00bb.<\/p>\n<p class=\"_paragraph_o9xde_4 _paragraph_xtcu6_10 layout-component text-serif-m layout-normal text-serif-m layout-padded\">Trump-administrasjonen har gjennomf\u00f8rt en rekke angrep mot b\u00e5ter som if\u00f8lge Washington frakter narkotika p\u00e5 vei fra Venezuela til USA.<\/p>\n<p class=\"_paragraph_o9xde_4 _paragraph_xtcu6_10 layout-component text-serif-m layout-normal text-serif-m layout-padded\">Politiske eksperter mener at USAs b\u00e5tangrep kan v\u00e6re i strid med folkeretten.<\/p>\n","protected":false},"excerpt":{"rendered":"Venezuelas nasjonalforsamling vedtok enstemmig en lov som tillater fengselsstraffer p\u00e5 opptil 20 \u00e5r for alle som fremmer eller&hellip;\n","protected":false},"author":2,"featured_media":120608,"comment_status":"","ping_status":"","sticky":false,"template":"","format":"standard","meta":{"footnotes":""},"categories":[12],"tags":[20,21,24,25,15,22,23,13,4037,30,28,29,14,16,14362,26,27,95,42,43,44,45],"class_list":{"0":"post-120607","1":"post","2":"type-post","3":"status-publish","4":"format-standard","5":"has-post-thumbnail","7":"category-verden","8":"tag-breaking-news","9":"tag-breakingnews","10":"tag-featured-news","11":"tag-featurednews","12":"tag-headlines","13":"tag-latest-news","14":"tag-latestnews","15":"tag-news","16":"tag-nicolas-maduro","17":"tag-no","18":"tag-norge","19":"tag-norway","20":"tag-nyheter","21":"tag-overskrifter","22":"tag-pirat","23":"tag-top-stories","24":"tag-topstories","25":"tag-venezuela","26":"tag-verden","27":"tag-world","28":"tag-world-news","29":"tag-worldnews"},"share_on_mastodon":{"url":"https:\/\/pubeurope.com\/@no\/115770490193766259","error":""},"_links":{"self":[{"href":"https:\/\/www.europesays.com\/no\/wp-json\/wp\/v2\/posts\/120607","targetHints":{"allow":["GET"]}}],"collection":[{"href":"https:\/\/www.europesays.com\/no\/wp-json\/wp\/v2\/posts"}],"about":[{"href":"https:\/\/www.europesays.com\/no\/wp-json\/wp\/v2\/types\/post"}],"author":[{"embeddable":true,"href":"https:\/\/www.europesays.com\/no\/wp-json\/wp\/v2\/users\/2"}],"replies":[{"embeddable":true,"href":"https:\/\/www.europesays.com\/no\/wp-json\/wp\/v2\/comments?post=120607"}],"version-history":[{"count":0,"href":"https:\/\/www.europesays.com\/no\/wp-json\/wp\/v2\/posts\/120607\/revisions"}],"wp:featuredmedia":[{"embeddable":true,"href":"https:\/\/www.europesays.com\/no\/wp-json\/wp\/v2\/media\/120608"}],"wp:attachment":[{"href":"https:\/\/www.europesays.com\/no\/wp-json\/wp\/v2\/media?parent=120607"}],"wp:term":[{"taxonomy":"category","embeddable":true,"href":"https:\/\/www.europesays.com\/no\/wp-json\/wp\/v2\/categories?post=120607"},{"taxonomy":"post_tag","embeddable":true,"href":"https:\/\/www.europesays.com\/no\/wp-json\/wp\/v2\/tags?post=120607"}],"curies":[{"name":"wp","href":"https:\/\/api.w.org\/{rel}","templated":true}]}}