{"id":120612,"date":"2025-12-23T19:19:39","date_gmt":"2025-12-23T19:19:39","guid":{"rendered":"https:\/\/www.europesays.com\/no\/120612\/"},"modified":"2025-12-23T19:19:39","modified_gmt":"2025-12-23T19:19:39","slug":"tirsdagens-rykter-7","status":"publish","type":"post","link":"https:\/\/www.europesays.com\/no\/120612\/","title":{"rendered":"Tirsdagens rykter"},"content":{"rendered":"<p class=\"font-weight-bold m-font-weight-bold\" data-lab-font_weight=\"font-weight-bold\">LES OGS\u00c5: <a href=\"https:\/\/www.united.no\/nyheter\/sondagens-rykter\/1408734\" target=\"_blank\" rel=\"nofollow noopener\">Forrige ukes rykter<\/a><\/p>\n<p>Tirsdag 23. desember<\/p>\n<p>18.49: Det har v\u00e6rt mange oppdateringer rundt Antoine Semenyo det siste d\u00f8gnet. Vi har samlet det siste og aller viktigste i <a href=\"https:\/\/www.united.no\/nyheter\/chelsea-kontaktet-semenyo-city-orsma-favoritter\/1410398\" target=\"_blank\" rel=\"nofollow noopener\">DENNE<\/a> saken.\u00a0<\/p>\n<p>18.35: Det har v\u00e6rt mange rykter og rapporter om Joshua Zirkzee de siste m\u00e5nedene, og mandag meldte Fabrizio Romano om f<a href=\"https:\/\/www.united.no\/nyheter\/fremdrift-i-samtalene\/1410314\" target=\"_blank\" rel=\"nofollow noopener\">remdrift i forhandlingene mellom Zirkzees representanter og Roma<\/a>. Men <a href=\"https:\/\/www.dailymail.co.uk\/sport\/football\/article-15409669\/Manchester-United-academy-Newcastle-Semenyo-transfers.html\" target=\"_blank\" rel=\"nofollow noopener\">Daily Mail<\/a> sine United-journalister skriver tirsdag at nederlenderen ikke har noe hastverk med \u00e5 flytte p\u00e5 seg.\u00a0<\/p>\n<p>Daily Mails kilder, som de hevder er\u00a0\u00abtett p\u00e5 spilleren\u00bb, vil ikke utelukke en overgang i januar, men sier det er ingenting som er garantert og at det, per n\u00e5, er for tidlig \u00e5 si noe om hva som kommer til \u00e5 skje.\u00a0<\/p>\n<p data-lab-font_weight=\"\">09.28: Journalisten Ben Jacobs skriver i en artikkel for <a href=\"https:\/\/talksport.com\/football\/3844509\/manchester-united-transfer-targets-ruben-amorim\/\" target=\"_blank\" rel=\"nofollow noopener\">Talksport <\/a>at United ser p\u00e5 muligheten for \u00e5 hente Conor Gallagher p\u00e5 l\u00e5n i januar. De r\u00f8de djevlene viste interesse for Atl\u00e9tico Madrid-spilleren i sommer ogs\u00e5.\u00a0<\/p>\n<p data-lab-font_weight=\"\">Jacobs hevder at Gallagher er \u00e5pen for \u00e5 returnere til Premier League, men Atl\u00e9tico Madrid vil i utgangspunktet bare selge engelskmannen. La Liga-klubben vil angivelig ha 40 millioner euro for Gallagher, men United foretrekker en l\u00e5neavtale.\u00a0<\/p>\n<p>Mandag 22. desember<\/p>\n<p>20.20: Mer om situasjonen rundt\u00a0Joshua Zirkzee. Lokalavisa melder at Roma fortsatt presser p\u00e5 en overgang for Uniteds-spilleren. Avtalen lar seg fortsatt vente enn s\u00e5 lenge, ettersom at R\u00faben Amorim og ledelsen ikke skal ga godkjent en overgang i januarvinduet. Les mer om Zirkzee i egen sak <a href=\"https:\/\/www.united.no\/nyheter\/fremdrift-i-samtalene\/1410314\" target=\"_blank\" rel=\"nofollow noopener\">HER.<\/a><\/p>\n<p>17.28: Emma Sanders i <a href=\"https:\/\/www.bbc.com\/sport\/football\/articles\/cd74lg8vwwwo\" target=\"_blank\" rel=\"nofollow noopener\">BBC<\/a> skriver at United er i samtaler med Hinata Miyazawa om en ny langtidsavtale. Den japanske 26-\u00e5ringen har startet samtlige av Uniteds 22 kamper hittil denne sesongen, og har blitt en sv\u00e6rt viktig brikke p\u00e5 den sentrale midtbanen.<\/p>\n<p>15.00: Det har v\u00e6rt mange rykter om Kobbie Mainoo som angivelig \u00f8nsker \u00e5 dra i januar, men if\u00f8lge <a href=\"https:\/\/www.skysports.com\/football\/live-blog\/11095\/12476234\/transfer-centre-live-football-transfer-news-updates-and-rumours?postid=10740660#liveblog-body\" target=\"_blank\" rel=\"nofollow noopener\">Sky Sports<\/a> kommer ikke United til \u00e5 slippe ham i l\u00f8pet av \u00e5rets f\u00f8rste m\u00e5ned. Grunnen er skaden Bruno Fernandes har p\u00e5dratt seg.\u00a0<\/p>\n<p>&#8211; N\u00e5r han blir spurt om hvorfor Mainoo ikke spiller svarer R\u00faben Amorim alltid at det er fordi han kjemper med Bruno Fernandes. Med Fernandes n\u00e5 ute i store deler av januar kan man ikke se for seg et scenario der United lar Mainoo g\u00e5, sier Dharmesh Sheths, Sky Sports&#8217; overgangsjournalist.\u00a0<\/p>\n<p>08.23: \u00abBrighton vil avsl\u00e5 ethvert bud p\u00e5 Carlos Baleba i 2026\u00bb. Det skriver avisen <a href=\"https:\/\/www.thetimes.com\/sport\/football\/article\/man-united-need-midfield-revamp-bruno-fernandes-adam-wharton-p2prs8gmx\" target=\"_blank\" rel=\"nofollow noopener\">The Times<\/a>. Midtbanespilleren er en av flere United f\u00f8lger n\u00f8ye med p\u00e5 og enkelte rapporter hevder ogs\u00e5 at det er Baleba som troner \u00f8verst p\u00e5 Uniteds \u00f8nskeliste.\u00a0<\/p>\n<p>Etter \u00e5 ha gjort et fremst\u00f8t i sommer har forventningen v\u00e6rt at United pr\u00f8ver seg p\u00e5 nytt til sommeren, men det kan alts\u00e5 bli vanskelig: The Times skriver at Brighton ikke \u00f8nsker \u00e5 skille lag med Baleba f\u00f8r 2027 og at de vil gj\u00f8re det de kan for \u00e5 holde p\u00e5 Baleba.\u00a0<\/p>\n","protected":false},"excerpt":{"rendered":"LES OGS\u00c5: Forrige ukes rykter Tirsdag 23. desember 18.49: Det har v\u00e6rt mange oppdateringer rundt Antoine Semenyo det&hellip;\n","protected":false},"author":2,"featured_media":120613,"comment_status":"","ping_status":"","sticky":false,"template":"","format":"standard","meta":{"footnotes":""},"categories":[59],"tags":[30,28,29,83,82],"class_list":{"0":"post-120612","1":"post","2":"type-post","3":"status-publish","4":"format-standard","5":"has-post-thumbnail","7":"category-sport","8":"tag-no","9":"tag-norge","10":"tag-norway","11":"tag-sport","12":"tag-sports"},"share_on_mastodon":{"url":"https:\/\/pubeurope.com\/@no\/115770501549401478","error":""},"_links":{"self":[{"href":"https:\/\/www.europesays.com\/no\/wp-json\/wp\/v2\/posts\/120612","targetHints":{"allow":["GET"]}}],"collection":[{"href":"https:\/\/www.europesays.com\/no\/wp-json\/wp\/v2\/posts"}],"about":[{"href":"https:\/\/www.europesays.com\/no\/wp-json\/wp\/v2\/types\/post"}],"author":[{"embeddable":true,"href":"https:\/\/www.europesays.com\/no\/wp-json\/wp\/v2\/users\/2"}],"replies":[{"embeddable":true,"href":"https:\/\/www.europesays.com\/no\/wp-json\/wp\/v2\/comments?post=120612"}],"version-history":[{"count":0,"href":"https:\/\/www.europesays.com\/no\/wp-json\/wp\/v2\/posts\/120612\/revisions"}],"wp:featuredmedia":[{"embeddable":true,"href":"https:\/\/www.europesays.com\/no\/wp-json\/wp\/v2\/media\/120613"}],"wp:attachment":[{"href":"https:\/\/www.europesays.com\/no\/wp-json\/wp\/v2\/media?parent=120612"}],"wp:term":[{"taxonomy":"category","embeddable":true,"href":"https:\/\/www.europesays.com\/no\/wp-json\/wp\/v2\/categories?post=120612"},{"taxonomy":"post_tag","embeddable":true,"href":"https:\/\/www.europesays.com\/no\/wp-json\/wp\/v2\/tags?post=120612"}],"curies":[{"name":"wp","href":"https:\/\/api.w.org\/{rel}","templated":true}]}}