{"id":120614,"date":"2025-12-23T19:27:44","date_gmt":"2025-12-23T19:27:44","guid":{"rendered":"https:\/\/www.europesays.com\/no\/120614\/"},"modified":"2025-12-23T19:27:44","modified_gmt":"2025-12-23T19:27:44","slug":"melania-trumps-julepynt-i-det-hvite-hus-gjennom-arenes-lop-2","status":"publish","type":"post","link":"https:\/\/www.europesays.com\/no\/120614\/","title":{"rendered":"Melania Trumps julepynt i Det hvite hus gjennom \u00e5renes l\u00f8p"},"content":{"rendered":"<p>F\u00f8rstedame <a href=\"https:\/\/www.seher.no\/kjendis\/forsvant-etter-tre-minutter\/83898673\" rel=\"nofollow noopener\" target=\"_blank\">Melania Trump (55)<\/a> har n\u00e5 sin f\u00f8rste jul tilbake i Det hvite hus, og dermed har ogs\u00e5 <a href=\"https:\/\/www.seher.no\/kjendis\/slakter-melanias-julepynt---glorete-og-veldig-jalla\/68937323\" rel=\"nofollow noopener\" target=\"_blank\">en av de mest omdiskuterte tradisjonene<\/a> hennes blitt gjenopplivet:\u00a0Julepyntingen.\u00a0<\/p>\n<p>F\u00e5 har nok glemt hennes tidligere kreasjoner &#8211; fra nakne, hvite greiner\u00a0til <a href=\"https:\/\/www.seher.no\/kjendis\/det-ser-ut-som-noe-fra-en-skrekkfilm\/70508871\" rel=\"nofollow noopener\" target=\"_blank\">de virale blodr\u00f8de tr\u00e6rne<\/a> &#8211; som hvert \u00e5r skapte overskrifter.\u00a0Vi ser tilbake p\u00e5 Melanias mer eller mindre kontroversielle juledekorasjoner, fra starten i 2017 til comebacket i \u00e5r.<\/p>\n<p>    <a itemprop=\"url\" href=\"https:\/\/www.seher.no\/kjendis\/en-annerledes-jul\/84002166\" rel=\"nofollow noopener\" target=\"_blank\"><\/p>\n<p>        <img loading=\"lazy\" decoding=\"async\" src=\"https:\/\/www.europesays.com\/no\/wp-content\/uploads\/2025\/12\/84016926.webp\" width=\"147\" height=\"98\" title=\"- En annerledes jul\" alt=\"\" class=\"lazyload\" style=\"--aspect-ratio-image: 1.50; \"\/><\/p>\n<p>        &#8211; En annerledes jul<\/p>\n<p>    <\/a><\/p>\n<p>Skrekkfilm frEmfor julefilm?\t<\/p>\n<p>I slutten av november 2017 hadde Trump-familien hatt Det hvite hus som sin offisielle residens i ti m\u00e5neder, og det var tid for at f\u00f8rstedamen skulle avsl\u00f8re sin versjon av den julepyntede embetsboligen.\u00a0<\/p>\n<p>        <img loading=\"lazy\" decoding=\"async\" src=\"https:\/\/www.europesays.com\/no\/wp-content\/uploads\/2025\/12\/1766518032_421_83991694.webp\" width=\"667\" height=\"574\" title=\"I 2017: Melania Trump i den \u00f8stre s\u00f8ylegangen f\u00f8rste gang hun viste frem sin versjon av et julepyntet Det hvite hus. Foto: Olivier Douliery\/ UPI\/ Shutterstock\/ NTB\" alt=\"\" class=\"\" style=\"--aspect-ratio-image: 1.16; \"\/><\/p>\n<p>\n        I 2017: Melania Trump i den \u00f8stre s\u00f8ylegangen f\u00f8rste gang hun viste frem sin versjon av et julepyntet Det hvite hus. Foto: Olivier Douliery\/ UPI\/ Shutterstock\/ NTB\n    <\/p>\n<p>Den \u00f8stre s\u00f8ylegangen, som forbandt \u00f8stfl\u00f8yen og hovedbygningen, har v\u00e6rt sv\u00e6rt sentral for julepyntingen i Det hvite hus.<\/p>\n<p>Og det var julepynten i\u00a0nettopp denne gangen Melania Trump fikk mest oppmerksomhet for dette \u00e5ret &#8211; og for \u00f8vrig ogs\u00e5 i de p\u00e5f\u00f8lgende \u00e5rene, men mer om det litt senere.\u00a0<\/p>\n<p>        SKAL VI DANSE: Under finalens f\u00f8rste dans ser det ut til at Viggo Venn plutselig mister balansen. Video: TV2 og R\u00f8d L\u00f8per. Reporter: Thea Hope<\/p>\n<p class=\"font-weight-bold m-font-weight-bold\" data-lab-font_weight=\"font-weight-bold\">Da f\u00f8rstedamen pyntet den velkjente s\u00f8ylegangen med hvite, nakne kvister f\u00f8r jul for \u00e5tte \u00e5r siden, tok det ikke lang tid f\u00f8r reaksjonene meldte seg.\u00a0<\/p>\n<p class=\"font-weight-normal m-font-weight-normal\" data-lab-font_weight=\"font-weight-normal\">New York Magazine-publikasjonen <a href=\"https:\/\/www.thecut.com\/2020\/11\/melania-trumps-white-house-christmas-decorations-ranked.html\" rel=\"nofollow noopener\" target=\"_blank\">The Cut<\/a>\u00a0har beskrevet resultatet som\u00a0 \u00aben naken, skyggefull korridor som antydet at f\u00f8rstedamen kan ha v\u00e6rt inspirert av &#8216;Silent Hill&#8217;\u00a0\u00bb.<\/p>\n<p>        <img loading=\"lazy\" decoding=\"async\" src=\"https:\/\/www.europesays.com\/no\/wp-content\/uploads\/2025\/12\/1766518034_74_83991696.webp\" width=\"667\" height=\"454\" title=\"DRAMATISK: Denne julepynten var det mange som moret seg med \u00e5 gj\u00f8re narr av p\u00e5 sosiale medier, mens andre i ettertid har uttrykt at de satte pris p\u00e5 den uvanlige dekoren. Foto: Olivier Douliery\/ UPI\/ Shutterstock\/ NTB\" alt=\"\" class=\"\" style=\"--aspect-ratio-image: 1.47; \"\/><\/p>\n<p>\n        DRAMATISK: Denne julepynten var det mange som moret seg med \u00e5 gj\u00f8re narr av p\u00e5 sosiale medier, mens andre i ettertid har uttrykt at de satte pris p\u00e5 den uvanlige dekoren. Foto: Olivier Douliery\/ UPI\/ Shutterstock\/ NTB\n    <\/p>\n<p class=\"font-weight-normal m-font-weight-normal\" data-lab-font_weight=\"font-weight-normal\"><a href=\"https:\/\/www.bbc.com\/bbcthree\/article\/8d61d276-72cc-4137-b206-d78b89cfd883\" rel=\"nofollow noopener\" target=\"_blank\">BBC<\/a> meldte p\u00e5 sin side at vitsingen om julepynten satt l\u00f8st p\u00e5 Twitter (i dag X, journ. anm.), der de hvite greinene vekket assosiasjoner til skrekkfilmer som\u00a0\u00abBabadook\u00bb,\u00a0\u00abIt\u00bb og\u00a0\u00abOndskapens hotell\u00bb.<\/p>\n<p>    <a itemprop=\"url\" href=\"https:\/\/www.seher.no\/kongelig\/i-bestemors-fotspor\/83992500\" rel=\"nofollow noopener\" target=\"_blank\"><\/p>\n<p>        <img loading=\"lazy\" decoding=\"async\" src=\"https:\/\/www.europesays.com\/no\/wp-content\/uploads\/2025\/12\/1766518035_990_84001767.webp\" width=\"980\" height=\"441\" title=\"I bestemors fotspor\" alt=\"\" class=\"lazyload\" style=\"--aspect-ratio-image: 2.22; \"\/><\/p>\n<p>        I bestemors fotspor<\/p>\n<p>    <\/a><\/p>\n<p>Riktignok var en god del av julepynten av det mer tradisjonelle slaget, men The Cut trakk likevel ogs\u00e5 fram det de beskrev som \u00abet goldt landskap av grantr\u00e6r som dryppet av plast-istapper\u00bb i Det hvite hus&#8217; inngangshall.<\/p>\n<p>        <img loading=\"lazy\" decoding=\"async\" src=\"https:\/\/www.europesays.com\/no\/wp-content\/uploads\/2025\/12\/1766518038_22_83992031.webp\" width=\"667\" height=\"481\" title=\"KJ\u00d8LIG: Deriblant The Cut mente at 2017-julepynten var mer kald enn hjertevarm og koselig. Foto: Saul Loeb\/ AFP Photo\/ NTB\" alt=\"\" class=\"\" style=\"--aspect-ratio-image: 1.39; \"\/><\/p>\n<p>\n        KJ\u00d8LIG: Deriblant The Cut mente at 2017-julepynten var mer kald enn hjertevarm og koselig. Foto: Saul Loeb\/ AFP Photo\/ NTB\n    <\/p>\n<p>&#8211; Forstyrrende\t<\/p>\n<p>Om flere ikke n\u00f8dvendigvis kjente p\u00e5 den varme, gode julestemningen mens de betraktet julepynten i Det hvite hus i 2017, sp\u00f8rs det vel om 2018 ble stort bedre.\u00a0<\/p>\n<p class=\"font-weight-bold m-font-weight-bold\" data-lab-font_weight=\"font-weight-bold\"><a href=\"https:\/\/www.thecut.com\/2020\/11\/melania-trumps-white-house-christmas-decorations-ranked.html\" rel=\"nofollow noopener\" target=\"_blank\">The Cut<\/a>\u00a0har k\u00e5ret dette \u00e5rets julepynt til\u00a0\u00abden mest hjems\u00f8kte\u00bb i Donald Trumps (79) f\u00f8rste presidentperiode, og beskriver den deriblant slik:<\/p>\n<p>        \u00abSKAL VI DANSE\u00bb: Danseparet bryter ut i latter under intervjuet. Video: Nora Skavhaug\/ R\u00f8d L\u00f8per<\/p>\n<p>\u00abMelanias juledekorasjoner fra 2018 er uten tvil de med det mest ondskapsfulle utseendet. Blikkfanget var en korridor med fl\u00e5dde, blodr\u00f8de juletr\u00e6r\u00bb, mener nettstedet, og legger til at\u00a0\u00abeffekten var dypt illevarslende\u00bb (oversatt fra engelsk, journ. anm.).<\/p>\n<p>De r\u00f8de tr\u00e6rne bestod for \u00f8vrig egentlig av formklippede busker dekorert med traneb\u00e6r, if\u00f8lge <a href=\"https:\/\/www.thecut.com\/2018\/12\/melanias-red-christmas-trees-are-being-stripped-of-berries.html\" rel=\"nofollow noopener\" target=\"_blank\">denne The Cut-artikkelen<\/a>.\u00a0<\/p>\n<p>        <img loading=\"lazy\" decoding=\"async\" src=\"https:\/\/www.europesays.com\/no\/wp-content\/uploads\/2025\/12\/1766518039_723_83995895.webp\" width=\"667\" height=\"467\" title=\"GIKK VIRALT: De spesielle, blodr\u00f8de tr\u00e6rne i 2018 fikk mye oppmerksomhet i b\u00e5de sosiale og tradisjonelle medier. Foto: Carolyn Kaster\/ AP Photo\/ NTB\" alt=\"\" class=\"\" style=\"--aspect-ratio-image: 1.43; \"\/><\/p>\n<p>\n        GIKK VIRALT: De spesielle, blodr\u00f8de tr\u00e6rne i 2018 fikk mye oppmerksomhet i b\u00e5de sosiale og tradisjonelle medier. Foto: Carolyn Kaster\/ AP Photo\/ NTB\n    <\/p>\n<p>        <img loading=\"lazy\" decoding=\"async\" src=\"https:\/\/www.europesays.com\/no\/wp-content\/uploads\/2025\/12\/1766518041_639_83995913.webp\" width=\"667\" height=\"534\" title=\"VELLYKKET?: The Cut mener ogs\u00e5 at denne kransen laget av \u00abBe Best\u00bb-blyanter hadde et truende framfor et festlig utseende. Foto: Kevin Dietsch\/ UPI\/ Shutterstock\/ NTB\" alt=\"\" class=\"\" style=\"--aspect-ratio-image: 1.25; \"\/><\/p>\n<p>\n        VELLYKKET?: The Cut mener ogs\u00e5 at denne kransen laget av \u00abBe Best\u00bb-blyanter hadde et truende framfor et festlig utseende. Foto: Kevin Dietsch\/ UPI\/ Shutterstock\/ NTB\n    <\/p>\n<p>Den britiske storavisen\u00a0<a href=\"https:\/\/www.theguardian.com\/us-news\/2018\/nov\/28\/melania-trump-red-christmas-trees-white-house-decorations\" rel=\"nofollow noopener\" target=\"_blank\">The Guardian<\/a>\u00a0fikk flere eksperter til \u00e5 gi sine analyser av effekten av de spesielle, r\u00f8de juletr\u00e6rne. Noe av konklusjonen var at Trumps h\u00f8ytidsestetikk rett og slett kan v\u00e6re \u00abgrunnleggende forstyrrende for menneskesinnet\u00bb, skrev avisen.<\/p>\n<p>    <a itemprop=\"url\" href=\"https:\/\/www.seher.no\/kjendis\/svarer-pa-romanseryktene\/84015265\" rel=\"nofollow noopener\" target=\"_blank\"><\/p>\n<p>        <img loading=\"lazy\" decoding=\"async\" src=\"https:\/\/www.europesays.com\/no\/wp-content\/uploads\/2025\/12\/1766518042_720_84015301.webp\" width=\"147\" height=\"100\" title=\"Svarer p\u00e5 romanseryktene\" alt=\"\" class=\"lazyload\" style=\"--aspect-ratio-image: 1.47; \"\/><\/p>\n<p>        Svarer p\u00e5 romanseryktene <\/p>\n<p>    <\/a><\/p>\n<p class=\"font-weight-bold m-font-weight-bold\" data-lab-font_weight=\"font-weight-bold\">Selv om The Guardians ekspertkilder trakk frem assosiasjoner til deriblant blod, raseri, fare og brudd med juletradisjoner, skal poenget med den knallr\u00f8de fargen ha v\u00e6rt en ganske annen:<\/p>\n<p>\u00abValget av r\u00f8dt er en videref\u00f8ring av stolpene eller stripene i presidentseglet, slik det ble utformet av landets grunnleggere. Det er et symbol p\u00e5 tapperhet og mot\u00bb, het det i forklaringen fra f\u00f8rstedamens kontor, if\u00f8lge <a href=\"https:\/\/www.washingtonpost.com\/world\/2018\/11\/27\/complicated-story-real-red-christmas-trees\/\" rel=\"nofollow noopener\" target=\"_blank\">The Washington Post<\/a>.<\/p>\n<p>        <img loading=\"lazy\" decoding=\"async\" src=\"https:\/\/www.europesays.com\/no\/wp-content\/uploads\/2025\/12\/1766518044_188_83996219.webp\" width=\"667\" height=\"461\" title=\"ELSKET DEM: F\u00f8rstedamen selv uttalte at hun syntes tr\u00e6rne s\u00e5 fantastiske ut. Foto: Twitter\/ X\/ Melania Trump\" alt=\"\" class=\"\" style=\"--aspect-ratio-image: 1.45; \"\/><\/p>\n<p>\n        ELSKET DEM: F\u00f8rstedamen selv uttalte at hun syntes tr\u00e6rne s\u00e5 fantastiske ut. Foto: Twitter\/ X\/ Melania Trump\n    <\/p>\n<p>I kj\u00f8lvannet av reaksjonene tok Melania Trump selv bladet fra munnen om den sm\u00e5tt kontroversielle julepynten.<\/p>\n<p>&#8211; Vi er i det 21. \u00e5rhundret og alle har forskjellig smak, men jeg synes de ser fantastiske ut (&#8230;) I virkeligheten ser de enda vakrere ut, uttalte hun blant annet under et folkem\u00f8te i Virginia, if\u00f8lge <a href=\"https:\/\/www.sltrib.com\/news\/politics\/2018\/11\/29\/political-cornflakes\/\" rel=\"nofollow noopener\" target=\"_blank\">The Salt Lake Tribune<\/a>.<\/p>\n<p>        <img loading=\"lazy\" decoding=\"async\" src=\"https:\/\/www.europesays.com\/no\/wp-content\/uploads\/2025\/12\/1766518046_825_83997341.webp\" width=\"667\" height=\"521\" title=\"MER TRADISJONELT: Ogs\u00e5 vanlige, gr\u00f8nne juletr\u00e6r prydet Det hvite hus i 2018 - her omringet av store, r\u00f8de julekuler som ble anvendt p\u00e5 noe uvanlig vis. Foto: Splash News\/ NTB\" alt=\"\" class=\"\" style=\"--aspect-ratio-image: 1.28; \"\/><\/p>\n<p>\n        MER TRADISJONELT: Ogs\u00e5 vanlige, gr\u00f8nne juletr\u00e6r prydet Det hvite hus i 2018 &#8211; her omringet av store, r\u00f8de julekuler som ble anvendt p\u00e5 noe uvanlig vis. Foto: Splash News\/ NTB\n    <\/p>\n<p>Blodtr\u00e6r-savn\t<\/p>\n<p>Ogs\u00e5 i 2019 var den \u00f8stre s\u00f8ylegangen \u00e5sted for f\u00f8rstedamens mest spesielle julepynt. Dette \u00e5ret var hvite kvister og blodr\u00f8de tr\u00e6r byttet ut med gjennomsiktige paneler, dekorert med amerikanske landemerker &#8211; og bartr\u00e6r.\u00a0<\/p>\n<p>        <img loading=\"lazy\" decoding=\"async\" src=\"https:\/\/www.europesays.com\/no\/wp-content\/uploads\/2025\/12\/1766518049_584_83997947.webp\" width=\"667\" height=\"494\" title=\"UNIKT: I 2019 pyntet Melania Trump den \u00f8stre s\u00f8ylegangen med gjennomsiktige paneler dekorert med amerikanske landemerker og bartr\u00e6r. Foto: Kevin Dietsch\/ UPI\/ Shutterstock\/ NTB\" alt=\"\" class=\"\" style=\"--aspect-ratio-image: 1.35; \"\/><\/p>\n<p>\n        UNIKT: I 2019 pyntet Melania Trump den \u00f8stre s\u00f8ylegangen med gjennomsiktige paneler dekorert med amerikanske landemerker og bartr\u00e6r. Foto: Kevin Dietsch\/ UPI\/ Shutterstock\/ NTB\n    <\/p>\n<p><a href=\"https:\/\/www.businessinsider.com\/melania-trumps-white-house-christmas-decorations-were-good-actually-2023-12\" rel=\"nofollow noopener\" target=\"_blank\">Business Insider<\/a>\u00a0meldte i 2023 at Melania Trumps julepynt\u00a0\u00abfaktisk var bra\u00bb, og beskrev ideen fra 2019 som\u00a0\u00abren i uttrykket\u00bb, \u00abunik\u00bb og \u00aben kul m\u00e5te\u00bb \u00e5 fremheve landets historie p\u00e5.\u00a0<\/p>\n<p>        OVERRASKET: Da kongefamilien inviterte til biskopmiddag p\u00e5 Slottet, var det \u00e9n detalj som skilte seg ut. Reporter: Caroline Vagle. Video: Kine Falch<\/p>\n<p><a href=\"https:\/\/www.thecut.com\/2020\/11\/melania-trumps-white-house-christmas-decorations-ranked.html\" rel=\"nofollow noopener\" target=\"_blank\">The Cut<\/a> meldte at juledekorasjonene dette \u00e5ret \u00abikke var p\u00e5 langt n\u00e6r like hjems\u00f8kt som tidligere \u00e5r\u00bb, mens dav\u00e6rende\u00a0<a href=\"https:\/\/www.refinery29.com\/en-us\/2019\/12\/8945279\/melania-trump-white-house-christmas-decorations-return\" rel=\"nofollow noopener\" target=\"_blank\">Refinery29<\/a>-skribent Leah Carroll tilsynelatende var\u00a0\u00abknust\u00bb over at all pynten dette \u00e5ret var b\u00e5de \u00abelegant og smakfull\u00bb.<\/p>\n<p>        <img loading=\"lazy\" decoding=\"async\" src=\"https:\/\/www.europesays.com\/no\/wp-content\/uploads\/2025\/12\/1766518051_342_84002096.webp\" width=\"667\" height=\"447\" title=\"UROVEKKENDE VANLIG?: Deriblant journalist Mimi Montgomery mente at julepynten som prydet Det hvite hus i 2019 ikke stod i stil med tingenes tilstand i USA det \u00e5ret. Foto: Kevin Dietsch\/ UPI\/ Shutterstock\/ NTB\" alt=\"\" class=\"\" style=\"--aspect-ratio-image: 1.49; \"\/><\/p>\n<p>\n        UROVEKKENDE VANLIG?: Deriblant journalist Mimi Montgomery mente at julepynten som prydet Det hvite hus i 2019 ikke stod i stil med tingenes tilstand i USA det \u00e5ret. Foto: Kevin Dietsch\/ UPI\/ Shutterstock\/ NTB\n    <\/p>\n<p>S\u00e5 mens noen syntes grepet var vellykket, var det andre som virket \u00e5 savne dramatikken og skrekk-stemningen fra tidligere \u00e5r.\u00a0<\/p>\n<p>Journalist Mimi Montgomery skrev i magasinet <a href=\"https:\/\/washingtonian.com\/2019\/12\/02\/the-2019-white-house-christmas-decorations-are-up-but-i-really-just-miss-the-blood-trees\/\" rel=\"nofollow noopener\" target=\"_blank\">Washingtonian<\/a>\u00a0at hun savnet\u00a0\u00abblodtr\u00e6rne\u00bb og at julepynten var for\u00a0\u00abkonvensjonelt smakfull\u00bb til \u00e5 st\u00e5 i stil med hva slags \u00e5r 2019 hadde v\u00e6rt <a href=\"https:\/\/www.dagbladet.no\/nyheter\/derfor-frykter-vi-fortsatt-trump\/71368457\" rel=\"nofollow noopener\" target=\"_blank\">i Trumps USA<\/a> og <a href=\"https:\/\/www.dagbladet.no\/kultur\/trump-radgiveren-som-sendte-hoyreradikal-propaganda\/71875754\" rel=\"nofollow noopener\" target=\"_blank\">amerikansk politikk<\/a>.\u00a0<\/p>\n<p>        SLIK VAR \u00c5RET: 2025 var preget av offisielle oppdrag, utfordringer og store overskrifter. Reporter: Caroline Vagle. Video: Kine Falch<\/p>\n<p>P\u00e5 Twitter\/ X var det imidlertid flere som mente at pynten dette \u00e5ret ogs\u00e5 var kald og mareritt-aktig, og mer enn \u00e9n bruker trakk igjen paralleller til skrekkfilmen\u00a0\u00abOndskapens hotell\u00bb.<\/p>\n<p>        <img loading=\"lazy\" decoding=\"async\" src=\"https:\/\/www.europesays.com\/no\/wp-content\/uploads\/2025\/12\/1766518053_115_84012494.webp\" width=\"667\" height=\"501\" title=\"I 2019: Mens noen mente at julepynten dette \u00e5ret var elegant og smakfull, var det andre som mente at den var kald og vekket assosiasjoner til \u00abOndskapens hotell\u00bb. Foto: Kevin Dietsch\/ UPI\/ Shutterstock\/ NTB\" alt=\"\" class=\"\" style=\"--aspect-ratio-image: 1.33; \"\/><\/p>\n<p>\n        I 2019: Mens noen mente at julepynten dette \u00e5ret var elegant og smakfull, var det andre som mente at den var kald og vekket assosiasjoner til \u00abOndskapens hotell\u00bb. Foto: Kevin Dietsch\/ UPI\/ Shutterstock\/ NTB\n    <\/p>\n<p>&#8211; Jobber r\u00e6va av meg\t<\/p>\n<p>Et par m\u00e5neder f\u00f8r det var tid for \u00e5 avduke julepynten i Det hvite hus i 2020, publiserte <a href=\"https:\/\/edition.cnn.com\/2020\/10\/01\/politics\/melania-trump-tapes\" rel=\"nofollow noopener\" target=\"_blank\">CNN<\/a>\u00a0hemmelige lydopptak av f\u00f8rstedamen. Opptakene ble gjort i skjul av Stephanie Winston Wolkoff (54), <a href=\"https:\/\/www.dagbladet.no\/kjendis\/slar-tilbake-mot-eksvennen\/72961705\" rel=\"nofollow noopener\" target=\"_blank\">Melanias tidligere r\u00e5dgiver<\/a>, i 2018 &#8211; og der <a href=\"https:\/\/www.dagbladet.no\/kjendis\/hemmelige-opptak-lekket\/72906599\" rel=\"nofollow noopener\" target=\"_blank\">uttrykte hun blant annet frustrasjon over sine julepyntplikter<\/a>:<\/p>\n<p class=\"font-weight-bold m-font-weight-bold\" data-lab-font_weight=\"font-weight-bold\">&#8211; Jeg jobber r\u00e6va av meg med de julegreiene, og, du vet, hvem bryr seg en dritt om julegreier og pynt? Men jeg m\u00e5 gj\u00f8re det, ikke sant? var blant det f\u00f8rstedamen sa.<\/p>\n<p>        VOKST OPP: Prinsessen er nesten ikke til \u00e5 kjenne igjen i en ny video som er delt av det svenske kongehuset. Reporter: Caroline Vagle. Video: Instagram\/@kungahuset \/ Kine Falch.<\/p>\n<p class=\"font-weight-normal m-font-weight-normal\" data-lab-font_weight=\"font-weight-normal\">Og i 2020 kunne kanskje Melania Trump si seg forn\u00f8yd med \u00e5 endelig skulle pynte Det hvite hus til jul for siste gang &#8211; i den omgang, vel \u00e5 merke.<\/p>\n<p class=\"font-weight-normal m-font-weight-normal\" data-lab-font_weight=\"font-weight-normal\"><a href=\"https:\/\/www.theguardian.com\/us-news\/2020\/dec\/01\/melania-trump-swaps-horror-for-tradition-with-lighter-approach-to-christmas-decor\" rel=\"nofollow noopener\" target=\"_blank\">The Guardian<\/a>\u00a0skrev at f\u00f8rstedamen\u00a0\u00abbr\u00f8t med tradisjonen\u00bb dette \u00e5ret ved \u00e5 velge\u00a0\u00abnoks\u00e5 normale gr\u00f8nne tr\u00e6r med pynt i r\u00f8dt og gull\u00bb, men avisen trakk ogs\u00e5 frem \u00e5rets detalj i den \u00f8stre s\u00f8ylegangen:<\/p>\n<p class=\"font-weight-normal m-font-weight-normal\" data-lab-font_weight=\"font-weight-normal\">P\u00e5 hver side av gangen var det plassert store, sorte potter p\u00e5 pidestaller. Disse inneholdt planter fra hver amerikansk delstat og territorium, noe som for \u00f8vrig passet godt til \u00e5rets tema &#8211;\u00a0\u00abAmerica The Beautiful\u00bb. Imidlertid var det flere p\u00e5 sosiale medier <a href=\"https:\/\/www.dagbladet.no\/kjendis\/melanias-julepynt-slaktes-igjen\/73127978\" rel=\"nofollow noopener\" target=\"_blank\">som mente at pottene minnet om begravelsesurner<\/a>.<\/p>\n<p>        <img loading=\"lazy\" decoding=\"async\" src=\"https:\/\/www.europesays.com\/no\/wp-content\/uploads\/2025\/12\/1766518055_253_84003320.webp\" width=\"667\" height=\"467\" title=\"FESTLIG, ELLER TRIST?: I 2020 mente enkelte at julepynten i den \u00f8stre s\u00f8ylegangen blant annet vekket assosiasjoner til begravelsesurner. Foto: Drew Angerer\/ Getty Images\/ AFP\/ NTB\" alt=\"\" class=\"\" style=\"--aspect-ratio-image: 1.43; \"\/><\/p>\n<p>\n        FESTLIG, ELLER TRIST?: I 2020 mente enkelte at julepynten i den \u00f8stre s\u00f8ylegangen blant annet vekket assosiasjoner til begravelsesurner. Foto: Drew Angerer\/ Getty Images\/ AFP\/ NTB\n    <\/p>\n<p class=\"font-weight-normal m-font-weight-normal\" data-lab-font_weight=\"font-weight-normal\"><a href=\"https:\/\/www.nytimes.com\/2020\/11\/30\/style\/christmas-decorations-melania-trump-white-house.html\" rel=\"nofollow noopener\" target=\"_blank\">New York Times<\/a>\u00a0omtalte p\u00e5 sin side dette \u00e5rets dekorasjoner som \u00absl\u00e5ende normale\u00bb, mens\u00a0<a href=\"https:\/\/mashable.com\/video\/melania-trump-christmas-decorations\/\" rel=\"nofollow noopener\" target=\"_blank\">Mashable<\/a>\u00a0kalte julepynten \u00abok\u00bb.<\/p>\n<p>        <img loading=\"lazy\" decoding=\"async\" src=\"https:\/\/www.europesays.com\/no\/wp-content\/uploads\/2025\/12\/1766518057_993_84003495.webp\" width=\"667\" height=\"447\" title=\"PYNT P\u00c5 FIRE HJUL: En miniatyrutgave av den ikoniske, amerikanske sportsbilen Ford Mustang var blant julepynten i 2020. Foto: Kevin Dietsch\/ UPI\/ Shutterstock\/ NTB\" alt=\"\" class=\"\" style=\"--aspect-ratio-image: 1.49; \"\/><\/p>\n<p>\n        PYNT P\u00c5 FIRE HJUL: En miniatyrutgave av den ikoniske, amerikanske sportsbilen Ford Mustang var blant julepynten i 2020. Foto: Kevin Dietsch\/ UPI\/ Shutterstock\/ NTB\n    <\/p>\n<p>&#8211; Politisk teater\t<\/p>\n<p>Og s\u00e5 er vi kommet til \u00e5rets kapittel i Melania Trumps mangslungne juleeventyr i Det hvite hus.\u00a0<\/p>\n<p>I sin analyse skriver\u00a0<a href=\"https:\/\/www.businessinsider.com\/white-house-christmas-decorations-melania-trump-donald-trump-2025-12\" rel=\"nofollow noopener\" target=\"_blank\">Business Insider<\/a>\u00a0at f\u00f8rstedamen har g\u00e5tt i en tradisjonell og trygg retning i \u00e5r, og at denne tiln\u00e6rmingen ogs\u00e5 har vist seg i andre deler av livet hennes i det siste &#8211; som i klesvalgene hennes, som framst\u00e5r som mindre omdiskuterte enn i ektemannens forrige presidentperiode.\u00a0\u00a0<\/p>\n<p>    <a itemprop=\"url\" href=\"https:\/\/www.seher.no\/kjendis\/tar-grep-etter-familiedramaet\/84016483\" rel=\"nofollow noopener\" target=\"_blank\"><\/p>\n<p>        <img loading=\"lazy\" decoding=\"async\" src=\"https:\/\/www.europesays.com\/no\/wp-content\/uploads\/2025\/12\/84016455.webp\" width=\"147\" height=\"98\" title=\"Tar grep etter familiedramaet\" alt=\"\" class=\"lazyload\" style=\"--aspect-ratio-image: 1.50; \"\/><\/p>\n<p>        Tar grep etter familiedramaet<\/p>\n<p>    <\/a><\/p>\n<p class=\"font-weight-bold m-font-weight-bold\" data-lab-font_weight=\"font-weight-bold\">Det m\u00e5 ogs\u00e5 nevnes at \u00e5stedet for Melania Trumps mest kontroversielle juledekorasjoner &#8211; den \u00f8stre s\u00f8ylegangen &#8211; rett og slett ikke eksisterer lenger. Den ble jevnet med jorden etter at president Donald Trump startet <a href=\"https:\/\/www.dagbladet.no\/nyheter\/hudfletter-trump-ballsal-ikke-hans-hus\/83769045\" rel=\"nofollow noopener\" target=\"_blank\">den sv\u00e6rt omstridte rivingen av hele \u00f8stfl\u00f8yen<\/a> i oktober.<\/p>\n<p><a href=\"https:\/\/edition.cnn.com\/2025\/12\/02\/style\/melania-trump-white-house-tree-decorations\" rel=\"nofollow noopener\" target=\"_blank\">CNN<\/a> skriver at \u00e5rets juledekorasjoner viser at Melania Trump \u00abikke lenger er den glamor\u00f8se Grinchen som gjorde narr av julen\u00bb, og mener at kun to valg potensielt kan kalles merkelige &#8211; de 10 000 bl\u00e5 sommerfuglene i Det r\u00f8de rommet, samt Lego-portrettene av henholdsvis Donald Trump og George Washington.<\/p>\n<p>        <img loading=\"lazy\" decoding=\"async\" src=\"https:\/\/www.europesays.com\/no\/wp-content\/uploads\/2025\/12\/1766518060_7_84012508.webp\" width=\"667\" height=\"447\" title=\"UVANLIG: Flere har trukket frem \u00e5rets to Lego-portretter av George Washington og sittende president Donald Trump. Foto: Aaron Schwartz\/ Reuters\/ NTB\" alt=\"\" class=\"\" style=\"--aspect-ratio-image: 1.49; \"\/><\/p>\n<p>\n        UVANLIG: Flere har trukket frem \u00e5rets to Lego-portretter av George Washington og sittende president Donald Trump. Foto: Aaron Schwartz\/ Reuters\/ NTB\n    <\/p>\n<p>        <img loading=\"lazy\" decoding=\"async\" src=\"https:\/\/www.europesays.com\/no\/wp-content\/uploads\/2025\/12\/1766518062_795_84012527.webp\" width=\"667\" height=\"447\" title=\"I 2025: Julepynten har, som tidligere \u00e5r, f\u00e5tt b\u00e5de ris og ros. Foto: Saul Loeb\/ AFP\/ NTB\" alt=\"\" class=\"\" style=\"--aspect-ratio-image: 1.49; \"\/><\/p>\n<p>\n        I 2025: Julepynten har, som tidligere \u00e5r, f\u00e5tt b\u00e5de ris og ros. Foto: Saul Loeb\/ AFP\/ NTB\n    <\/p>\n<p>Interi\u00f8rdesigner Sarah Boardman sier til <a href=\"https:\/\/www.huffpost.com\/entry\/white-house-holiday-decor_l_69307d3be4b0cee443820677\" rel=\"nofollow noopener\" target=\"_blank\">HuffPost<\/a> at hun reagerer p\u00e5 at hele to Trump-portretter dukker opp blant julepynten; det nevnte Lego-portrettet og et bilde som portretterer president Trump like etter <a href=\"https:\/\/www.dagbladet.no\/nyheter\/trump-jeg-ble-skutt\/81676548\" rel=\"nofollow noopener\" target=\"_blank\">attentatfors\u00f8ket mot ham sommeren 2024<\/a>:<\/p>\n<p class=\"font-weight-bold m-font-weight-bold\" data-lab-font_weight=\"font-weight-bold\">&#8211; Det valget er ikke julesymbolikk; det er politisk teater, mener Boardman.<\/p>\n<p>        SETTES UT: Emil Gukild og Simon Nitsche prater om den ukjente fortiden. Video: Student-TV i Volda, R\u00f8d L\u00f8per\/ Nora Skavhaug\/ Thea Hope<\/p>\n<p>Interi\u00f8rdesigner Annie Elliott mener \u00e5rets julepynt mangler en f\u00f8lelse av varme og n\u00e6rhet, og setter den opp mot hvordan tidligere f\u00f8rstedame Jill Biden (74) eksempelvis inviterte amerikanske barn til \u00e5 lage pynt til juletr\u00e6rne.<\/p>\n<p>&#8211; Det beste jeg kan si om juledekorasjonene for 2025, er at de ikke er de fra 2017. Den helhvite, forgreinede f\u00f8dselskanalen var en parodi, sier Elliott til HuffPost.<\/p>\n<p>        <img loading=\"lazy\" decoding=\"async\" src=\"https:\/\/www.europesays.com\/no\/wp-content\/uploads\/2025\/12\/1766518064_654_84012534.webp\" width=\"667\" height=\"454\" title=\"JULESTEMNING?: Blant \u00e5rets julepynt finner man ogs\u00e5 dette bildet som viser Donald Trump etter attentatfors\u00f8ket mot ham i 2024. Foto: Saul Loeb\/ AFP\/ NTB\" alt=\"\" class=\"\" style=\"--aspect-ratio-image: 1.47; \"\/><\/p>\n<p>\n        JULESTEMNING?: Blant \u00e5rets julepynt finner man ogs\u00e5 dette bildet som viser Donald Trump etter attentatfors\u00f8ket mot ham i 2024. Foto: Saul Loeb\/ AFP\/ NTB\n    <\/p>\n<p class=\"font-weight-bold m-font-weight-bold\" data-lab-font_weight=\"font-weight-bold\">\u00a0<\/p>\n","protected":false},"excerpt":{"rendered":"F\u00f8rstedame Melania Trump (55) har n\u00e5 sin f\u00f8rste jul tilbake i Det hvite hus, og dermed har ogs\u00e5&hellip;\n","protected":false},"author":2,"featured_media":120615,"comment_status":"","ping_status":"","sticky":false,"template":"","format":"standard","meta":{"footnotes":""},"categories":[12],"tags":[20,21,73,55,24,25,15,5593,479,22,23,1648,13,30,28,29,14,16,26,27,42,43,44,45],"class_list":{"0":"post-120614","1":"post","2":"type-post","3":"status-publish","4":"format-standard","5":"has-post-thumbnail","7":"category-verden","8":"tag-breaking-news","9":"tag-breakingnews","10":"tag-det-hvite-hus","11":"tag-donald-trump","12":"tag-featured-news","13":"tag-featurednews","14":"tag-headlines","15":"tag-jul","16":"tag-kjendis","17":"tag-latest-news","18":"tag-latestnews","19":"tag-melania-trump","20":"tag-news","21":"tag-no","22":"tag-norge","23":"tag-norway","24":"tag-nyheter","25":"tag-overskrifter","26":"tag-top-stories","27":"tag-topstories","28":"tag-verden","29":"tag-world","30":"tag-world-news","31":"tag-worldnews"},"share_on_mastodon":{"url":"https:\/\/pubeurope.com\/@no\/115770533571112593","error":""},"_links":{"self":[{"href":"https:\/\/www.europesays.com\/no\/wp-json\/wp\/v2\/posts\/120614","targetHints":{"allow":["GET"]}}],"collection":[{"href":"https:\/\/www.europesays.com\/no\/wp-json\/wp\/v2\/posts"}],"about":[{"href":"https:\/\/www.europesays.com\/no\/wp-json\/wp\/v2\/types\/post"}],"author":[{"embeddable":true,"href":"https:\/\/www.europesays.com\/no\/wp-json\/wp\/v2\/users\/2"}],"replies":[{"embeddable":true,"href":"https:\/\/www.europesays.com\/no\/wp-json\/wp\/v2\/comments?post=120614"}],"version-history":[{"count":0,"href":"https:\/\/www.europesays.com\/no\/wp-json\/wp\/v2\/posts\/120614\/revisions"}],"wp:featuredmedia":[{"embeddable":true,"href":"https:\/\/www.europesays.com\/no\/wp-json\/wp\/v2\/media\/120615"}],"wp:attachment":[{"href":"https:\/\/www.europesays.com\/no\/wp-json\/wp\/v2\/media?parent=120614"}],"wp:term":[{"taxonomy":"category","embeddable":true,"href":"https:\/\/www.europesays.com\/no\/wp-json\/wp\/v2\/categories?post=120614"},{"taxonomy":"post_tag","embeddable":true,"href":"https:\/\/www.europesays.com\/no\/wp-json\/wp\/v2\/tags?post=120614"}],"curies":[{"name":"wp","href":"https:\/\/api.w.org\/{rel}","templated":true}]}}