{"id":120616,"date":"2025-12-23T19:28:29","date_gmt":"2025-12-23T19:28:29","guid":{"rendered":"https:\/\/www.europesays.com\/no\/120616\/"},"modified":"2025-12-23T19:28:29","modified_gmt":"2025-12-23T19:28:29","slug":"maksimalpris-for-drosjeturer-skrotes-dn","status":"publish","type":"post","link":"https:\/\/www.europesays.com\/no\/120616\/","title":{"rendered":"Maksimalpris for drosjeturer skrotes | DN"},"content":{"rendered":"<p class=\"lead dn-text-entity lead\" role=\"paragraph\">Regjeringen opphever ordningen med maksimalpriser for praiing av drosje.<\/p>\n<p>\u2013 V\u00e5r vurdering er at regjeringens \u00f8vrige tiltak er bedre egnet til \u00e5 gi reisende et godt tilbud, sier n\u00e6ringsminister Cecilie Myrseth om at maksimalpris-ordningen i drosjebransjen avsluttes.<\/p>\n<p>Foto: Stian Lysberg Solum\/NTB<\/p>\n<p>Publisert 23. December 2025, kl. 14.03Oppdatert 23. December 2025, kl. 15.11<\/p>\n<p><a href=\"https:\/\/www.dn.no\/topic\/Taxi\" rel=\"noopener nofollow\" title=\"Taxi\" class=\"dn-link pill tag\" data-v-b04cd131=\"\" target=\"_blank\">Taxi<\/a><a href=\"https:\/\/www.dn.no\/topic\/Drosje\" rel=\"noopener nofollow\" title=\"Drosje\" class=\"dn-link pill tag\" data-v-b04cd131=\"\" target=\"_blank\">Drosje<\/a><\/p>\n","protected":false},"excerpt":{"rendered":"Regjeringen opphever ordningen med maksimalpriser for praiing av drosje. \u2013 V\u00e5r vurdering er at regjeringens \u00f8vrige tiltak er&hellip;\n","protected":false},"author":2,"featured_media":120617,"comment_status":"","ping_status":"","sticky":false,"template":"","format":"standard","meta":{"footnotes":""},"categories":[10],"tags":[20,21,24,25,15,22,23,13,30,28,29,14,16,26,27],"class_list":{"0":"post-120616","1":"post","2":"type-post","3":"status-publish","4":"format-standard","5":"has-post-thumbnail","7":"category-norge","8":"tag-breaking-news","9":"tag-breakingnews","10":"tag-featured-news","11":"tag-featurednews","12":"tag-headlines","13":"tag-latest-news","14":"tag-latestnews","15":"tag-news","16":"tag-no","17":"tag-norge","18":"tag-norway","19":"tag-nyheter","20":"tag-overskrifter","21":"tag-top-stories","22":"tag-topstories"},"share_on_mastodon":{"url":"https:\/\/pubeurope.com\/@no\/115770537126608623","error":""},"_links":{"self":[{"href":"https:\/\/www.europesays.com\/no\/wp-json\/wp\/v2\/posts\/120616","targetHints":{"allow":["GET"]}}],"collection":[{"href":"https:\/\/www.europesays.com\/no\/wp-json\/wp\/v2\/posts"}],"about":[{"href":"https:\/\/www.europesays.com\/no\/wp-json\/wp\/v2\/types\/post"}],"author":[{"embeddable":true,"href":"https:\/\/www.europesays.com\/no\/wp-json\/wp\/v2\/users\/2"}],"replies":[{"embeddable":true,"href":"https:\/\/www.europesays.com\/no\/wp-json\/wp\/v2\/comments?post=120616"}],"version-history":[{"count":0,"href":"https:\/\/www.europesays.com\/no\/wp-json\/wp\/v2\/posts\/120616\/revisions"}],"wp:featuredmedia":[{"embeddable":true,"href":"https:\/\/www.europesays.com\/no\/wp-json\/wp\/v2\/media\/120617"}],"wp:attachment":[{"href":"https:\/\/www.europesays.com\/no\/wp-json\/wp\/v2\/media?parent=120616"}],"wp:term":[{"taxonomy":"category","embeddable":true,"href":"https:\/\/www.europesays.com\/no\/wp-json\/wp\/v2\/categories?post=120616"},{"taxonomy":"post_tag","embeddable":true,"href":"https:\/\/www.europesays.com\/no\/wp-json\/wp\/v2\/tags?post=120616"}],"curies":[{"name":"wp","href":"https:\/\/api.w.org\/{rel}","templated":true}]}}