{"id":120622,"date":"2025-12-23T19:34:15","date_gmt":"2025-12-23T19:34:15","guid":{"rendered":"https:\/\/www.europesays.com\/no\/120622\/"},"modified":"2025-12-23T19:34:15","modified_gmt":"2025-12-23T19:34:15","slug":"fly-fra-mexicos-marine-styrtet-i-usa-minst-fem-dode","status":"publish","type":"post","link":"https:\/\/www.europesays.com\/no\/120622\/","title":{"rendered":"Fly fra Mexicos marine styrtet i USA \u2013 minst fem d\u00f8de"},"content":{"rendered":"<p class=\"kicker t15 font-weight-bold m-font-weight-bold color_mobile_no_bg_color quaternary color_mobile_quaternary font-Trim text-case-transform-upper mobile-hasTextPadding\" style=\"\">USA<\/p>\n<p>    Minst fem personer mistet livet da et lite fly fra Mexicos marine styrtet i Texas i forbindelse med syketransport av en ung pasient, opplyser kystvakten.<\/p>\n<p>\n        GALVESTON, TEXAS: Det har v\u00e6rt t\u00e5ke i omr\u00e5det de siste dagene, men det er ikke kjent om dette er \u00e5rsaken til styrten.<br \/>\n        Foto: Jennifer Reynolds, The Galveston County Daily News via AP, NTB\n    <\/p>\n<p>Minst fem personer mistet livet da et lite fly fra Mexicos marine styrtet i Texas i forbindelse med syketransport av en ung pasient, opplyser kystvakten.<\/p>\n<p>Det var \u00e5tte personer om bord da flyet styrtet i n\u00e6rheten av Galveston. Den amerikanske kystvakten har bekreftet at fem personer er d\u00f8de.<\/p>\n<p>Fire av de \u00e5tte var marineoffiserer, mens de \u00f8vrige var sivilister, opplyser den mexicanske marinen. Det var ikke umiddelbart klart hvem som er omkommet.<\/p>\n<p>To av dem som var med p\u00e5 flyet, tilh\u00f8rte en stiftelse som hjelper mexicanske barn med alvorlige brannskader.<\/p>\n<p>Ulykken skjedde i n\u00e6rheten av Galveston, ved kysten av Texas, rundt 80 kilometer s\u00f8r\u00f8st for Houston. Det har v\u00e6rt t\u00e5ke i omr\u00e5det de siste dagene, men det er ikke kjent om v\u00e6ret var en faktor i mandagens\u00a0flystyrt.<\/p>\n","protected":false},"excerpt":{"rendered":"USA Minst fem personer mistet livet da et lite fly fra Mexicos marine styrtet i Texas i forbindelse&hellip;\n","protected":false},"author":2,"featured_media":120623,"comment_status":"","ping_status":"","sticky":false,"template":"","format":"standard","meta":{"footnotes":""},"categories":[12],"tags":[20,21,24,25,15,22,23,13,30,28,29,14,16,26,27,42,43,44,45],"class_list":{"0":"post-120622","1":"post","2":"type-post","3":"status-publish","4":"format-standard","5":"has-post-thumbnail","7":"category-verden","8":"tag-breaking-news","9":"tag-breakingnews","10":"tag-featured-news","11":"tag-featurednews","12":"tag-headlines","13":"tag-latest-news","14":"tag-latestnews","15":"tag-news","16":"tag-no","17":"tag-norge","18":"tag-norway","19":"tag-nyheter","20":"tag-overskrifter","21":"tag-top-stories","22":"tag-topstories","23":"tag-verden","24":"tag-world","25":"tag-world-news","26":"tag-worldnews"},"share_on_mastodon":{"url":"https:\/\/pubeurope.com\/@no\/115770561103647005","error":""},"_links":{"self":[{"href":"https:\/\/www.europesays.com\/no\/wp-json\/wp\/v2\/posts\/120622","targetHints":{"allow":["GET"]}}],"collection":[{"href":"https:\/\/www.europesays.com\/no\/wp-json\/wp\/v2\/posts"}],"about":[{"href":"https:\/\/www.europesays.com\/no\/wp-json\/wp\/v2\/types\/post"}],"author":[{"embeddable":true,"href":"https:\/\/www.europesays.com\/no\/wp-json\/wp\/v2\/users\/2"}],"replies":[{"embeddable":true,"href":"https:\/\/www.europesays.com\/no\/wp-json\/wp\/v2\/comments?post=120622"}],"version-history":[{"count":0,"href":"https:\/\/www.europesays.com\/no\/wp-json\/wp\/v2\/posts\/120622\/revisions"}],"wp:featuredmedia":[{"embeddable":true,"href":"https:\/\/www.europesays.com\/no\/wp-json\/wp\/v2\/media\/120623"}],"wp:attachment":[{"href":"https:\/\/www.europesays.com\/no\/wp-json\/wp\/v2\/media?parent=120622"}],"wp:term":[{"taxonomy":"category","embeddable":true,"href":"https:\/\/www.europesays.com\/no\/wp-json\/wp\/v2\/categories?post=120622"},{"taxonomy":"post_tag","embeddable":true,"href":"https:\/\/www.europesays.com\/no\/wp-json\/wp\/v2\/tags?post=120622"}],"curies":[{"name":"wp","href":"https:\/\/api.w.org\/{rel}","templated":true}]}}