{"id":120626,"date":"2025-12-23T19:36:13","date_gmt":"2025-12-23T19:36:13","guid":{"rendered":"https:\/\/www.europesays.com\/no\/120626\/"},"modified":"2025-12-23T19:36:13","modified_gmt":"2025-12-23T19:36:13","slug":"vaer-trafikk-vanskelige-kjoreforhold-i-jula-isen-kan-vaere-vanskelig-a-se","status":"publish","type":"post","link":"https:\/\/www.europesays.com\/no\/120626\/","title":{"rendered":"V\u00e6r, Trafikk | Vanskelige kj\u00f8reforhold i jula: \u2013 Isen kan v\u00e6re vanskelig \u00e5 se"},"content":{"rendered":"\n<p>Det som for mange skulle v\u00e6rt en hvit og rolig julefeiring, ser n\u00e5 ut til \u00e5 bli preget av v\u00e6romslag og utfordrende f\u00f8re. Det er sendt ut gult farevarsel for is i deler av Tr\u00f8ndelag og s\u00f8rlige Nordland fra natt til onsdag.<\/p>\n<p>\u00abH\u00e5lkef\u00f8re\u00bb<\/p>\n<p>\u00c5rsaken til farevarselet er overgangen til mildv\u00e6r. N\u00e5r regnet treffer den kalde bakken, fryser det umiddelbart.<\/p>\n<p>\u2013 Det er fare for h\u00e5lkef\u00f8re, og isen kan v\u00e6re vanskelig \u00e5 se, advarer meteorologene.<\/p>\n<p>Dette gjelder spesielt for julaften og 1. juledag. P\u00e5 kvelden 1. juledag vil regnet avta, men det vil fortsatt v\u00e6re utfordringer p\u00e5 veiene i dagene framover.<\/p>\n<p>\u2013 Regn p\u00e5 frossent underlag gir stor fare for isglatte veier. I tillegg ventes det sv\u00e6rt mye regn 1. juledag nord i Nordland og i deler av Troms, noe som kan gi mye vann i veibanen, sier faggruppeleder Stian Kj\u00f8nn\u00e5s p\u00e5 Vegtrafikksentralen i nord i en pressemelding.<\/p>\n<p>   <img decoding=\"async\" width=\"576\" height=\"388\" fetchpriority=\"low\"  loading=\"lazy\"  src=\"https:\/\/www.europesays.com\/no\/wp-content\/uploads\/2025\/12\/1766518573_522_unnamed+%281%29.jpg\" alt=\"\" class=\"brick-c-cFOWSL\" style=\"--brick-image-ratio: 576 \/ 388;\"\/><\/p>\n<p>      KJ\u00d8R FORSIKTIG: Regn p\u00e5 frossent underlag gir stor fare for isglatte veier i omr\u00e5der der det fremdeles er minusgrader.<br \/>\n      Foto: Knut Opeide, Statens vegvesen\n    <\/p>\n<p>  Skredfare<\/p>\n<p>Det er ikke bare bilister som m\u00e5 ta forholdsregler. For strekningen Sandnessj\u00f8en \u2013 Melbu er det varslet s\u00f8rvestlig stiv kuling fra lille julaften kl. 21:00. I det gule farevarselet heter det at det ventes grov sj\u00f8 med hvitt skum p\u00e5 b\u00f8lgetoppene, og det er dermed farlig \u00e5 v\u00e6re ute i sm\u00e5b\u00e5t.<\/p>\n<p>Parallelt med regnet \u00f8ker ogs\u00e5 skredfaren i nord, spesielt i Nordland, Troms og Finnmark. Vegvesenet varsler at veier kan bli stengt p\u00e5 kort varsel dersom situasjonen tilsier det. Skredfaren er forventet \u00e5 v\u00e6re p\u00e5 sitt h\u00f8yeste fram til kvelden 1. juledag.<\/p>\n<p>\u2013 Vi ber om at alle er ekstra oppmerksomme og tilpasser farten etter forholdene, og tar det med ro i juletrafikken s\u00e5 alle kommer trygt fram, sier Kj\u00f8nn\u00e5s.<\/p>\n","protected":false},"excerpt":{"rendered":"Det som for mange skulle v\u00e6rt en hvit og rolig julefeiring, ser n\u00e5 ut til \u00e5 bli preget&hellip;\n","protected":false},"author":2,"featured_media":120627,"comment_status":"","ping_status":"","sticky":false,"template":"","format":"standard","meta":{"footnotes":""},"categories":[5],"tags":[2486,36,20,21,24,25,2450,197,15,19,22,23,2688,17,18,1068,13,30,28,29,14,16,1953,1510,26,27,224,553,1203],"class_list":{"0":"post-120626","1":"post","2":"type-post","3":"status-publish","4":"format-standard","5":"has-post-thumbnail","7":"category-overskrifter","8":"tag-alstahaug","9":"tag-art","10":"tag-breaking-news","11":"tag-breakingnews","12":"tag-featured-news","13":"tag-featurednews","14":"tag-grane","15":"tag-hattfjelldal","16":"tag-headlines","17":"tag-hovedoppslag","18":"tag-latest-news","19":"tag-latestnews","20":"tag-leirfjord","21":"tag-main-news","22":"tag-mainnews","23":"tag-mosjoen","24":"tag-news","25":"tag-no","26":"tag-norge","27":"tag-norway","28":"tag-nyheter","29":"tag-overskrifter","30":"tag-sandnessjoen","31":"tag-story","32":"tag-top-stories","33":"tag-topstories","34":"tag-trafikk","35":"tag-vaer","36":"tag-vefsn"},"share_on_mastodon":{"url":"https:\/\/pubeurope.com\/@no\/115770568412120536","error":""},"_links":{"self":[{"href":"https:\/\/www.europesays.com\/no\/wp-json\/wp\/v2\/posts\/120626","targetHints":{"allow":["GET"]}}],"collection":[{"href":"https:\/\/www.europesays.com\/no\/wp-json\/wp\/v2\/posts"}],"about":[{"href":"https:\/\/www.europesays.com\/no\/wp-json\/wp\/v2\/types\/post"}],"author":[{"embeddable":true,"href":"https:\/\/www.europesays.com\/no\/wp-json\/wp\/v2\/users\/2"}],"replies":[{"embeddable":true,"href":"https:\/\/www.europesays.com\/no\/wp-json\/wp\/v2\/comments?post=120626"}],"version-history":[{"count":0,"href":"https:\/\/www.europesays.com\/no\/wp-json\/wp\/v2\/posts\/120626\/revisions"}],"wp:featuredmedia":[{"embeddable":true,"href":"https:\/\/www.europesays.com\/no\/wp-json\/wp\/v2\/media\/120627"}],"wp:attachment":[{"href":"https:\/\/www.europesays.com\/no\/wp-json\/wp\/v2\/media?parent=120626"}],"wp:term":[{"taxonomy":"category","embeddable":true,"href":"https:\/\/www.europesays.com\/no\/wp-json\/wp\/v2\/categories?post=120626"},{"taxonomy":"post_tag","embeddable":true,"href":"https:\/\/www.europesays.com\/no\/wp-json\/wp\/v2\/tags?post=120626"}],"curies":[{"name":"wp","href":"https:\/\/api.w.org\/{rel}","templated":true}]}}