{"id":120636,"date":"2025-12-23T19:47:16","date_gmt":"2025-12-23T19:47:16","guid":{"rendered":"https:\/\/www.europesays.com\/no\/120636\/"},"modified":"2025-12-23T19:47:16","modified_gmt":"2025-12-23T19:47:16","slug":"mye-raskere-enn-de-fleste-trodde","status":"publish","type":"post","link":"https:\/\/www.europesays.com\/no\/120636\/","title":{"rendered":"Mye raskere enn de fleste trodde"},"content":{"rendered":"<p>        Saken oppsummert<\/p>\n<ul lang=\"nb-NO\">\n<li>Opel Vectra V6 fra 1993 var en popul\u00e6r familiebil med gode ytelser.<\/li>\n<li>Bilen ble kjent for sin komfort, plass og driftssikkerhet.<\/li>\n<li>Vectra V6 kunne akselerere fra 0-100 km\/t p\u00e5 8,5 sekunder.<\/li>\n<li>Langkj\u00f8ringstester viste lavt drivstofforbruk og h\u00f8y kj\u00f8rekomfort.<\/li>\n<\/ul>\n<p class=\"italic ai-disclaimer\" data-lab-italic=\"italic\">Oppsummeringen er laget med kunstig intelligens (KI) fra OpenAI. Innholdet er kvalitetssikret av TV 2s journalister. <a target=\"_blank\" href=\"https:\/\/hjelp.tv2.no\/info\/artikkel\/slik-jobber-vi-med-ki-i-tv-2\" title=\"Les om hvordan vi jobber med KI\" rel=\"nofollow noopener\">Les om hvordan vi jobber med KI<\/a><\/p>\n<p>Frank<br \/>\nWilliksen er veteranen i Broom-redaksjonen. Han har jobbet som biljournalist i n\u00e6rmere<br \/>\n60 \u00e5r, og har testet et stort antall biler i inn- og utland. Noen biler husker han bedre enn andre. N\u00e5 deler Frank minnene med<br \/>\nalle Brooms lesere. Denne gang handler det om Opel Vectra V6 1993.<\/p>\n<p>Da Vectra avl\u00f8ste Opel Ascona p\u00e5<br \/>\nslutten av 1980-tallet, fikk den nye modellenen sv\u00e6rt positiv velkomst<br \/>\ni markedet. Veldig mange likte den kompakte familiebilen godt, men i et<br \/>\nnybilmarked som var lagt n\u00e6rmest d\u00f8dt etter finanskrisen i 1988, tok det litt<br \/>\ntid f\u00f8r salgstallene ble noenlunde hyggelige.\u00a0<\/p>\n<p>Men etter hvert tok de seg opp sammen med markedet, og det er ingen tvil om at Vectra ble en viktig modell for<br \/>\nOpel, ogs\u00e5 i Norge. Ikke minst stasjonsvognen var veldig popul\u00e6r.<\/p>\n<p><a href=\"https:\/\/www.tv2.no\/broom\/dette-var-en-liten-revolusjon\/17940288\/\" rel=\"nofollow noopener\" target=\"_blank\">Dette var en liten revolusjon<\/a><\/p>\n<p>Lave priser<\/p>\n<p>Bortsett fra bilens tiltalende design<br \/>\nb\u00e5de inn- og utvendig, var det stikkord som komfort, plass og driftssikkerhet<br \/>\nsom gikk igjen om Opel Vectra. Motorene var det generelt lite bry med,<br \/>\nforutsatt at man var n\u00f8ye med skifte av registerreim, noe som skulle skje hver<br \/>\n60.000 kilometer eller fire \u00e5r, avhengig av hva som kom f\u00f8rst.\u00a0<\/p>\n<p>At deler og<br \/>\nservice var i den rimelige enden av skalaen var ogs\u00e5 viktig for mange.<\/p>\n<p>        <img class=\"image__img lazyload\" itemprop=\"image\" title=\"Foto: Opel\" alt=\"TRIVELIG: Det var litt ekstra trivelig \u00e5 ha dette merket p\u00e5 hekken! Foto: Opel\" width=\"675\" height=\"331\" bad-src=\"https:\/\/www.europesays.com\/no\/wp-content\/uploads\/2025\/12\/18289654.webp\" fetchpriority=\"auto\" \/><\/p>\n<p>      TRIVELIG: Det var litt ekstra trivelig \u00e5 ha dette merket p\u00e5 hekken!<br \/>\n         Foto: Opel<\/p>\n<p>Snarest mulig!<\/p>\n<p>For en del andre av oss var det nok<br \/>\natskillig viktigere da Opel lanserte en V6-utgave av bilen i 1993. Den leverte<br \/>\nytelser som fikk de fleste til \u00e5 nikke anerkjennende:\u00a0<\/p>\n<p>2,5 liter V6 med 170 hk<br \/>\nfeide unna 0-100 km\/t p\u00e5 pene 8,5 sekunder. Dette var rett og slett<br \/>\noppsiktsvekkende kjapt p\u00e5 denne tiden for en familiebil \u2013 til sammenligning<br \/>\ntrengte f\u00f8rerkort-d\u00f8daren VW Golf GTI hele 8,7 sekunder p\u00e5 det samme\u00bb! Toppfart<br \/>\n230 km\/t sto godt i stil!<\/p>\n<p>Klart dette var en bil jeg gjerne ville<br \/>\nut p\u00e5 veien med snarest mulig!<\/p>\n<p><a href=\"https:\/\/www.tv2.no\/broom\/en-ting-var-viktig-da-denne-skulle-selges\/15393564\/\" rel=\"nofollow noopener\" target=\"_blank\">En ting var viktig da denne skulle selges<\/a><\/p>\n<p>Via Sundsvall<\/p>\n<p>Det var mye jeg var nysgjerrig p\u00e5. En<br \/>\nting var hvordan det slo ut p\u00e5 lange turer med s\u00e5 solid kraftoverskudd i en bil<br \/>\nsom dette \u2013 ble det merkbart mindre girskifting med bilens 5-trinns manuelle<br \/>\ngirkasse, og ville kj\u00f8ringen \u00abflyte bedre\u00bb med h\u00f8yere gjennomsnittsfart?\u00a0<\/p>\n<p>Ville<br \/>\nmer krefter ogs\u00e5 gi mer uanstrengt kj\u00f8ring og mindre uttretting bak rattet? Og<br \/>\nhvor mye ville sekserens lune gange bidra her? Dessuten hadde jeg f\u00e5tt med meg<br \/>\nnoen signaler fra utlandet om lavere forbruk enn ventet, s\u00e5 det var mange ting<br \/>\n\u00e5 v\u00e6re spent p\u00e5 &#8230;<\/p>\n<p>Og skal det testes langkj\u00f8ring, s\u00e5 skal<br \/>\ndet testes langkj\u00f8ring. Valget falt p\u00e5 et bes\u00f8k til hjemlige trakter, i<br \/>\nLevanger. Og hvorfor ikke velge bort kjedelige riksvei 3 og E6, og i stedet<br \/>\nkj\u00f8re via Sundsvall og \u00d8stersund? <\/p>\n<p>        <img class=\"image__img lazyload\" itemprop=\"image\" title=\"Foto: Opel\" alt=\"FUNKSJONELT: F\u00f8rerplassen var typisk Opel - godt tilrettelagt og funksjonell. Foto: Opel\" width=\"675\" height=\"513\" bad-src=\"https:\/\/www.europesays.com\/no\/wp-content\/uploads\/2025\/12\/18289658.webp\" fetchpriority=\"auto\" \/><\/p>\n<p>      FUNKSJONELT: F\u00f8rerplassen var typisk Opel &#8211; godt tilrettelagt og funksjonell.<br \/>\n         Foto: Opel<\/p>\n<p>Trivelig billand<\/p>\n<p>Og slik ble det en testtur p\u00e5 n\u00e6rmere<br \/>\n2000 kilometer, inkludert litt sm\u00e5kj\u00f8ring i Tr\u00f8ndelagstraktene. Dette var<br \/>\nselvsagt en god del lengre enn det hadde beh\u00f8vd \u00e5 v\u00e6re, men for godt m\u00e5l valgte<br \/>\njeg den s\u00f8rlige ruten til Sundsvall, via Karlstad, \u00d8rebro og G\u00e4vle, noe som ga 23 mil ekstra. <\/p>\n<p>Sverige var den gang, som n\u00e5, et<br \/>\ntrivelig land \u00e5 kj\u00f8re bil i. Gode og brede veier med skikkelig veiskulder \u2013 og<br \/>\nallerede tidlig p\u00e5 1990-tallet med motorveier i imponerende omfang. Nordover<br \/>\nfra litt f\u00f8r G\u00e4vle og til forbi Sundsvall var det mer 2+1 til 1+2 filer i stedet<br \/>\nfor gjennomg\u00e5ende 4-felt, men l\u00f8sningen fungerte up\u00e5klagelig og smidig.<\/p>\n<p><a href=\"https:\/\/www.tv2.no\/broom\/dette-var-en-stor-norges-suksess\/15789581\/\" rel=\"nofollow noopener\" target=\"_blank\">Dette var en stor Norges-suksess<\/a><\/p>\n<p>Hvor fort man KAN kj\u00f8re<\/p>\n<p>Da jeg rullet inn i \u00d8stersund rundt 12<br \/>\ntimer etter starten i Slemmestad, var tiden absolutt moden for en aldri s\u00e5<br \/>\nliten d\u00f8gnhvil, s\u00e5 det ble stopp p\u00e5 det f\u00f8rste hotellet som dukket opp. 23 mil<br \/>\nfra \u00d8stersund til Levanger dagen etter ble en ren sjarm\u00f8retappe.<\/p>\n<p>P\u00e5 en testtur som dette er<br \/>\nfartsgrensene et naturlig utgangspunkt for langtur-kvalitetene. Det er i dette<br \/>\nfartsomr\u00e5det de fleste ligger \u2013 og, selvsagt, i dette fartsomr\u00e5det f\u00f8rerkortet<br \/>\nogs\u00e5 lever tryggest, uansett hvor fort man faktisk KAN kj\u00f8re!<\/p>\n<p>        <img class=\"image__img lazyload\" itemprop=\"image\" title=\"Foto: Opel\" alt=\"STERK: Med V6-motoren var Opel Vectra en spreking p\u00e5 veien - krfefter var det rikelig av. Foto: Opel\" width=\"675\" height=\"486\" bad-src=\"https:\/\/www.europesays.com\/no\/wp-content\/uploads\/2025\/12\/18289650.webp\" fetchpriority=\"auto\" \/><\/p>\n<p>      STERK: Med V6-motoren var Opel Vectra en spreking p\u00e5 veien &#8211; krfefter var det rikelig av.<br \/>\n         Foto: Opel<\/p>\n<p>Tung i nesa<\/p>\n<p>Hva min lange testkj\u00f8ring ellers<br \/>\nbekreftet, var sekserens betydelig h\u00f8yere komfortpotensial enn en rekkefirer \u2013<br \/>\ndet gikk stille og behagelig, og med et f\u00f8lbart ekstra kraftoverskudd som<br \/>\ndefinitivt reduserte antall n\u00f8dvendige girskift.<\/p>\n<p>Min veldig lange tur til Levanger b\u00f8d<br \/>\nellers ogs\u00e5 p\u00e5 en god etappe med typisk norske veier, slik at det ble<br \/>\nkombinasjon av opplevelser fra de mest uanstrengte motorveiene til skikkelig<br \/>\nsvingete og til dels smale norske (og svenske!) bygdeveier. Vectraen behersket<br \/>\ndet hele bra, med n\u00f8ytrale kj\u00f8reegenskaper. Litt ekstra fyring i svinger ga noe<br \/>\nkrengning, og spesielt sportslig \u00e5 kj\u00f8re var den nok ikke; ekstra tung i nesa<br \/>\nsom den ogs\u00e5 var med V6-motoren. <\/p>\n<p><a href=\"https:\/\/www.tv2.no\/broom\/her-er-bilen-jeg-burde-kjopt-i-1964\/9880533\/\" rel=\"nofollow noopener\" target=\"_blank\">Her er bilen jeg burde kj\u00f8pt &#8211; i 1964<\/a><\/p>\n<p>Fornuftig bil<\/p>\n<p>For sj\u00e5f\u00f8ren var Opel Vectra CD 2,5 V6<br \/>\nalt i alt en veldig trivelig bil, med god sikt fra en godt tilrettelagt<br \/>\nf\u00f8rerplass der alt var innenfor grei rekkevidde. Her var det ingen store<br \/>\nskjermer som avledet oppmerksomheten, nei! Heller ikke var den belemret med<br \/>\ninnebygd los, man m\u00e5tte finne frem p\u00e5 gammelm\u00e5ten n\u00e5r man kom til ukjente<br \/>\ntrakter: Med kart og stadige sp\u00f8rsm\u00e5l til de innf\u00f8dte! Rart, men vi fant frem<br \/>\ndit vi skulle den gangen ogs\u00e5 &#8230;<\/p>\n<p>Bilens forskjellige funksjoner ble<br \/>\nbetjent med knapper og brytere, og spaker p\u00e5 rattstammen \u2013 enkelt, oversiktlig<br \/>\nog funksjonelt.<\/p>\n<p>En av \u00e5rsakene til at Opel Vectrra ble<br \/>\nsett p\u00e5 som en fornuftig bil, var uten tvil de gode plassforholdene. Selv om<br \/>\nden hadde ganske s\u00e5 kompakte ytre m\u00e5l, b\u00f8d den p\u00e5 et overraskende rommelig<br \/>\nbaksete og et bagasjerom p\u00e5 gode 500 liter.<\/p>\n<p>        <img class=\"image__img lazyload\" itemprop=\"image\" title=\"Foto: Opel\" alt=\"PLASS: Opel Vectra var ingen storbil, men b\u00e5de baksete og bagasjerom var overraskende romslig. Foto: Opel\" width=\"675\" height=\"460\" bad-src=\"https:\/\/www.europesays.com\/no\/wp-content\/uploads\/2025\/12\/18289655.webp\" fetchpriority=\"auto\" \/><\/p>\n<p>      PLASS: Opel Vectra var ingen storbil, men b\u00e5de baksete og bagasjerom var overraskende romslig.<br \/>\n         Foto: Opel<\/p>\n<p>Gikk billig<\/p>\n<p>Mine utenlandske kollegers oppfatninger<br \/>\nomkring bensinforbruket s\u00e5 ogs\u00e5 ut til \u00e5 stemme. Langturen fra Slemmestad til<br \/>\nLevanger via Sundsvall ga et forbruk p\u00e5 litt over 0,75 liter p\u00e5 mila.\u00a0<\/p>\n<p>Klart<br \/>\nbest kom den ut p\u00e5 hjemturen langs E6. Tankfyllingen i Slemmestad etter<br \/>\nhjemkomst ga til resultat et snittforbruk p\u00e5 litt over 0,63 liter p\u00e5 mila. Det<br \/>\nhyggelige tallet har nok to hovedforklaringer \u2013 p\u00e5 1990-tallet var det fortsatt<br \/>\nmange og lange strekninger med 50- og 60-soner i Tr\u00f8ndelag \u2013 og fra Dovre og<br \/>\ns\u00f8rover gikk det lett og billig.<\/p>\n<p><a href=\"https:\/\/www.tv2.no\/broom\/mye-brak-men-lite-action\/17383546\/\" rel=\"nofollow noopener\" target=\"_blank\">Mye br\u00e5k, men lite action<\/a><\/p>\n<p>Noen tall, Opel Vectra 2,5 CD<\/p>\n<p>Motor: V6-motor, 2,5 liter, 170m hk.<br \/>\nMaks dreiemoment 230 Nm v\/3200 omdreininger<\/p>\n<p>Drivverk: Forhjulsdrift, 5-trinns<br \/>\nmanuell girkasse<\/p>\n<p>Lengde x bredde x h\u00f8yde: 4,43 x 1,70 x<br \/>\n1,40 m<\/p>\n<p>Akselavstand: 2,60 m<\/p>\n<p>Egenvekt: 1.370 kg<\/p>\n<p>Tillatt totalvekt: 1.890 kg<\/p>\n<p>Nyttelast: 520 kg<\/p>\n<p>Tilhenger: 1.500 kg<\/p>\n<p>Bagasjerom: 530 liter<\/p>\n<p>Akselerasjon 0-100 km\/t: 8,5 sek.<\/p>\n<p>Toppfart: 230 km\/t<\/p>\n<p>Forbruk oppgitt: 0,88 l\/mil <\/p>\n<p>Pris: Fra 325.300 kroner<\/p>\n<p><a href=\"https:\/\/www.tv2.no\/broom\/en-opel-et-baksete-og-en-maskinpistol\/10333044\/\" rel=\"nofollow noopener\" target=\"_blank\">En Opel, et baksete &#8211; og en maskinpistol<\/a><\/p>\n<p class=\"bold m-bold\" data-lab-font_weight=\"bold\">Dette var forgjengeren, les mer i artikkelen under:<\/p>\n<p>    <a class=\"article__link\" data-ga-active-label=\"\" data-ga-active-label-animation=\"\" href=\"https:\/\/www.tv2.no\/broom\/mye-brak-men-lite-action\/17383546\/\" rel=\"nofollow noopener\" target=\"_blank\"><\/p>\n<p>    <img class=\"image__img lazyload\" itemprop=\"image\" title=\"\" alt=\"\" width=\"978\" height=\"411\" bad-src=\"https:\/\/www.europesays.com\/no\/wp-content\/uploads\/2025\/12\/17383608.webp\" fetchpriority=\"auto\" \/><\/p>\n<p>            Mye br\u00e5k, men lite action<\/p>\n<p>    <\/a><\/p>\n","protected":false},"excerpt":{"rendered":"Saken oppsummert Opel Vectra V6 fra 1993 var en popul\u00e6r familiebil med gode ytelser. Bilen ble kjent for&hellip;\n","protected":false},"author":2,"featured_media":120637,"comment_status":"","ping_status":"","sticky":false,"template":"","format":"standard","meta":{"footnotes":""},"categories":[56],"tags":[60,61,62,30,28,29],"class_list":{"0":"post-120636","1":"post","2":"type-post","3":"status-publish","4":"format-standard","5":"has-post-thumbnail","7":"category-naeringsliv","8":"tag-business","9":"tag-economy","10":"tag-naeringsliv","11":"tag-no","12":"tag-norge","13":"tag-norway"},"share_on_mastodon":{"url":"https:\/\/pubeurope.com\/@no\/115770611677532523","error":""},"_links":{"self":[{"href":"https:\/\/www.europesays.com\/no\/wp-json\/wp\/v2\/posts\/120636","targetHints":{"allow":["GET"]}}],"collection":[{"href":"https:\/\/www.europesays.com\/no\/wp-json\/wp\/v2\/posts"}],"about":[{"href":"https:\/\/www.europesays.com\/no\/wp-json\/wp\/v2\/types\/post"}],"author":[{"embeddable":true,"href":"https:\/\/www.europesays.com\/no\/wp-json\/wp\/v2\/users\/2"}],"replies":[{"embeddable":true,"href":"https:\/\/www.europesays.com\/no\/wp-json\/wp\/v2\/comments?post=120636"}],"version-history":[{"count":0,"href":"https:\/\/www.europesays.com\/no\/wp-json\/wp\/v2\/posts\/120636\/revisions"}],"wp:featuredmedia":[{"embeddable":true,"href":"https:\/\/www.europesays.com\/no\/wp-json\/wp\/v2\/media\/120637"}],"wp:attachment":[{"href":"https:\/\/www.europesays.com\/no\/wp-json\/wp\/v2\/media?parent=120636"}],"wp:term":[{"taxonomy":"category","embeddable":true,"href":"https:\/\/www.europesays.com\/no\/wp-json\/wp\/v2\/categories?post=120636"},{"taxonomy":"post_tag","embeddable":true,"href":"https:\/\/www.europesays.com\/no\/wp-json\/wp\/v2\/tags?post=120636"}],"curies":[{"name":"wp","href":"https:\/\/api.w.org\/{rel}","templated":true}]}}