{"id":120638,"date":"2025-12-23T19:49:10","date_gmt":"2025-12-23T19:49:10","guid":{"rendered":"https:\/\/www.europesays.com\/no\/120638\/"},"modified":"2025-12-23T19:49:10","modified_gmt":"2025-12-23T19:49:10","slug":"scott-bessent-vil-endre-prisvekstmalet-e24","status":"publish","type":"post","link":"https:\/\/www.europesays.com\/no\/120638\/","title":{"rendered":"Scott Bessent vil endre prisvekstm\u00e5let \u2013 E24"},"content":{"rendered":"<p class=\"fullWidthDesktop hyperion-css-71ztg2\" data-test-tag=\"lead-text\">USAs finansminister Scott Bessent sier dagens m\u00e5l for prisvekst er absurd. <\/p>\n<p><img decoding=\"async\" class=\"image-asset hyperion-css-u06ts1\" data-test-tag=\"image-asset\" src=\"https:\/\/www.europesays.com\/no\/wp-content\/uploads\/2025\/12\/20fabbe9-f5ad-41cc-b7e9-c3a3acd23770\"  alt=\"Scott Bessent liker ikke inflasjonsm\u00e5let. \"  loading=\"eager\" fetchpriority=\"high\" style=\"aspect-ratio:1900 \/ 1266\"\/>Scott Bessent liker ikke inflasjonsm\u00e5let. Foto: Aaron Schwartz \/ Reuters \/ NTBPublisert: <\/p>\n<p>For mindre enn 40 minutter siden<\/p>\n<p>Oppdatert for mindre enn 20 minutter siden<\/p>\n<ul class=\"hyperion-css-pte5x0\">\n<li aria-label=\"link\" class=\"narrow-button hyperion-css-1sz7d3n\">Kopier lenke<\/li>\n<li aria-label=\"link\" class=\"wide-button hyperion-css-1sz7d3n\">Kopier lenke<\/li>\n<li aria-label=\"facebook\" class=\"narrow-button hyperion-css-1sz7d3n\">Del p\u00e5 Facebook<\/li>\n<li aria-label=\"facebook\" class=\"wide-button hyperion-css-1sz7d3n\">Del p\u00e5 Facebook<\/li>\n<li aria-label=\"email\" class=\"narrow-button hyperion-css-1sz7d3n\">Del med e-post<\/li>\n<li aria-label=\"email\" class=\"wide-button hyperion-css-1sz7d3n\">Del med e-post<\/li>\n<\/ul>\n<p class=\"hyperion-css-1lemvax\">I USA har sentralbanken et m\u00e5l om \u00e5 f\u00e5 prisveksten ned p\u00e5 et niv\u00e5 som inneb\u00e6rer at prisene ikke vokser med mer enn 2 prosent \u00e5rlig \u2013 det samme som Norges Bank her hjemme. <\/p>\n<p class=\"hyperion-css-1lemvax\"><strong>N\u00e5 \u00e5pner finansminister Scott Bessent for at dette m\u00e5let kan endres. <\/strong><\/p>\n<p class=\"hyperion-css-1lemvax\">\u2013 N\u00e5r vi er tilbake p\u00e5 2 \u2013 som jeg tror er innen rekkevidde \u2013 kan vi ha en diskusjon. Er det smartere \u00e5 ha et intervall? sp\u00f8r Bessent i podkasten <a aria-label=\"All-In Podcast\" class=\"default hyperion-css-1rezu2g\" href=\"https:\/\/www.youtube.com\/watch?v=G0GuHkUbuEY\" rel=\"noopener nofollow noreferrer\" data-test-tag=\"external-link\" target=\"_blank\">All-In Podcast<\/a>. <\/p>\n<p class=\"hyperion-css-1lemvax\">Bessent vil alts\u00e5 ha et intervall inflasjonen kan v\u00e6re innenfor, i stedet for et fastsatt tall som 2 prosent. <\/p>\n<p class=\"hyperion-css-1lemvax\">\u2013 Det kan v\u00e6re 1,5 til 2,5 eller fra 1 til 3. Men jeg tenker det er veldig vanskelig \u00e5 komme med et nytt anker f\u00f8r man har n\u00e5dd m\u00e5let og oppn\u00e5dd troverdighet, sier han. <\/p>\n<p class=\"hyperion-css-1lemvax\">\u2013 Ideen om at vi kan v\u00e6re sikre p\u00e5 desimalen, er bare absurd, sier finansministeren.<\/p>\n<p><a data-test-tag=\"teaser-small:link-internal\" href=\"https:\/\/e24.no\/boers-og-finans\/i\/pBLBVW\/trumps-boersfiasko\" class=\"imagePosition-top inline hyperion-css-6238vu\" rel=\"nofollow noopener\" target=\"\" aria-label=\"Trumps b\u00f8rsfiasko\"><\/p>\n<p>Les p\u00e5 E24+<\/p>\n<p>Trumps b\u00f8rsfiasko<\/p>\n<p><\/a>Innf\u00f8rt i 2012<\/p>\n<p class=\"hyperion-css-1lemvax\">Den amerikanske sentralbanken har formelt hatt inflasjonsm\u00e5let siden 2012. <\/p>\n<p class=\"hyperion-css-1lemvax\">Norges Bank <a aria-label=\"innf\u00f8rte inflasjonsm\u00e5l\" class=\"default hyperion-css-1rezu2g\" href=\"https:\/\/www.norges-bank.no\/tema\/Om-Norges-Bank\/historie\/norges-banks-historie\/e6-artikkel2\/2001-\/\" rel=\"noopener nofollow noreferrer\" data-test-tag=\"external-link\" target=\"_blank\">innf\u00f8rte inflasjonsm\u00e5l<\/a> i 2001, som ble satt til 2,5 prosent. I 2018 ble inflasjonsm\u00e5let nedjustert til 2 prosent. <\/p>\n<p class=\"hyperion-css-1lemvax\">Prisveksten i USA <a data-test-tag=\"internal-link\" href=\"https:\/\/e24.no\/internasjonal-oekonomi\/i\/0pEexo\/prisveksten-i-usa-landet-paa-27-prosent-i-november\" class=\"hyperion-css-1rezu2g\" rel=\"nofollow noopener\" target=\"\" aria-label=\"kom inn p\u00e5 2,7 prosent i november,\">kom inn p\u00e5 2,7 prosent i november,<\/a> viste tall som ble lagt frem torsdag forrige uke. <\/p>\n<p class=\"hyperion-css-1lemvax\">Neste rentem\u00f8te i USA er f\u00f8rst i slutten av januar. Styringsrenten i USA er n\u00e5 p\u00e5 intervallet 3,5\u20133,75 prosent. Markedet ansl\u00e5r en overveiende sannsynlighet for at neste rentem\u00f8te, som avholdes i slutten av januar, ender med uendret styringsrente, if\u00f8lge\u00a0<a aria-label=\"CME FedWatch\" class=\"default hyperion-css-1rezu2g\" href=\"https:\/\/www.cmegroup.com\/markets\/interest-rates\/cme-fedwatch-tool.html\" rel=\"noopener nofollow noreferrer\" data-test-tag=\"external-link\" target=\"_blank\">CME FedWatch<\/a>-verkt\u00f8yet. <\/p>\n","protected":false},"excerpt":{"rendered":"USAs finansminister Scott Bessent sier dagens m\u00e5l for prisvekst er absurd. Scott Bessent liker ikke inflasjonsm\u00e5let. Foto: Aaron&hellip;\n","protected":false},"author":2,"featured_media":120639,"comment_status":"","ping_status":"","sticky":false,"template":"","format":"standard","meta":{"footnotes":""},"categories":[10],"tags":[20,21,24,25,15,22,23,13,30,28,29,14,16,26,27],"class_list":{"0":"post-120638","1":"post","2":"type-post","3":"status-publish","4":"format-standard","5":"has-post-thumbnail","7":"category-norge","8":"tag-breaking-news","9":"tag-breakingnews","10":"tag-featured-news","11":"tag-featurednews","12":"tag-headlines","13":"tag-latest-news","14":"tag-latestnews","15":"tag-news","16":"tag-no","17":"tag-norge","18":"tag-norway","19":"tag-nyheter","20":"tag-overskrifter","21":"tag-top-stories","22":"tag-topstories"},"share_on_mastodon":{"url":"https:\/\/pubeurope.com\/@no\/115770619783134798","error":""},"_links":{"self":[{"href":"https:\/\/www.europesays.com\/no\/wp-json\/wp\/v2\/posts\/120638","targetHints":{"allow":["GET"]}}],"collection":[{"href":"https:\/\/www.europesays.com\/no\/wp-json\/wp\/v2\/posts"}],"about":[{"href":"https:\/\/www.europesays.com\/no\/wp-json\/wp\/v2\/types\/post"}],"author":[{"embeddable":true,"href":"https:\/\/www.europesays.com\/no\/wp-json\/wp\/v2\/users\/2"}],"replies":[{"embeddable":true,"href":"https:\/\/www.europesays.com\/no\/wp-json\/wp\/v2\/comments?post=120638"}],"version-history":[{"count":0,"href":"https:\/\/www.europesays.com\/no\/wp-json\/wp\/v2\/posts\/120638\/revisions"}],"wp:featuredmedia":[{"embeddable":true,"href":"https:\/\/www.europesays.com\/no\/wp-json\/wp\/v2\/media\/120639"}],"wp:attachment":[{"href":"https:\/\/www.europesays.com\/no\/wp-json\/wp\/v2\/media?parent=120638"}],"wp:term":[{"taxonomy":"category","embeddable":true,"href":"https:\/\/www.europesays.com\/no\/wp-json\/wp\/v2\/categories?post=120638"},{"taxonomy":"post_tag","embeddable":true,"href":"https:\/\/www.europesays.com\/no\/wp-json\/wp\/v2\/tags?post=120638"}],"curies":[{"name":"wp","href":"https:\/\/api.w.org\/{rel}","templated":true}]}}