{"id":120649,"date":"2025-12-23T20:05:08","date_gmt":"2025-12-23T20:05:08","guid":{"rendered":"https:\/\/www.europesays.com\/no\/120649\/"},"modified":"2025-12-23T20:05:08","modified_gmt":"2025-12-23T20:05:08","slug":"veldig-gledelig-nrk-buskerud-lokale-nyheter-tv-og-radio","status":"publish","type":"post","link":"https:\/\/www.europesays.com\/no\/120649\/","title":{"rendered":"\u2013 Veldig gledelig \u2013 NRK Buskerud \u2013 Lokale nyheter, TV og radio"},"content":{"rendered":"<p>I en hvit linskjorte, med kravett og bukseseler, sitter en av Norges kanskje barskeste skuespillere godt tilbakelent i en dyp lenestol av skinn. Belysningen \u2013 i det som kan minne om et viktoriansk bibliotek \u2013 er behagelig dempet.<\/p>\n<p><img decoding=\"async\"   src=\"data:image\/gif;base64,R0lGODlhAQABAIAAAAAAAP\/\/\/yH5BAEAAAAALAAAAAABAAEAAAIBRAA7\" loading=\"eager\" alt=\"Stig Henrik Hoff spiller samen Bilzi i HBO Nordic serien \u00abVelkommen til Utmark\u00bb.\" title=\"Foto: Agnete Brun \/ HBO Nordic\"\/><\/p>\n<p class=\"\">I sommer var skuespiller Stig Henrik Hoff med i en holdningskampanje for Av-og-til. <\/p>\n<p>Foto: Agnete Brun \/ HBO Nordic<\/p>\n<p>P\u00e5 kneet lener Stig Henrik Hoff et whiskyglass. Han tar seg en, tilsynelatende, s\u00e6rdeles behagelig sniff f\u00f8r han f\u00f8lger opp med en slurk.<\/p>\n<p>\u00abEkte menn tar seg et glass\u00bb sier en tilsvarende barsk fortellerstemme.<\/p>\n<p><strong>\u00abMen det holder med denne\u00bb, f\u00f8lger Hoff opp. Kameraet zoomer ut. Han er ikke alene, viser det seg. Han sitter og spiller Ludo med tre barn.<\/strong><\/p>\n<p><a href=\"https:\/\/www.youtube.com\/watch?v=6xR9f1YfM6M\" ec-id=\"https:\/\/www.youtube.com\/watch\" ec-name=\"Denne\" rel=\"nofollow noopener\" target=\"_blank\">Denne<\/a>, og flere andre videoer, er produsert for \u00abAv-og-til\u00bb. Organisasjonen ble stiftet som \u00abAlkoKutt\u00bb p\u00e5 starten av 80-tallet, og med midler fra Helsedirektoratet brukte de i fjor over 10 millioner kroner p\u00e5 kampanjer, arrangementer og markedsunders\u00f8kelser.<\/p>\n<p><img decoding=\"async\"   src=\"data:image\/gif;base64,R0lGODlhAQABAIAAAAAAAP\/\/\/yH5BAEAAAAALAAAAAABAAEAAAIBRAA7\" loading=\"eager\" alt=\"Faksimile fra Aftenposten viser en sak i etterkant av opprettelsen av organisasjonen Alkokutt\" title=\"Faksimile: Aftenposten, 2. september 1981\"\/><\/p>\n<p class=\"\">Av-og-til ble opprettet p\u00e5 starten av 1980-tallet, da som organisasjonen AlkoKutt. <\/p>\n<p>Faksimile: Aftenposten, 2. september 1981<\/p>\n<p><strong>M\u00e5let er \u00e5 p\u00e5virke nordmenn til \u00e5 moderere alkoholinntaket. Nye salgstall fra Vinmonopolet er som bestilt for organisasjonens generalsekret\u00e6r, Ragnhild Kaski.<\/strong><\/p>\n<p>\u2013 Det vi ser n\u00e5 er veldig gledelig, sier hun.<\/p>\n<p><img decoding=\"async\"   src=\"data:image\/gif;base64,R0lGODlhAQABAIAAAAAAAP\/\/\/yH5BAEAAAAALAAAAAABAAEAAAIBRAA7\" loading=\"eager\" alt=\"Generalsekret\u00e6r i Av-og-til Ragnhild Kaski\" title=\"Foto: B\u00e5rd Gundersen \/ Av-og-til\"\/><\/p>\n<p class=\"\">Generalsekret\u00e6r i Av-og-til, Ragnhild Kaski.<\/p>\n<p>Foto: B\u00e5rd Gundersen \/ Av-og-til<\/p>\n<p>\u00abElefanten i rommet\u00bb<\/p>\n<p>For spesielt julen kan v\u00e6re en vanskelig h\u00f8ytid, og s\u00e6rlig for barn, if\u00f8lge Kaski. Hun peker p\u00e5 at FHI i en rapport fastsl\u00e5r at 90.000 barn vokser opp med foreldre som drikker for mye. \u00abElefanten i rommet\u00bb som Av-og-til kaller det <a href=\"https:\/\/www.youtube.com\/watch?v=FazcchLuoIM\" ec-id=\"https:\/\/www.youtube.com\/watch\" ec-name=\"i sin siste holdningskampanje\" rel=\"nofollow noopener\" target=\"_blank\">i sin siste holdningskampanje<\/a>.<\/p>\n<p>Mor eller far som oppf\u00f8rer seg annerledes i jula, men ingen sier noe som helst.<\/p>\n<p><strong>\u2013 Barn merker selv sm\u00e5 endringer hos foreldre. Det vi kanskje ser p\u00e5 som en liten positiv lykkepromille, blir for dem en elefant i rommet. Dette kan oppleves b\u00e5de ubehagelig og utrygt, fortsetter Kaski.<\/strong><\/p>\n<p>FHI-rapporten hun sikter til, \u00ab<a href=\"https:\/\/www.fhi.no\/globalassets\/dokumenterfiler\/rapporter\/2011\/rapport-20114-pdf.pdf\" ec-id=\"https:\/\/www.fhi.no\/globalassets\/dokumenterfiler\/rapporter\/2011\/rapport-20114-pdf.pdf\" ec-name=\"Barn av foreldre med psykiske lidelser eller alkoholmisbruk: omfang og konsekvense\" rel=\"nofollow noopener\" target=\"_blank\">Barn av foreldre med psykiske lidelser eller alkoholmisbruk: omfang og konsekvense<\/a>r\u00bb, ble publisert i 2011. Denne sl\u00e5r fast at barn av alkoholmisbrukere er spesielt utsatt for psykiske lidelser.<\/p>\n<p>Dette er en av flere grunner til at hun h\u00e5per foreldre holder seg til maks to enheter alkohol rundt barn.<\/p>\n<p>Salgsrekord<\/p>\n<p>Og skal vi tro trenden i salgstallene til Vinmonopolet, kan hende ogs\u00e5 flere og flere nordmenn tenker dette er lurt. For det f\u00f8rste kj\u00f8per vi langt mer alkoholfritt enn tidligere.<\/p>\n<p>\u2013 I \u00e5r kommer vi totalt sett til \u00e5 selge rundt 1,5 millioner liter alkoholfritt, en \u00f8kning p\u00e5 11 prosent fra i fjor. Det er ny rekord, forteller pressesjef Jens Nordahl hos Vinmonopolet.<\/p>\n<p><img decoding=\"async\"   src=\"data:image\/gif;base64,R0lGODlhAQABAIAAAAAAAP\/\/\/yH5BAEAAAAALAAAAAABAAEAAAIBRAA7\" loading=\"eager\" alt=\"Jens Nordahl, kommunikasjonsr\u00e5dgjevar i Vinmonopolet, hos Anne Lindmo 110222\" title=\"\"\/><\/p>\n<p class=\"no-credit\">Pressesjef i Vinmonopolet, Jens Nordahl. Her som gjest hos Anne Lindmo i 2022.<\/p>\n<p>I tillegg n\u00e5r vi kj\u00f8per alkohol, kj\u00f8per vi drikke med lavere prosentandel enn tidligere.<\/p>\n<p><strong>\u2013 Dette er en trend vi har sett mer og mer de siste \u00e5rene, og som ogs\u00e5 er tydelig i tallene inn mot jul. Nordmenn kj\u00f8per mindre r\u00f8dvin, sterkvin og brennevin og mer av varegruppene med mindre sukker, alkohol eller kalorier. Som for eksempel hvitvin, sider eller \u00f8l.<\/strong><\/p>\n<p>Nordahl er forsiktig med \u00e5 peke p\u00e5 noen \u00e5rsak for trenden n\u00e5r det gjelder alkoholholdig drikke, men har en klar teori for hvorfor vi kj\u00f8per mer alkoholfritt.<\/p>\n<p>\u2013 Produsenter legger sjela i alkoholfrie produkter<\/p>\n<p>\u2013 Det kommer av \u00f8kt interesse i en befolkning som vil ha gode alkoholfrie alternativer. I tillegg har produsentene skjerpet seg. For femten \u00e5r siden var det ikke s\u00e5 mye interesse i \u00e5 produsere mer enn standard alkoholfrie alternativer. N\u00e5 ser vi derimot at produsentene virkelig legger sjelen sin i \u00e5 lage alternativer av skyh\u00f8y kvalitet.<\/p>\n<p><strong>Fermentert te, alkoholfri sider og gin, r\u00f8dvin der alkoholen er fjernet etter fermentering. N\u00e5 er det plutselig flere alternativer enn vanlig brus for de som enten vil drikke mindre, eller ingenting.<\/strong><\/p>\n<p>Kaski peker p\u00e5 at dette er en trend vi ikke bare ser i Norge, men ogs\u00e5 i andre land.<\/p>\n<p>\u2013 NoLo, kaller vi den. No-alkohol eller low-alkohol. Den kanskje viktigste driveren er at folk er mer helsebevisste, men ogs\u00e5 at vi i st\u00f8rre og st\u00f8rre grad ofrer alkohol for \u00e5 kunne v\u00e6re den forelderen vi \u00f8nsker \u00e5 v\u00e6re, sier Kaski.<\/p>\n<p>Hun h\u00e5per n\u00e5 at dette ikke bare er et blaff, men at trenden faktisk setter seg.<\/p>\n<p><strong>\u2013 Vi har jo sett denne trenden i noen \u00e5r n\u00e5, men det er litt for tidlig \u00e5 si noe om hva denne trenden f\u00f8rer til. Men vi h\u00e5per jo at det vil fortsette, og at vi ser de nedadg\u00e5ende kurvene ogs\u00e5 i \u00e5rene som kommer, avslutter hun.<\/strong><\/p>\n<p>Publisert<\/p>\n<p>23.12.2025, kl. 20.10<\/p>\n","protected":false},"excerpt":{"rendered":"I en hvit linskjorte, med kravett og bukseseler, sitter en av Norges kanskje barskeste skuespillere godt tilbakelent i&hellip;\n","protected":false},"author":2,"featured_media":120650,"comment_status":"","ping_status":"","sticky":false,"template":"","format":"standard","meta":{"footnotes":""},"categories":[5],"tags":[20,21,24,25,15,19,22,23,17,18,13,30,28,29,14,16,26,27],"class_list":{"0":"post-120649","1":"post","2":"type-post","3":"status-publish","4":"format-standard","5":"has-post-thumbnail","7":"category-overskrifter","8":"tag-breaking-news","9":"tag-breakingnews","10":"tag-featured-news","11":"tag-featurednews","12":"tag-headlines","13":"tag-hovedoppslag","14":"tag-latest-news","15":"tag-latestnews","16":"tag-main-news","17":"tag-mainnews","18":"tag-news","19":"tag-no","20":"tag-norge","21":"tag-norway","22":"tag-nyheter","23":"tag-overskrifter","24":"tag-top-stories","25":"tag-topstories"},"share_on_mastodon":{"url":"https:\/\/pubeurope.com\/@no\/115770682440969057","error":""},"_links":{"self":[{"href":"https:\/\/www.europesays.com\/no\/wp-json\/wp\/v2\/posts\/120649","targetHints":{"allow":["GET"]}}],"collection":[{"href":"https:\/\/www.europesays.com\/no\/wp-json\/wp\/v2\/posts"}],"about":[{"href":"https:\/\/www.europesays.com\/no\/wp-json\/wp\/v2\/types\/post"}],"author":[{"embeddable":true,"href":"https:\/\/www.europesays.com\/no\/wp-json\/wp\/v2\/users\/2"}],"replies":[{"embeddable":true,"href":"https:\/\/www.europesays.com\/no\/wp-json\/wp\/v2\/comments?post=120649"}],"version-history":[{"count":0,"href":"https:\/\/www.europesays.com\/no\/wp-json\/wp\/v2\/posts\/120649\/revisions"}],"wp:featuredmedia":[{"embeddable":true,"href":"https:\/\/www.europesays.com\/no\/wp-json\/wp\/v2\/media\/120650"}],"wp:attachment":[{"href":"https:\/\/www.europesays.com\/no\/wp-json\/wp\/v2\/media?parent=120649"}],"wp:term":[{"taxonomy":"category","embeddable":true,"href":"https:\/\/www.europesays.com\/no\/wp-json\/wp\/v2\/categories?post=120649"},{"taxonomy":"post_tag","embeddable":true,"href":"https:\/\/www.europesays.com\/no\/wp-json\/wp\/v2\/tags?post=120649"}],"curies":[{"name":"wp","href":"https:\/\/api.w.org\/{rel}","templated":true}]}}