{"id":120653,"date":"2025-12-23T20:15:17","date_gmt":"2025-12-23T20:15:17","guid":{"rendered":"https:\/\/www.europesays.com\/no\/120653\/"},"modified":"2025-12-23T20:15:17","modified_gmt":"2025-12-23T20:15:17","slug":"forde-brann-rykte-ut-til-brann-i-bygg-i-forde","status":"publish","type":"post","link":"https:\/\/www.europesays.com\/no\/120653\/","title":{"rendered":"F\u00f8rde, Brann | Rykte ut til brann i bygg i F\u00f8rde"},"content":{"rendered":"\n<p>Klokka 14.48 fekk Vest politidistrikt melding om brann i ein bygning i Hafstadvegen i F\u00f8rde. <\/p>\n<p>\u2013 Det er moglegvis brann i eit ventilasjonsanlegg. Det skal vere mykje r\u00f8yk i bygget, opplyser Knut Dahl-Michelsen, operasjonsleiar i Vest politidistrikt. <\/p>\n<p>Det er ikkje meldt om personskadar, if\u00f8lge operasjonsleiaren. <\/p>\n<p>P\u00e5 grunn av at bygget ligg s\u00e5 tett til E39, kan brannen p\u00e5verke trafikkavviklinga. <\/p>\n<p>Brannvesenet er framme p\u00e5 staden, og melder at dei har kontroll. \u00c5rsaka til brannen skal vere ei kortslutning. Brannvesenet har tatt straumen p\u00e5 bygget.<\/p>\n<p>Firda kjem tilbake med meir. <\/p>\n","protected":false},"excerpt":{"rendered":"Klokka 14.48 fekk Vest politidistrikt melding om brann i ein bygning i Hafstadvegen i F\u00f8rde. \u2013 Det er&hellip;\n","protected":false},"author":2,"featured_media":120654,"comment_status":"","ping_status":"","sticky":false,"template":"","format":"standard","meta":{"footnotes":""},"categories":[10],"tags":[36,367,1672,20,21,24,25,3687,15,22,23,13,30,28,29,14,16,1510,26,27],"class_list":{"0":"post-120653","1":"post","2":"type-post","3":"status-publish","4":"format-standard","5":"has-post-thumbnail","7":"category-norge","8":"tag-art","9":"tag-brann","10":"tag-brannvesen","11":"tag-breaking-news","12":"tag-breakingnews","13":"tag-featured-news","14":"tag-featurednews","15":"tag-forde","16":"tag-headlines","17":"tag-latest-news","18":"tag-latestnews","19":"tag-news","20":"tag-no","21":"tag-norge","22":"tag-norway","23":"tag-nyheter","24":"tag-overskrifter","25":"tag-story","26":"tag-top-stories","27":"tag-topstories"},"share_on_mastodon":{"url":"https:\/\/pubeurope.com\/@no\/115770721795372917","error":""},"_links":{"self":[{"href":"https:\/\/www.europesays.com\/no\/wp-json\/wp\/v2\/posts\/120653","targetHints":{"allow":["GET"]}}],"collection":[{"href":"https:\/\/www.europesays.com\/no\/wp-json\/wp\/v2\/posts"}],"about":[{"href":"https:\/\/www.europesays.com\/no\/wp-json\/wp\/v2\/types\/post"}],"author":[{"embeddable":true,"href":"https:\/\/www.europesays.com\/no\/wp-json\/wp\/v2\/users\/2"}],"replies":[{"embeddable":true,"href":"https:\/\/www.europesays.com\/no\/wp-json\/wp\/v2\/comments?post=120653"}],"version-history":[{"count":0,"href":"https:\/\/www.europesays.com\/no\/wp-json\/wp\/v2\/posts\/120653\/revisions"}],"wp:featuredmedia":[{"embeddable":true,"href":"https:\/\/www.europesays.com\/no\/wp-json\/wp\/v2\/media\/120654"}],"wp:attachment":[{"href":"https:\/\/www.europesays.com\/no\/wp-json\/wp\/v2\/media?parent=120653"}],"wp:term":[{"taxonomy":"category","embeddable":true,"href":"https:\/\/www.europesays.com\/no\/wp-json\/wp\/v2\/categories?post=120653"},{"taxonomy":"post_tag","embeddable":true,"href":"https:\/\/www.europesays.com\/no\/wp-json\/wp\/v2\/tags?post=120653"}],"curies":[{"name":"wp","href":"https:\/\/api.w.org\/{rel}","templated":true}]}}