{"id":120659,"date":"2025-12-23T20:23:22","date_gmt":"2025-12-23T20:23:22","guid":{"rendered":"https:\/\/www.europesays.com\/no\/120659\/"},"modified":"2025-12-23T20:23:22","modified_gmt":"2025-12-23T20:23:22","slug":"skiskytter-sivert-guttorm-bakken-27-er-dod","status":"publish","type":"post","link":"https:\/\/www.europesays.com\/no\/120659\/","title":{"rendered":"Skiskytter Sivert Guttorm Bakken (27) er d\u00f8d"},"content":{"rendered":"<p>\u2013 Norges Skiskytterforbund har i dag f\u00e5tt bekreftet fra italienske<br \/>\nmyndigheter at Vingrom-skiskytteren Sivert Guttorm Bakken (27) fra Lillehammer<br \/>\ner funnet d\u00f8d p\u00e5 sitt hotellrom i Lavaze i Italia, skriver forbundet i pressemeldingen.\u00a0<\/p>\n<p>D\u00f8ds\u00e5rsaken er forel\u00f8pig ikke kjent, informerer forbundet videre.<\/p>\n<p>        <img class=\"image__img lazyload\" itemprop=\"image\" title=\"Foto: OLIVIER CHASSIGNOLE \/ AFP \/ NTB\" alt=\"KONKURRERTE: S\u00e5 sent som forrige helg deltok Sivert Guttorm Bakken i verdenscupen i franske Le Grand Bornand. Her f\u00f8r sprinten, hvor han ble nummer fem. Foto: OLIVIER CHASSIGNOLE \/ AFP \/ NTB\" width=\"675\" height=\"493\" bad-src=\"https:\/\/www.europesays.com\/no\/wp-content\/uploads\/2025\/12\/18410609.webp\" fetchpriority=\"auto\" \/><\/p>\n<p>      KONKURRERTE: S\u00e5 sent som forrige helg deltok Sivert Guttorm Bakken i verdenscupen i franske Le Grand Bornand. Her f\u00f8r sprinten, hvor han ble nummer fem.<br \/>\n         Foto: OLIVIER CHASSIGNOLE \/ AFP \/ NTB<\/p>\n<p>\u2013 V\u00e5re tanker g\u00e5r n\u00e5 f\u00f8rst og fremst til familien til Sivert og<br \/>\ntil alle som st\u00e5r ham n\u00e6r. Vi samarbeider med italienske myndigheter p\u00e5 stedet,<br \/>\nsier Emilie Nordskar, fungerende generalsekret\u00e6r.<\/p>\n<p>Ut\u00f8vere og p\u00e5r\u00f8rende vil bli fulgt opp av kriseteam og interne ressurser. Skiskytterforbundet informerer om at det vil bli avholdt en \u00e5pen minnestund tirsdag kveld.\u00a0<\/p>\n<p>Bakken fikk sin debut i verdenscupen i mars 2022. I mai samme \u00e5r fikk han en hjertebetennelse som satte karrieren p\u00e5 pause i lang tid.\u00a0<\/p>\n<p>        <img class=\"image__img lazyload\" itemprop=\"image\" title=\"Foto: Jon Olav Nesvold \/ BILDBYR\u00c5N\" alt=\"VERDENSCUPSEIER: Sivert Guttorm Bakken tok \u00e9n verdenscupseier \u2013 p\u00e5 fellesstarten i Oslo i 2022. Foto: Jon Olav Nesvold \/ BILDBYR\u00c5N\" width=\"675\" height=\"453\" bad-src=\"https:\/\/www.europesays.com\/no\/wp-content\/uploads\/2025\/12\/18410589.webp\" fetchpriority=\"auto\" \/><\/p>\n<p>      VERDENSCUPSEIER: Sivert Guttorm Bakken tok \u00e9n verdenscupseier \u2013 p\u00e5 fellesstarten i Oslo i 2022.<br \/>\n         Foto: Jon Olav Nesvold \/ BILDBYR\u00c5N<\/p>\n<p>I 2024\/2025-sesongen gjorde Bakken comeback og tok flere seire og pallplasser i IBU Cup, som er niv\u00e5et under verdenscupen.<\/p>\n<p>Tidligere i desember m\u00e5tte Bakken st\u00e5 over verdenscuprennene i \u00f8sterrikske Hochfilzen som f\u00f8lge av sykdom, men var tilbake i Le Grand Bornand forrige helg.<\/p>\n<p>Der ble han nummer fem p\u00e5 sprinten, 18 p\u00e5 jaktstarten og endte p\u00e5 en 20. plass p\u00e5 fellesstarten.<\/p>\n<p>Han gikk ogs\u00e5 sesong\u00e5pningen i\u00a0\u00d6stersund. Der ble han topp ti i samtlige tre l\u00f8p.<\/p>\n<p>Bakken har \u00e9n individuell verdenscupseier. Den tok han p\u00e5 fellesstarten i Oslo i mars 2022.\u00a0<\/p>\n<p>\u2013 Sorgtvungen familie<\/p>\n<p>Tirsdag klokken 21.00 avholdes minnestunden i Lillehammer kirke. Kriseteamet p\u00e5 Lillehammer, prest og politi var tilstede.<\/p>\n<p> Prost Ann Cathrin Opsann Tomten m\u00f8ter TV 2 I Lillehammer kirke tirsdag kveld. Hun har v\u00e6rt involvert i prosessen i og rundt de p\u00e5r\u00f8rende i Norge.<\/p>\n<p>\u2013\u00a0 Jeg var med og overbrakte d\u00f8dsbudskapet til de p\u00e5r\u00f8rende i dag, og har v\u00e6rt med familien hele dagen, sier hun til TV 2.<\/p>\n<p>        <img class=\"image__img lazyload\" itemprop=\"image\" title=\"Foto: Harald Chr. Eiken \/ TV 2\" alt=\"MINNESTUND: I Lillehammer kirke samles kj\u00e6re og kjente for \u00e5 minnes Bakken. Foto: Harald Chr. Eiken \/ TV 2\" width=\"675\" height=\"419\" bad-src=\"https:\/\/www.europesays.com\/no\/wp-content\/uploads\/2025\/12\/18410878.webp\" fetchpriority=\"auto\" \/><\/p>\n<p>      MINNESTUND: I Lillehammer kirke samles kj\u00e6re og kjente for \u00e5 minnes Bakken.<br \/>\n         Foto: Harald Chr. Eiken \/ TV 2<\/p>\n<p>Hun er naturligvis ogs\u00e5 preget av d\u00f8dsfallet og setter ord p\u00e5 det fra hennes rolle som prost.<\/p>\n<p>\u2013 Det er en tragedie. Det er det alltid n\u00e5r et ungt menneske blir borte p\u00e5 den m\u00e5ten. Det er en sorgtvunget familie, og det ber\u00f8rer veldig mange mennesker i lokalsamfunnet v\u00e5rt. Han var ikke bare en profilert idrettsmann, men han hadde mange venner og et stort nettverk og familie selvf\u00f8lgelig. Det er en sv\u00e6rt trist hendelse.<\/p>\n<p>        <img class=\"image__img lazyload\" itemprop=\"image\" title=\"Foto: Geir Olsen \/ NTB\" alt=\"PROST: Ann Christin Opsann Tomten m\u00f8tte TV 2 f\u00f8r minnestunden 23. desember. Foto: Geir Olsen \/ NTB\" width=\"978\" height=\"551\" bad-src=\"https:\/\/www.europesays.com\/no\/wp-content\/uploads\/2025\/12\/18410892.webp\" fetchpriority=\"auto\" \/><\/p>\n<p>      PROST: Ann Christin Opsann Tomten m\u00f8tte TV 2 f\u00f8r minnestunden 23. desember.<br \/>\n         Foto: Geir Olsen \/ NTB<\/p>\n<p>Enger kjente ikke Sivert personlig, men forteller om den sorgtunge dagen for familien.<\/p>\n<p>\u2013 Det jeg har gjort i dag er \u00e5 v\u00e6re sammen med familien hans og fokusert p\u00e5 dem. Vi har ikke snakket veldig, veldig mye om Sivert, men jeg har skj\u00f8nt at han var en veldig sterk person. En med store m\u00e5l i livet og som helt sikkert ville lyktes. Han hadde hele fremtiden foran seg p\u00e5 alle m\u00e5ter.<\/p>\n<p>Om seremonien og minnestunden som skal skje tirsdag forteller hun at venner og bekjente vil m\u00f8te opp for \u00e5 minnes Bakken.<\/p>\n<p>\u2013 De kommer til \u00e5 sitte sammen og tr\u00f8ste hverandre, tenne lys og h\u00f8re litt p\u00e5 musikk, for \u00e5 kjenne p\u00e5 samholdet i sorgen, forteller hun.<\/p>\n<p>        <img class=\"image__img lazyload\" itemprop=\"image\" title=\"Foto: Geir Olsen \/ NTB\" alt=\"MINNES: Kj\u00e6re og kjente tok turen til Lillehammer kirke tirsdag for \u00e5 samles i sorgen etter Bakkens d\u00f8dsfall. Foto: Geir Olsen \/ NTB\" width=\"978\" height=\"551\" bad-src=\"https:\/\/www.europesays.com\/no\/wp-content\/uploads\/2025\/12\/18410900.webp\" fetchpriority=\"auto\" \/><\/p>\n<p>      MINNES: Kj\u00e6re og kjente tok turen til Lillehammer kirke tirsdag for \u00e5 samles i sorgen etter Bakkens d\u00f8dsfall.<br \/>\n         Foto: Geir Olsen \/ NTB<\/p>\n<p>Fungerende generalsekret\u00e6r i Norges Skiskytterforbund, Emilie<br \/>\nNordskar, er blant dem som har samlet seg i Lillehammer kirke.<\/p>\n<p>\u2013 Det er godt at vi samles her i kveld og f\u00e5r gitt hverandre gode klemmer og f\u00e5 pr\u00f8vd \u00e5 st\u00f8tte hverandre i denne tunge tiden her. Vi pr\u00f8ver \u00e5 st\u00f8tte opp familien men ogs\u00e5 lagkamerater, gode venner og familie i den n\u00e6rmeste tiden som kommer, forteller hun tydelig beveget til TV 2.<\/p>\n<p>        <img class=\"image__img lazyload\" itemprop=\"image\" title=\"Foto: Geir Olsen \/ NTB\" alt=\"PREGET: Konstituert generalsekret\u00e6r i Norges Skiskytterforbund, Emilie Nordskar, m\u00f8tte opp i Lillehammer kirke. Foto: Geir Olsen \/ NTB\" width=\"675\" height=\"399\" bad-src=\"https:\/\/www.europesays.com\/no\/wp-content\/uploads\/2025\/12\/18410896.webp\" fetchpriority=\"auto\" \/><\/p>\n<p>      PREGET: Konstituert generalsekret\u00e6r i Norges Skiskytterforbund, Emilie Nordskar, m\u00f8tte opp i Lillehammer kirke.<br \/>\n         Foto: Geir Olsen \/ NTB<\/p>\n","protected":false},"excerpt":{"rendered":"\u2013 Norges Skiskytterforbund har i dag f\u00e5tt bekreftet fra italienske myndigheter at Vingrom-skiskytteren Sivert Guttorm Bakken (27) fra&hellip;\n","protected":false},"author":2,"featured_media":120660,"comment_status":"","ping_status":"","sticky":false,"template":"","format":"standard","meta":{"footnotes":""},"categories":[5],"tags":[20,21,24,25,15,19,22,23,17,18,13,30,28,29,14,16,26,27],"class_list":{"0":"post-120659","1":"post","2":"type-post","3":"status-publish","4":"format-standard","5":"has-post-thumbnail","7":"category-overskrifter","8":"tag-breaking-news","9":"tag-breakingnews","10":"tag-featured-news","11":"tag-featurednews","12":"tag-headlines","13":"tag-hovedoppslag","14":"tag-latest-news","15":"tag-latestnews","16":"tag-main-news","17":"tag-mainnews","18":"tag-news","19":"tag-no","20":"tag-norge","21":"tag-norway","22":"tag-nyheter","23":"tag-overskrifter","24":"tag-top-stories","25":"tag-topstories"},"share_on_mastodon":{"url":"https:\/\/pubeurope.com\/@no\/115770753196452659","error":""},"_links":{"self":[{"href":"https:\/\/www.europesays.com\/no\/wp-json\/wp\/v2\/posts\/120659","targetHints":{"allow":["GET"]}}],"collection":[{"href":"https:\/\/www.europesays.com\/no\/wp-json\/wp\/v2\/posts"}],"about":[{"href":"https:\/\/www.europesays.com\/no\/wp-json\/wp\/v2\/types\/post"}],"author":[{"embeddable":true,"href":"https:\/\/www.europesays.com\/no\/wp-json\/wp\/v2\/users\/2"}],"replies":[{"embeddable":true,"href":"https:\/\/www.europesays.com\/no\/wp-json\/wp\/v2\/comments?post=120659"}],"version-history":[{"count":0,"href":"https:\/\/www.europesays.com\/no\/wp-json\/wp\/v2\/posts\/120659\/revisions"}],"wp:featuredmedia":[{"embeddable":true,"href":"https:\/\/www.europesays.com\/no\/wp-json\/wp\/v2\/media\/120660"}],"wp:attachment":[{"href":"https:\/\/www.europesays.com\/no\/wp-json\/wp\/v2\/media?parent=120659"}],"wp:term":[{"taxonomy":"category","embeddable":true,"href":"https:\/\/www.europesays.com\/no\/wp-json\/wp\/v2\/categories?post=120659"},{"taxonomy":"post_tag","embeddable":true,"href":"https:\/\/www.europesays.com\/no\/wp-json\/wp\/v2\/tags?post=120659"}],"curies":[{"name":"wp","href":"https:\/\/api.w.org\/{rel}","templated":true}]}}