{"id":120661,"date":"2025-12-23T20:27:25","date_gmt":"2025-12-23T20:27:25","guid":{"rendered":"https:\/\/www.europesays.com\/no\/120661\/"},"modified":"2025-12-23T20:27:25","modified_gmt":"2025-12-23T20:27:25","slug":"sikret-seg-jobb-med-a-bygge-datasenteranlegg","status":"publish","type":"post","link":"https:\/\/www.europesays.com\/no\/120661\/","title":{"rendered":"Sikret seg jobb med \u00e5 bygge datasenteranlegg"},"content":{"rendered":"<p>\n        \u2013 Datasentre er en voksende og strategisk viktig n\u00e6ring, og vi er stolte over \u00e5 bli valgt til \u00e5 realisere et av de mest spennende industriprosjektene i Nord-Norge, sier Jan Jahren ,CEO i Sentia. Foto: Sentia<\/p>\n<p>    HENT skal bygge et nytt datasenteranlegg i Narvik-regionen.<\/p>\n<p>             Mange bedrifter har tegnet bedriftsavtale hos oss.<br \/>\n<br \/>\nDen l\u00f8sningen gir alle med e-post inneholdende bedriftens maildomene tilgang.<br \/>\n<br \/>\nLurer du p\u00e5 om din bedrift har en bedriftsl\u00f8sning?<br \/>\n<br \/>\nSend oss en mail, s\u00e5 sjekker vi det ut for deg.<\/p>\n<p>Andre sp\u00f8rsm\u00e5l? <a href=\"https:\/\/www.bygg.no\/hent-kontrakter\/sikret-seg-jobb-med-a-bygge-datasenteranlegg\/mailto:digital@bygg.no\" rel=\"nofollow noopener\" target=\"_blank\">Kontakt oss<\/a><\/p>\n","protected":false},"excerpt":{"rendered":"\u2013 Datasentre er en voksende og strategisk viktig n\u00e6ring, og vi er stolte over \u00e5 bli valgt til&hellip;\n","protected":false},"author":2,"featured_media":120662,"comment_status":"","ping_status":"","sticky":false,"template":"","format":"standard","meta":{"footnotes":""},"categories":[56],"tags":[60,61,62,30,28,29],"class_list":{"0":"post-120661","1":"post","2":"type-post","3":"status-publish","4":"format-standard","5":"has-post-thumbnail","7":"category-naeringsliv","8":"tag-business","9":"tag-economy","10":"tag-naeringsliv","11":"tag-no","12":"tag-norge","13":"tag-norway"},"share_on_mastodon":{"url":"https:\/\/pubeurope.com\/@no\/115770769118184085","error":""},"_links":{"self":[{"href":"https:\/\/www.europesays.com\/no\/wp-json\/wp\/v2\/posts\/120661","targetHints":{"allow":["GET"]}}],"collection":[{"href":"https:\/\/www.europesays.com\/no\/wp-json\/wp\/v2\/posts"}],"about":[{"href":"https:\/\/www.europesays.com\/no\/wp-json\/wp\/v2\/types\/post"}],"author":[{"embeddable":true,"href":"https:\/\/www.europesays.com\/no\/wp-json\/wp\/v2\/users\/2"}],"replies":[{"embeddable":true,"href":"https:\/\/www.europesays.com\/no\/wp-json\/wp\/v2\/comments?post=120661"}],"version-history":[{"count":0,"href":"https:\/\/www.europesays.com\/no\/wp-json\/wp\/v2\/posts\/120661\/revisions"}],"wp:featuredmedia":[{"embeddable":true,"href":"https:\/\/www.europesays.com\/no\/wp-json\/wp\/v2\/media\/120662"}],"wp:attachment":[{"href":"https:\/\/www.europesays.com\/no\/wp-json\/wp\/v2\/media?parent=120661"}],"wp:term":[{"taxonomy":"category","embeddable":true,"href":"https:\/\/www.europesays.com\/no\/wp-json\/wp\/v2\/categories?post=120661"},{"taxonomy":"post_tag","embeddable":true,"href":"https:\/\/www.europesays.com\/no\/wp-json\/wp\/v2\/tags?post=120661"}],"curies":[{"name":"wp","href":"https:\/\/api.w.org\/{rel}","templated":true}]}}