{"id":120663,"date":"2025-12-23T20:28:13","date_gmt":"2025-12-23T20:28:13","guid":{"rendered":"https:\/\/www.europesays.com\/no\/120663\/"},"modified":"2025-12-23T20:28:13","modified_gmt":"2025-12-23T20:28:13","slug":"har-fatt-kreft-skal-do","status":"publish","type":"post","link":"https:\/\/www.europesays.com\/no\/120663\/","title":{"rendered":"Har f\u00e5tt kreft: &#8211; Skal d\u00f8"},"content":{"rendered":"<p class=\"kicker \" style=\"\">Mistet kontakten med fly:<\/p>\n<p>  Tyrkias flygeledere mistet kontakten med et privatfly som fraktet Libyas milit\u00e6rsjef. Tirsdag kveld skal flyetvraket v\u00e6re funnet.<\/p>\n<p>\n    MISTET KONTAKT: Tirsdag mistet tyrkias flygeledere kontakt med flyet som hadde Libyas milit\u00e6rsjef Muhammad Ali Ahmad al-Haddad ombord. Foto: Tyrkias forsvarsdepartement \/ Reuters \/ NTB\n  <\/p>\n<p>Tyrkias flygeledere mistet tirsdag kontakten med et privatfly som fraktet Libyas milit\u00e6rsjef hjem etter et bes\u00f8k i Tyrkia, if\u00f8lge den tyrkiske innenriksministeren Ali Yerlikaya.<\/p>\n<p>Fire andre personer var ogs\u00e5 om bord i flyet.<\/p>\n<p>Tirsdag kveld bekrefter Libyas statsminister Dbeibah at milit\u00e6rsjefen\u00a0Muhammad Ali Ahmad al-Haddad hadde omkommet.\u00a0<\/p>\n<p class=\"font-weight-bold m-font-weight-bold\" data-lab-font_weight=\"font-weight-bold\">&#8211;\u00a0Libyas statsminister Dbeibah s\u00f8rger over d\u00f8dsfallet til Libyas forsvarssjef etter at flyets signal forsvant over Ankara i Tyrkia, heter det i en uttalelse, gjengitt av Reuters.\u00a0<\/p>\n<p class=\"font-weight-normal m-font-weight-normal\" data-lab-font_weight=\"font-weight-normal\">Flightradar, som viser flyreiser i sanntid med ytterligere informasjon om flyreiser, har lagt ut et X-innlegg om det som angivelig skal v\u00e6re flyet som forlot Tyrkia i retning Libya tirsdag kveld.\u00a0<\/p>\n<blockquote class=\"twitter-tweet\">\n<p lang=\"en\" dir=\"ltr\">We are following reports of an accident involving a Dassault Falcon 50 in T\u00fcrkiye. The aircraft took off from Ankara at 17:17 UTC and we lost the transponder signal at 17:41 UTC, approximately 50 km southwest of Ankara.<\/p>\n<p>The aircraft involved was a 37-year-old Dassault Falcon 50\u2026 <a href=\"https:\/\/t.co\/vJAaaizR70\" rel=\"nofollow\">pic.twitter.com\/vJAaaizR70<\/a><\/p>\n<p>\u2014 Flightradar24 (@flightradar24) <a href=\"https:\/\/twitter.com\/flightradar24\/status\/2003552906520182798?ref_src=twsrc%5Etfw\" rel=\"nofollow noopener\" target=\"_blank\">December 23, 2025<\/a><\/p><\/blockquote>\n<p>Flyoverv\u00e5kningstjenesten har lagt ut detaljerte punkter om reisen:<\/p>\n<ul>\n<li>\n<p>18.17: Avgang<\/p>\n<\/li>\n<li>\n<p>18.32: Sluttet \u00e5 stige p\u00e5 32.475 fot (dr\u00f8yt 9,9 kilometer over bakken)<\/p>\n<\/li>\n<li>\n<p>18.33: Transpondersignalet endret seg til 7700 (n\u00f8dsituasjon-signal)<\/p>\n<\/li>\n<li>\n<p>18.36: Transponderen rapporterte 32.400 fot (dr\u00f8yt 9,88 kilometer over bakken)<\/p>\n<\/li>\n<li>\n<p>18.41: Signalet gikk tapt n\u00e6r landsbyen Babayakup, i n\u00e6rheten av Tyrkias hovedstad Ankara.\u00a0<\/p>\n<\/li>\n<\/ul>\n<p>Tyrkias innenriksminister bekreftet meldinger fra flere medier om at all kommunikasjon med privatflyet av typen Falcon 50 ble brutt etter at flyet tok av fra Ankaras Esenboga-flyplass.<\/p>\n<p>Flyet er if\u00f8lge Yerlikaya funnet tirsdag kveld.\u00a0<\/p>\n<p>&#8211; Vraket av flyet som tok av fra Ankara Esenbo\u011fa lufthavn med kurs for Tripoli, er funnet av v\u00e5re gendarmeristyrker to kilometer s\u00f8r for landsbyen Kesikkavak i Haymana-distriktet. Offentligheten vil bli informert om videre utvikling, skriver han p\u00e5\u00a0<a href=\"https:\/\/chatgpt.com\/?utm_source=google&amp;utm_medium=paid_search&amp;utm_campaign=GOOG_C_SEM_GBR_Core_CHT_BAU_ACQ_PER_MIX_ALL_EMEA_NO_NO_050925&amp;c_id=22538360330&amp;c_agid=181703184398&amp;c_crid=757583367077&amp;c_kwid={keywordid}&amp;c_ims=&amp;c_pms=9198600&amp;c_nw=g&amp;c_dvc=c&amp;gad_source=1&amp;gad_campaignid=22538360330&amp;gbraid=0AAAAA-I0E5csdjLfZOqP6dXwJmKt0gMXY&amp;gclid=CjwKCAiAmKnKBhBrEiwAaqAnZ0066x3pxMm7k_c1DBRLPFPirfMyLjA3K8yi1IRyh_E7qMRE7NoaJxoClDAQAvD_BwE\" target=\"_blank\" rel=\"nofollow noopener\">X<\/a>.<\/p>\n<p>        <img loading=\"lazy\" decoding=\"async\" src=\"https:\/\/www.europesays.com\/no\/wp-content\/uploads\/2025\/12\/84024660.webp\" width=\"980\" height=\"559\" title=\"P\u00c5 BES\u00d8K: Tyrkias forsvarsminister Yasar Guler (I midten) m\u00f8ter Libyas forsvarssjef Mohammed Ali Ahmed Al-Haddad (nummer to fra venstre) i Ankara. Foto: Tyrkias forsvarsdepartement \/ Reuters \/ NTB\" alt=\"\" class=\"\" style=\"--aspect-ratio-image: 1.75; \"\/><\/p>\n<p>\n        P\u00c5 BES\u00d8K: Tyrkias forsvarsminister Yasar Guler (I midten) m\u00f8ter Libyas forsvarssjef Mohammed Ali Ahmed Al-Haddad (nummer to fra venstre) i Ankara. Foto: Tyrkias forsvarsdepartement \/ Reuters \/ NTB\n    <\/p>\n<p>Libyas milit\u00e6rsjef Muhammad Ali Ahmad al-Haddad var i Tyrkias hovedstad Ankara for m\u00f8ter med tyrkiske tjenestemenn.<\/p>\n<p>Flyplassen har blitt stengt for flytrafikk, rapporterte NTV.<\/p>\n<p><script async src=\"https:\/\/platform.twitter.com\/widgets.js\" charset=\"utf-8\"><\/script><\/p>\n","protected":false},"excerpt":{"rendered":"Mistet kontakten med fly: Tyrkias flygeledere mistet kontakten med et privatfly som fraktet Libyas milit\u00e6rsjef. Tirsdag kveld skal&hellip;\n","protected":false},"author":2,"featured_media":120664,"comment_status":"","ping_status":"","sticky":false,"template":"","format":"standard","meta":{"footnotes":""},"categories":[12],"tags":[20,21,24,25,15,22,23,13,30,28,29,14,16,26,27,412,42,43,44,45],"class_list":{"0":"post-120663","1":"post","2":"type-post","3":"status-publish","4":"format-standard","5":"has-post-thumbnail","7":"category-verden","8":"tag-breaking-news","9":"tag-breakingnews","10":"tag-featured-news","11":"tag-featurednews","12":"tag-headlines","13":"tag-latest-news","14":"tag-latestnews","15":"tag-news","16":"tag-no","17":"tag-norge","18":"tag-norway","19":"tag-nyheter","20":"tag-overskrifter","21":"tag-top-stories","22":"tag-topstories","23":"tag-utenriks","24":"tag-verden","25":"tag-world","26":"tag-world-news","27":"tag-worldnews"},"share_on_mastodon":{"url":"https:\/\/pubeurope.com\/@no\/115770773110980167","error":""},"_links":{"self":[{"href":"https:\/\/www.europesays.com\/no\/wp-json\/wp\/v2\/posts\/120663","targetHints":{"allow":["GET"]}}],"collection":[{"href":"https:\/\/www.europesays.com\/no\/wp-json\/wp\/v2\/posts"}],"about":[{"href":"https:\/\/www.europesays.com\/no\/wp-json\/wp\/v2\/types\/post"}],"author":[{"embeddable":true,"href":"https:\/\/www.europesays.com\/no\/wp-json\/wp\/v2\/users\/2"}],"replies":[{"embeddable":true,"href":"https:\/\/www.europesays.com\/no\/wp-json\/wp\/v2\/comments?post=120663"}],"version-history":[{"count":0,"href":"https:\/\/www.europesays.com\/no\/wp-json\/wp\/v2\/posts\/120663\/revisions"}],"wp:featuredmedia":[{"embeddable":true,"href":"https:\/\/www.europesays.com\/no\/wp-json\/wp\/v2\/media\/120664"}],"wp:attachment":[{"href":"https:\/\/www.europesays.com\/no\/wp-json\/wp\/v2\/media?parent=120663"}],"wp:term":[{"taxonomy":"category","embeddable":true,"href":"https:\/\/www.europesays.com\/no\/wp-json\/wp\/v2\/categories?post=120663"},{"taxonomy":"post_tag","embeddable":true,"href":"https:\/\/www.europesays.com\/no\/wp-json\/wp\/v2\/tags?post=120663"}],"curies":[{"name":"wp","href":"https:\/\/api.w.org\/{rel}","templated":true}]}}