{"id":120667,"date":"2025-12-23T20:37:09","date_gmt":"2025-12-23T20:37:09","guid":{"rendered":"https:\/\/www.europesays.com\/no\/120667\/"},"modified":"2025-12-23T20:37:09","modified_gmt":"2025-12-23T20:37:09","slug":"alexander-isak-takker-fansen-etter-skaden","status":"publish","type":"post","link":"https:\/\/www.europesays.com\/no\/120667\/","title":{"rendered":"Alexander Isak takker fansen etter skaden"},"content":{"rendered":"\n<p class=\"_lead_o9xde_2 _lead_xtcu6_50 layout-component text-serif-m layout-normal text-serif-l layout-component layout-wide layout-padded _wide_17hqh_1 layout-padded\">Alexander Isak takker fansen for st\u00f8tten p\u00e5 Instagram.<\/p>\n<p><img alt=\" Foto: Dylan Martinez \/ Reuters \/ NTB\" class=\"_image_qp4xg_65 layout-component layout-wide\" data-fullscreen- data-track-element-type=\"Article image fullscreen\" data-track-name=\"ImageFullscreen\" fetchpriority=\"high\" decoding=\"sync\" loading=\"eager\" height=\"2433\" itemprop=\"image\"  src=\"https:\/\/www.europesays.com\/no\/wp-content\/uploads\/2025\/12\/6f2b0bcf-48e6-4f03-8ffa-ea6dbf33c248\"  style=\"object-position:0% 0%\" width=\"3503\"\/> Foto: Dylan Martinez \/ Reuters \/ NTB<\/p>\n<ul aria-hidden=\"true\" class=\"_images_ntbth_112\">\n<li><a class=\"_link_ntbth_117\" href=\"https:\/\/www.vg.no\/forfatter\/andreas-almli\" style=\"z-index:1\" title=\"Andreas Almli\" rel=\"nofollow noopener\" target=\"_blank\"><img alt=\"Bilde av Andreas Almli\" class=\"_image_ntbth_93\" fetchpriority=\"low\" loading=\"lazy\" decoding=\"async\" itemprop=\"image\"  src=\"https:\/\/www.europesays.com\/no\/wp-content\/uploads\/2025\/12\/1766522229_833_375927d7-c3ac-45fd-a424-5db85cd85b8f\"  width=\"480\"\/><\/a><\/li>\n<\/ul>\n<p> Oppdatert tirsdag 23. desember kl. 21:05    <\/p>\n<ul class=\"_list_o9xde_3 _list_64s2r_85 _unordered_o9xde_106 text-sans-m\">\n<li class=\"_item_o9xde_30\">Alexander Isak takker fansen p\u00e5 Instagram etter \u00e5 ha blitt skadet mot Tottenham.<\/li>\n<li class=\"_item_o9xde_30\">Manager Arne Slot bekrefter at skaden vil holde svensken ute i flere m\u00e5neder.<\/li>\n<li class=\"_item_o9xde_30\">Isak lover \u00e5 jobbe hardt for \u00e5 komme tilbake s\u00e5 fort som mulig.<\/li>\n<\/ul>\n<p>Vis mer <\/p>\n<p class=\"_paragraph_o9xde_4 _paragraph_xtcu6_10 layout-component text-serif-m layout-normal text-serif-m layout-padded\">Svensken ble skadet da han satte inn 1\u20130 for Liverpool mot Tottenham l\u00f8rdag.<\/p>\n<p class=\"_paragraph_o9xde_4 _paragraph_xtcu6_10 layout-component text-serif-m layout-normal text-serif-m layout-padded\">Tirsdag opplyste manager Arne Slot at skaden vil holde Isak ute en god stund.<\/p>\n<p class=\"_paragraph_o9xde_4 _paragraph_xtcu6_10 layout-component text-serif-m layout-normal text-serif-m layout-padded\">\u2013 Det blir en lang skadeperiode, et par m\u00e5neder. Det er en enorm skuffelse for ham, og selvf\u00f8lgelig for oss ogs\u00e5, sier Slot under en pressekonferanse.<\/p>\n<p class=\"_paragraph_o9xde_4 _paragraph_xtcu6_10 layout-component text-serif-m layout-normal text-serif-m layout-padded\">N\u00e5 uttaler Isak seg for f\u00f8rste gang skaden.<\/p>\n<p class=\"_paragraph_o9xde_4 _paragraph_xtcu6_10 layout-component text-serif-m layout-normal text-serif-m layout-padded\"><strong class=\"_strong_o9xde_25\">\u2013 Veldig lei meg for \u00e5 v\u00e6re ute en periode. N\u00e5 er det tid for \u00e5 komme seg til hektene og st\u00f8tte laget fra sidelinjen. Jeg skal jobbe hardt for \u00e5 v\u00e6re tilbake s\u00e5 fort som mulig. Takk til alle \u00abReds\u00bb og alle andre for de fine meldingene \u2013 det blir virkelig satt pris p\u00e5, skriver han p\u00e5 <a href=\"https:\/\/www.instagram.com\/alex_isak\/?hl=en\" class=\"_link_o9xde_39\" rel=\"nofollow noopener\" target=\"_blank\">Instagram<\/a>.<\/strong><\/p>\n<p class=\"_paragraph_o9xde_4 _paragraph_xtcu6_10 layout-component text-serif-m layout-normal text-serif-m layout-padded\">Det var i en duell mot Tottenhams Micky van de Ven at Isak endte opp med et brudd i leggen.<\/p>\n<p><img alt=\"Foto: JUSTIN TALLIS \/ AFP \/ NTB\" class=\"_image_qp4xg_65 layout-component layout-normal\" data-fullscreen- data-track-element-type=\"Article image fullscreen\" data-track-name=\"ImageFullscreen\" decoding=\"async\" loading=\"lazy\" height=\"4128\" itemprop=\"image\"  src=\"https:\/\/www.europesays.com\/no\/wp-content\/uploads\/2025\/12\/a2939a55-8225-4094-b94f-98e1d3acb033\"  style=\"object-position:0% 0%\" width=\"6192\"\/>Foto: JUSTIN TALLIS \/ AFP \/ NTB<\/p>\n<p class=\"_paragraph_o9xde_4 _paragraph_xtcu6_10 layout-component text-serif-m layout-normal text-serif-m layout-padded\">I et intervju med <a href=\"https:\/\/www.skysports.com\/football\/video\/12606\/13487106\/alexander-isak-spur-defender-micky-van-de-ven-reveals-he-text-liverpool-striker-after-tackle-that-resulted-in-injury\" class=\"_link_o9xde_39\" rel=\"nofollow noopener\" target=\"_blank\">Sky Sports<\/a> avsl\u00f8rter midtstopperen at han har v\u00e6rt i kontakt med Isak.<\/p>\n<p class=\"_paragraph_o9xde_4 _paragraph_xtcu6_10 layout-component text-serif-m layout-normal text-serif-m layout-padded\">\u2013 Jeg sendte ham en tekstmelding fordi jeg ville ikke skade han, eller gj\u00f8re noe for \u00e5 skade han. Jeg ville blokkere skuddet, og det var litt uheldig hvordan foten hans landet mellom beina mine, sier han.<\/p>\n<p class=\"_paragraph_o9xde_4 _paragraph_xtcu6_10 layout-component text-serif-m layout-normal text-serif-m layout-padded\">van de Ven forteller videre at Isak svarte p\u00e5 meldingen, uten \u00e5 g\u00e5 i detalj p\u00e5 hva han svarte.<\/p>\n<p class=\"_paragraph_o9xde_4 _paragraph_xtcu6_10 layout-component text-serif-m layout-normal text-serif-m layout-padded\">\u2013 Han satte pris p\u00e5 meldingen, sier midtstopperen. <\/p>\n<p>       <script async src=\"\/\/www.instagram.com\/embed.js\"><\/script><\/p>\n","protected":false},"excerpt":{"rendered":"Alexander Isak takker fansen for st\u00f8tten p\u00e5 Instagram. Foto: Dylan Martinez \/ Reuters \/ NTB Oppdatert tirsdag 23.&hellip;\n","protected":false},"author":2,"featured_media":120668,"comment_status":"","ping_status":"","sticky":false,"template":"","format":"standard","meta":{"footnotes":""},"categories":[5],"tags":[278,20,21,24,25,15,19,22,23,1848,17,18,13,30,28,29,14,16,26,27],"class_list":{"0":"post-120667","1":"post","2":"type-post","3":"status-publish","4":"format-standard","5":"has-post-thumbnail","7":"category-overskrifter","8":"tag-alexander-isak","9":"tag-breaking-news","10":"tag-breakingnews","11":"tag-featured-news","12":"tag-featurednews","13":"tag-headlines","14":"tag-hovedoppslag","15":"tag-latest-news","16":"tag-latestnews","17":"tag-liverpool","18":"tag-main-news","19":"tag-mainnews","20":"tag-news","21":"tag-no","22":"tag-norge","23":"tag-norway","24":"tag-nyheter","25":"tag-overskrifter","26":"tag-top-stories","27":"tag-topstories"},"share_on_mastodon":{"url":"https:\/\/pubeurope.com\/@no\/115770808610528176","error":""},"_links":{"self":[{"href":"https:\/\/www.europesays.com\/no\/wp-json\/wp\/v2\/posts\/120667","targetHints":{"allow":["GET"]}}],"collection":[{"href":"https:\/\/www.europesays.com\/no\/wp-json\/wp\/v2\/posts"}],"about":[{"href":"https:\/\/www.europesays.com\/no\/wp-json\/wp\/v2\/types\/post"}],"author":[{"embeddable":true,"href":"https:\/\/www.europesays.com\/no\/wp-json\/wp\/v2\/users\/2"}],"replies":[{"embeddable":true,"href":"https:\/\/www.europesays.com\/no\/wp-json\/wp\/v2\/comments?post=120667"}],"version-history":[{"count":0,"href":"https:\/\/www.europesays.com\/no\/wp-json\/wp\/v2\/posts\/120667\/revisions"}],"wp:featuredmedia":[{"embeddable":true,"href":"https:\/\/www.europesays.com\/no\/wp-json\/wp\/v2\/media\/120668"}],"wp:attachment":[{"href":"https:\/\/www.europesays.com\/no\/wp-json\/wp\/v2\/media?parent=120667"}],"wp:term":[{"taxonomy":"category","embeddable":true,"href":"https:\/\/www.europesays.com\/no\/wp-json\/wp\/v2\/categories?post=120667"},{"taxonomy":"post_tag","embeddable":true,"href":"https:\/\/www.europesays.com\/no\/wp-json\/wp\/v2\/tags?post=120667"}],"curies":[{"name":"wp","href":"https:\/\/api.w.org\/{rel}","templated":true}]}}