{"id":120669,"date":"2025-12-23T20:38:57","date_gmt":"2025-12-23T20:38:57","guid":{"rendered":"https:\/\/www.europesays.com\/no\/120669\/"},"modified":"2025-12-23T20:38:57","modified_gmt":"2025-12-23T20:38:57","slug":"manchester-united-bruno-fernandes-bekmork-manchester-united-beskjed-det-gar-ikke","status":"publish","type":"post","link":"https:\/\/www.europesays.com\/no\/120669\/","title":{"rendered":"Manchester United, Bruno Fernandes | Bekm\u00f8rk Manchester United-beskjed: \u2013 Det g\u00e5r ikke"},"content":{"rendered":"\n<p>Manchester United gikk av banen med tap for Aston Villa s\u00f8ndag. I tillegg dro stjernen Bruno Fernandes p\u00e5 seg en skade.<\/p>\n<p>ESPN-reporter Rob Dawson, som har fulgt United tett i en \u00e5rrekke, frykter det kan f\u00e5 store konsekvenser for klubben om det n\u00e5 viser seg at portugiseren blir borte i flere kamper.<\/p>\n<p>\u2013 Det g\u00e5r ikke uten ham. Du kan selvsagt diskutere kvalitetene hans, det har v\u00e6rt en debatt blant United-fansen om hva han faktisk bidrar med i laget, og argumenterer for at han ikke er en midtbanespiller i verdensklasse, sier Dawson.<\/p>\n<p>\u2013 Det du ikke kan sette sp\u00f8rsm\u00e5lstegn er den forpliktelsen han viser og det han gj\u00f8r for \u00e5 hjelpe de ti andre spillerne p\u00e5 laget. Han er en type som nesten aldri er ute med skade, mener ESPN-journalisten.<\/p>\n<p><b>Les ogs\u00e5: <a href=\"https:\/\/www.nettavisen.no\/sport\/keane-ber-spillerne-ta-oppgjor-med-united-stjerne\/s\/5-95-2792716\" rel=\"Follow nofollow noopener\" target=\"_blank\">Roy Keane peker ut United-stjerne: \u2013 Han gj\u00f8r ikke nok<\/a><\/b><\/p>\n<p>Mener Amorim mangler hele h\u00f8yresiden<\/p>\n<p>Han peker p\u00e5 at Fernandes stort sett alltid har v\u00e6rt frisk og tilgjengelig under tiden i Old Trafford-klubben.<\/p>\n<p>I tillegg til Fernandes, er ogs\u00e5 folk som Bryan Mbeumo, Amad Diallo og Noussair Mazraoui tvilsomme for spilletid i tiden som kommer p\u00e5 grunn av det kommende afrikamesterskapet.<\/p>\n<p>\u2013 United kan rett og slett ikke h\u00e5ndtere \u00e5 ha slike spillere ute, mener Dawson.<\/p>\n<p>\u2013 Det er omtrent hele h\u00f8yresiden i det som er Ruben Amorims beste oppstilling. Tar du Bruno Fernandes ut av den ligningen, ogs\u00e5, s\u00e5 har United seri\u00f8se problemer, mener reporteren.<\/p>\n<p><b>Les ogs\u00e5: <a href=\"https:\/\/www.nettavisen.no\/sport\/frykter-alvorlig-isak-skade\/s\/5-95-2792570\" rel=\"Follow nofollow noopener\" target=\"_blank\">Frykter beinbrudd for Alexander Isak<\/a><\/b><\/p>\n<p>Tror United-situasjon kan eskalere<\/p>\n<p>United har kamper mot Newcastle, Wolverhampton og Leeds i tiden som kommer.<\/p>\n<p>Ogs\u00e5 i de bakre rekker sliter United med skader. B\u00e5de Harry Maguire og Matthijs de Ligt er usikre.<\/p>\n<p>\u2013 Amorim har store problemer med troppen akkurat n\u00e5, n\u00e5r disse spillerne er ute.<\/p>\n<p>\u2013 De har v\u00e6rt litt p\u00e5 kanten den siste tiden, og faren er at det eskalerer og blir litt slik vi s\u00e5 mot slutten av forrige sesong. Det er absolutt ikke hva Amorim trenger n\u00e5 for til syvende og sist er han under et enormt press, mener Dawson.<\/p>\n","protected":false},"excerpt":{"rendered":"Manchester United gikk av banen med tap for Aston Villa s\u00f8ndag. I tillegg dro stjernen Bruno Fernandes p\u00e5&hellip;\n","protected":false},"author":2,"featured_media":114979,"comment_status":"","ping_status":"","sticky":false,"template":"","format":"standard","meta":{"footnotes":""},"categories":[59],"tags":[30,28,29,83,82],"class_list":{"0":"post-120669","1":"post","2":"type-post","3":"status-publish","4":"format-standard","5":"has-post-thumbnail","7":"category-sport","8":"tag-no","9":"tag-norge","10":"tag-norway","11":"tag-sport","12":"tag-sports"},"share_on_mastodon":{"url":"https:\/\/pubeurope.com\/@no\/115770816109399325","error":""},"_links":{"self":[{"href":"https:\/\/www.europesays.com\/no\/wp-json\/wp\/v2\/posts\/120669","targetHints":{"allow":["GET"]}}],"collection":[{"href":"https:\/\/www.europesays.com\/no\/wp-json\/wp\/v2\/posts"}],"about":[{"href":"https:\/\/www.europesays.com\/no\/wp-json\/wp\/v2\/types\/post"}],"author":[{"embeddable":true,"href":"https:\/\/www.europesays.com\/no\/wp-json\/wp\/v2\/users\/2"}],"replies":[{"embeddable":true,"href":"https:\/\/www.europesays.com\/no\/wp-json\/wp\/v2\/comments?post=120669"}],"version-history":[{"count":0,"href":"https:\/\/www.europesays.com\/no\/wp-json\/wp\/v2\/posts\/120669\/revisions"}],"wp:featuredmedia":[{"embeddable":true,"href":"https:\/\/www.europesays.com\/no\/wp-json\/wp\/v2\/media\/114979"}],"wp:attachment":[{"href":"https:\/\/www.europesays.com\/no\/wp-json\/wp\/v2\/media?parent=120669"}],"wp:term":[{"taxonomy":"category","embeddable":true,"href":"https:\/\/www.europesays.com\/no\/wp-json\/wp\/v2\/categories?post=120669"},{"taxonomy":"post_tag","embeddable":true,"href":"https:\/\/www.europesays.com\/no\/wp-json\/wp\/v2\/tags?post=120669"}],"curies":[{"name":"wp","href":"https:\/\/api.w.org\/{rel}","templated":true}]}}