{"id":120673,"date":"2025-12-23T20:51:10","date_gmt":"2025-12-23T20:51:10","guid":{"rendered":"https:\/\/www.europesays.com\/no\/120673\/"},"modified":"2025-12-23T20:51:10","modified_gmt":"2025-12-23T20:51:10","slug":"kommentar-revolusjonen-fra-hoyre","status":"publish","type":"post","link":"https:\/\/www.europesays.com\/no\/120673\/","title":{"rendered":"Kommentar: Revolusjonen fra h\u00f8yre"},"content":{"rendered":"\n<p class=\"_paragraph_o9xde_4 _paragraph_xtcu6_10 layout-component text-serif-m layout-normal text-serif-m layout-padded\">Vi er nok mange som ikke helt klarer \u00e5 fremmane den store optimismen for tiden.<\/p>\n<p class=\"_paragraph_o9xde_4 _paragraph_xtcu6_10 layout-component text-serif-m layout-normal text-serif-m layout-padded\">Det er ikke bare de storpolitiske hendelsene som gj\u00f8r en stakkar blek om nebbet.<\/p>\n<p class=\"_paragraph_o9xde_4 _paragraph_xtcu6_10 layout-component text-serif-m layout-normal text-serif-m layout-padded\">Utfordringene med kunstig intelligens, <a href=\"https:\/\/www.vg.no\/nyheter\/i\/wrExVn\/innroemmer-at-aarets-ord-tekoligark-ikke-er-saa-mye-brukt\" data-track-element-type=\"Link\" data-track-id=\"link:wrExVn\" class=\"_link_o9xde_39\" rel=\"nofollow noopener\" target=\"_blank\">tekoligarkenes<\/a> stadig sterkere innflytelse, politisk polarisering og mediale ekkokamre: <\/p>\n<p class=\"_paragraph_o9xde_4 _paragraph_xtcu6_10 layout-component text-serif-m layout-normal text-serif-m layout-padded\"><strong class=\"_strong_o9xde_25\">Det ligger et m\u00f8rke over kulturen n\u00e5 som det er vanskelig \u00e5 se en farbar vei ut, iallfall p\u00e5 kort sikt. <\/strong><\/p>\n<p class=\"_paragraph_o9xde_4 _paragraph_xtcu6_10 layout-component text-serif-m layout-normal text-serif-m layout-padded\">En melankolsk og tidvis dramatisk anlagt venn satte alt p\u00e5 spissen under et fuktig julebord, der diskusjonen gikk over v\u00e5r tids fataliteter: <\/p>\n<p class=\"_paragraph_o9xde_4 _paragraph_xtcu6_10 layout-component text-serif-m layout-normal text-serif-m layout-padded\">\u00abVi er nok her alle sammen om fem \u00e5r, men vi vil nok se tilbake p\u00e5 disse \u00e5rene som blytunge.\u00bb <\/p>\n<p class=\"_paragraph_o9xde_4 _paragraph_xtcu6_10 layout-component text-serif-m layout-normal text-serif-m layout-padded\">Vi andre lo av den dypdystre analysen hans, men latteren satte seg litt fast i halsen, og den videre samtalen avtok i munterhet.<\/p>\n<p class=\"_paragraph_o9xde_4 _paragraph_xtcu6_10 layout-component text-serif-m layout-normal text-serif-m layout-padded\">Blant de mest fremtredende fenomenene i v\u00e5r tid er den dramatiske radikaliseringen p\u00e5 h\u00f8yrefl\u00f8yen i politikken. <\/p>\n<p class=\"_paragraph_o9xde_4 _paragraph_xtcu6_10 layout-component text-serif-m layout-normal text-serif-m layout-padded\">Det er rart med det: I mine formative \u00e5r \u2013 og lenge f\u00f8r det \u2013 var det venstresiden som fl\u00f8rtet med revolusjonsfantasier og et uttalt \u00f8nske om \u00e5 knuse det best\u00e5ende. <\/p>\n<p class=\"_paragraph_o9xde_4 _paragraph_xtcu6_10 layout-component text-serif-m layout-normal text-serif-m layout-padded\">I dag er det omvendt. <\/p>\n<p class=\"_paragraph_o9xde_4 _paragraph_xtcu6_10 layout-component text-serif-m layout-normal text-serif-m layout-padded\">Truslene mot den liberale verdens institusjoner, verdier og regelsett kommer fra h\u00f8yre. Nato, EU og internasjonale konvensjoner er under et stadig mer aggressivt press. <\/p>\n<p class=\"_paragraph_o9xde_4 _paragraph_xtcu6_10 layout-component text-serif-m layout-normal text-serif-m layout-padded\">Fra det h\u00f8yrerevolusjon\u00e6re hovedkvarteret i Washington DC lyder den dramatiske marsjordren om \u00e5 bekjempe den liberale verdensordenen. I deres \u00f8yne er nemlig Vesten ikke som f\u00f8r. <\/p>\n<p class=\"_paragraph_o9xde_4 _paragraph_xtcu6_10 layout-component text-serif-m layout-normal text-serif-m layout-padded\">Tvert imot: <a href=\"https:\/\/www.vg.no\/nyheter\/i\/25wqkG\/j-d-vance-talte-i-munchen-kan-ikke-lenger-stole-paa-usa\" data-track-element-type=\"Link\" data-track-id=\"link:25wqkG\" class=\"_link_o9xde_39\" rel=\"nofollow noopener\" target=\"_blank\">Vesten er selve problemet<\/a>, if\u00f8lge de h\u00f8yrerevolusjon\u00e6re. Mens de klassiske fiendene Russland og Kina \u2013 og andre autorit\u00e6re stater \u2013 n\u00e6rmest ses p\u00e5 som strategiske partnere. <\/p>\n<p class=\"_paragraph_o9xde_4 _paragraph_xtcu6_10 layout-component text-serif-m layout-normal text-serif-m layout-padded\">Noe is\u00e6r det krigerske Putin-regimet ser p\u00e5 med et <a href=\"https:\/\/www.aftenposten.no\/verden\/i\/3pjBBd\/russland-om-usas-nye-sikkerhetsstrategi-passer-med-vaart-syn\" class=\"_link_o9xde_39\" rel=\"nofollow noopener\" target=\"_blank\">stadig blidere blikk<\/a>.<\/p>\n<p class=\"_paragraph_o9xde_4 _paragraph_xtcu6_10 layout-component text-serif-m layout-normal text-serif-m layout-padded\">Dette er forel\u00f8pig ikke noe vi ser s\u00e6rlig av i Norge. <\/p>\n<p class=\"_paragraph_o9xde_4 _paragraph_xtcu6_10 layout-component text-serif-m layout-normal text-serif-m layout-padded\"><strong class=\"_strong_o9xde_25\">Den etablerte h\u00f8yresiden her hjemme har snarere v\u00e6rt forbilledlige i m\u00f8te med trumpismens stadig mer eksplisitt autorit\u00e6re ansikt. <\/strong><\/p>\n<p class=\"_paragraph_o9xde_4 _paragraph_xtcu6_10 layout-component text-serif-m layout-normal text-serif-m layout-padded\">Selv de mest populistisk anlagte i Frp har v\u00e6rt tydelige p\u00e5 at dette er en blindgate for v\u00e5r tids konservatisme. <\/p>\n<p class=\"_paragraph_o9xde_4 _paragraph_xtcu6_10 layout-component text-serif-m layout-normal text-serif-m layout-padded\">Men nede i kommentarfeltene og blant tastaturaktivistene i sosiale medier er tonen en annen. Der er det liten tvil om hva som m\u00e5 til for \u00e5 f\u00e5 orden p\u00e5 elendigheten. Det best\u00e5ende m\u00e5 bort. <\/p>\n<p><img alt=\"INNBLANDING: Elon Musk st\u00f8tter Europas ytre h\u00f8yre-partier.   Foto: Thomas Nilsson \/ VG\" class=\"_image_qp4xg_65 layout-component layout-normal\" data-fullscreen- data-track-element-type=\"Article image fullscreen\" data-track-name=\"ImageFullscreen\" decoding=\"async\" loading=\"lazy\" height=\"1984\" itemprop=\"image\"  src=\"https:\/\/www.europesays.com\/no\/wp-content\/uploads\/2025\/12\/48b9f0c4-81e6-479b-8ee3-fde96ffa17fc\"  style=\"object-position:0% 0%\" width=\"2976\"\/>INNBLANDING: Elon Musk st\u00f8tter Europas ytre h\u00f8yre-partier.   Foto: Thomas Nilsson \/ VG<\/p>\n<p class=\"_paragraph_o9xde_4 _paragraph_xtcu6_10 layout-component text-serif-m layout-normal text-serif-m layout-padded\">For meg som har studert <a href=\"https:\/\/www.nb.no\/items\/URN:NBN:no-nb_digibok_2011071306004\" class=\"_link_o9xde_39\" rel=\"nofollow noopener\" target=\"_blank\">den norske AKP (m-l)-r\u00f8rsla<\/a> og andre merkverdigheter p\u00e5 ytre venstre fl\u00f8y, er det som ytres i disse foraene som et speilbilde av bannbullene mot alt \u00abborgerlig\u00bb blant 70- og 80-tallets mest aggressive kommunister. <\/p>\n<p class=\"_paragraph_o9xde_4 _paragraph_xtcu6_10 layout-component text-serif-m layout-normal text-serif-m layout-padded\">EU, ikke minst, er blitt en skyteskive blant s\u00e5 vel ledestjernene som dem som utgj\u00f8r klagekoret p\u00e5 internett. <\/p>\n<p class=\"_paragraph_o9xde_4 _paragraph_xtcu6_10 layout-component text-serif-m layout-normal text-serif-m layout-padded\"><a href=\"https:\/\/www.youtube.com\/watch?v=ePjZQQmrnq0\" class=\"_link_o9xde_39\" rel=\"nofollow noopener\" target=\"_blank\">\u00abAvskaff EU\u00bb<\/a> tordner den nyrevolusjon\u00e6re trilliard\u00e6ren Elon Musk, som aktivt st\u00f8tter europeiske partier som \u00f8nsker \u00e5 svekke de felleseuropeiske institusjonene. <\/p>\n<p class=\"_paragraph_o9xde_4 _paragraph_xtcu6_10 layout-component text-serif-m layout-normal text-serif-m layout-padded\">Musks energi og tilsynelatende bunnl\u00f8se pengekrukke er n\u00e5 \u00e9n ting. Den politiske viljen til \u00e5 bryte med den regelstyrte verdensordenen \u2013 som ikke minst Norge som et lite land har v\u00e6rt s\u00e5 avhengig av \u2013 er mer urovekkende. <\/p>\n<p class=\"_paragraph_o9xde_4 _paragraph_xtcu6_10 layout-component text-serif-m layout-normal text-serif-m layout-padded\">Trumps stadig heftigere feberfantasier om \u00e5 erobre Gr\u00f8nland er ett av mange eksempler. <\/p>\n<p class=\"_paragraph_o9xde_4 _paragraph_xtcu6_10 layout-component text-serif-m layout-normal text-serif-m layout-padded\"><strong class=\"_strong_o9xde_25\">Er det mannens m\u00e5l \u00e5 omd\u00f8pe det gedigne \u00f8ymassivet til \u00abTrumpland\u00bb? Vi kan dessverre ikke lenger utelukke noe som helst.<\/strong><\/p>\n<p class=\"_paragraph_o9xde_4 _paragraph_xtcu6_10 layout-component text-serif-m layout-normal text-serif-m layout-padded\">Hva sier s\u00e5 europeiske h\u00f8yrenasjonalister til denne sterke innblandingen fra det trumpifiserte USA? For nei, \u00abAmerica First\u00bb handler s\u00e5 visst ikke om \u00e5 rette alt fokus p\u00e5 innenrikspolitikk.<\/p>\n<p class=\"_paragraph_o9xde_4 _paragraph_xtcu6_10 layout-component text-serif-m layout-normal text-serif-m layout-padded\">De venstrerevolusjon\u00e6re tok i sin tid parti med sine fyrt\u00e5rn i Moskva og Beijing. Hva med v\u00e5re dagers h\u00f8yrerevolusjon\u00e6re, som finner inspirasjon hos Trump, J.D. Vance og Stephen Miller? <\/p>\n<p class=\"_paragraph_o9xde_4 _paragraph_xtcu6_10 layout-component text-serif-m layout-normal text-serif-m layout-padded\">Allierer de seg med sin lederulv i Washington\/Mar-a-Lago, eller samles de til kamp mot utenlandsk innblanding i deres respektive hjemland? <\/p>\n<p class=\"_paragraph_o9xde_4 _paragraph_xtcu6_10 layout-component text-serif-m layout-normal text-serif-m layout-padded\">Kanskje ligger h\u00e5pet i dette: At revolusjon\u00e6re bevegelser har det med \u00e5 implodere. Som den franske observat\u00f8ren Jacques Mallet du Pan ber\u00f8mt formulerte det i 1793: \u00abRevolusjonen spiser sine egne barn.\u00bb<\/p>\n<p><img alt=\"MER RADIKALISERT? Tidligere Fox News-profil Tucker Carlson.   Foto: Cheney Orr \/ Reuters \/ NTB\" class=\"_image_qp4xg_65 layout-component layout-normal\" data-fullscreen- data-track-element-type=\"Article image fullscreen\" data-track-name=\"ImageFullscreen\" decoding=\"async\" loading=\"lazy\" height=\"3000\" itemprop=\"image\"  src=\"https:\/\/www.europesays.com\/no\/wp-content\/uploads\/2025\/12\/e73e94a2-7fef-4d5a-8162-71c6e6b2db35\"  style=\"object-position:0% 0%\" width=\"4500\"\/>MER RADIKALISERT? Tidligere Fox News-profil Tucker Carlson.   Foto: Cheney Orr \/ Reuters \/ NTB<\/p>\n<p class=\"_paragraph_o9xde_4 _paragraph_xtcu6_10 layout-component text-serif-m layout-normal text-serif-m layout-padded\">Vi ser tydelige sprekktendenser i MAGA n\u00e5. Epstein-saken er som en klissen klut som presidenten ikke klarer \u00e5 kvitte seg med, og i den konservative podkast-sf\u00e6ren er krangelen i ferd med \u00e5 minne om en borgerkrig. <\/p>\n<p class=\"_paragraph_o9xde_4 _paragraph_xtcu6_10 layout-component text-serif-m layout-normal text-serif-m layout-padded\">MAGA-influencerne <a href=\"https:\/\/www.youtube.com\/watch?v=r4Cig58bsr8\" class=\"_link_o9xde_39\" rel=\"nofollow noopener\" target=\"_blank\">Ben Shapiro<\/a> og Tucker Carlson st\u00e5r for tiden hardt mot hverandre. <\/p>\n<p class=\"_paragraph_o9xde_4 _paragraph_xtcu6_10 layout-component text-serif-m layout-normal text-serif-m layout-padded\">F\u00f8rstnevnte kritiserer i harde ordelag Carlsons utilsl\u00f8rte fl\u00f8rt med enda mer ytterligg\u00e5ende elementer i MAGA-omlandet, deriblant den uttalt antisemittiske <a href=\"https:\/\/en.wikipedia.org\/wiki\/Groypers\" class=\"_link_o9xde_39\" rel=\"nofollow noopener\" target=\"_blank\">\u00abgroyperen\u00bb<\/a> Nick Fuentes, som er blitt en popul\u00e6r figur s\u00e6rlig blant yngre menn.<\/p>\n<p class=\"_paragraph_o9xde_4 _paragraph_xtcu6_10 layout-component text-serif-m layout-normal text-serif-m layout-padded\">Og hva skjer n\u00e5r Trump en dag er borte? <\/p>\n<p class=\"_paragraph_o9xde_4 _paragraph_xtcu6_10 layout-component text-serif-m layout-normal text-serif-m layout-padded\"><strong class=\"_strong_o9xde_25\">Har bevegelsen kandidater som kan favne like bredt som det Trump tross alt har klart, ikke bare \u00e9n, men to ganger? <\/strong><\/p>\n<p class=\"_paragraph_o9xde_4 _paragraph_xtcu6_10 layout-component text-serif-m layout-normal text-serif-m layout-padded\">Noen av dem har allerede <a href=\"https:\/\/www.bbc.com\/news\/articles\/cp84p722m3do\" class=\"_link_o9xde_39\" rel=\"nofollow noopener\" target=\"_blank\">varslet st\u00f8tte til<\/a> visepresident J.D. Vance. Om ham er det mye \u00e5 si, men man skal v\u00e6re rimelig inne i MAGA-boblen for \u00e5 kunne hevde at han kan matche den gamles eiendommelige karisma. <\/p>\n<p class=\"_paragraph_o9xde_4 _paragraph_xtcu6_10 layout-component text-serif-m layout-normal text-serif-m layout-padded\">Historien best\u00e5r av \u00abbrudd og kontinuitet\u00bb, som historikerne sier. <\/p>\n<p class=\"_paragraph_o9xde_4 _paragraph_xtcu6_10 layout-component text-serif-m layout-normal text-serif-m layout-padded\">St\u00e5r vi foran det definitive bruddet med det liberale demokratiets seier og mer eller mindre kontinuerlige fremganger siden sivilisasjonssammenbruddet p\u00e5 1940-tallet? <\/p>\n<p class=\"_paragraph_o9xde_4 _paragraph_xtcu6_10 layout-component text-serif-m layout-normal text-serif-m layout-padded\">Eller vil vi om fem \u00e5r se tilbake p\u00e5 det som skjedde i mellomtiden med en relativt positiv mine \u2013 i forvissning om at det ikke ble noe av verstefallsscenarioet denne gangen heller?<\/p>\n<p class=\"_paragraph_o9xde_4 _paragraph_xtcu6_10 layout-component text-serif-m layout-normal text-serif-m layout-padded\">N\u00e5 for tiden er det sannelig lettere \u00e5 formulere sp\u00f8rsm\u00e5l enn svar.    <\/p>\n<p>   Dette er en kommentar. Kommentaren gir uttrykk for skribentens holdning. <\/p>\n","protected":false},"excerpt":{"rendered":"Vi er nok mange som ikke helt klarer \u00e5 fremmane den store optimismen for tiden. Det er ikke&hellip;\n","protected":false},"author":2,"featured_media":120674,"comment_status":"","ping_status":"","sticky":false,"template":"","format":"standard","meta":{"footnotes":""},"categories":[10],"tags":[20,21,55,24,25,2112,15,22,23,13,30,28,29,14,16,2877,26,27,14366],"class_list":{"0":"post-120673","1":"post","2":"type-post","3":"status-publish","4":"format-standard","5":"has-post-thumbnail","7":"category-norge","8":"tag-breaking-news","9":"tag-breakingnews","10":"tag-donald-trump","11":"tag-featured-news","12":"tag-featurednews","13":"tag-gronland","14":"tag-headlines","15":"tag-latest-news","16":"tag-latestnews","17":"tag-news","18":"tag-no","19":"tag-norge","20":"tag-norway","21":"tag-nyheter","22":"tag-overskrifter","23":"tag-radikalisering","24":"tag-top-stories","25":"tag-topstories","26":"tag-tucker-carlson"},"share_on_mastodon":{"url":"https:\/\/pubeurope.com\/@no\/115770863595686137","error":""},"_links":{"self":[{"href":"https:\/\/www.europesays.com\/no\/wp-json\/wp\/v2\/posts\/120673","targetHints":{"allow":["GET"]}}],"collection":[{"href":"https:\/\/www.europesays.com\/no\/wp-json\/wp\/v2\/posts"}],"about":[{"href":"https:\/\/www.europesays.com\/no\/wp-json\/wp\/v2\/types\/post"}],"author":[{"embeddable":true,"href":"https:\/\/www.europesays.com\/no\/wp-json\/wp\/v2\/users\/2"}],"replies":[{"embeddable":true,"href":"https:\/\/www.europesays.com\/no\/wp-json\/wp\/v2\/comments?post=120673"}],"version-history":[{"count":0,"href":"https:\/\/www.europesays.com\/no\/wp-json\/wp\/v2\/posts\/120673\/revisions"}],"wp:featuredmedia":[{"embeddable":true,"href":"https:\/\/www.europesays.com\/no\/wp-json\/wp\/v2\/media\/120674"}],"wp:attachment":[{"href":"https:\/\/www.europesays.com\/no\/wp-json\/wp\/v2\/media?parent=120673"}],"wp:term":[{"taxonomy":"category","embeddable":true,"href":"https:\/\/www.europesays.com\/no\/wp-json\/wp\/v2\/categories?post=120673"},{"taxonomy":"post_tag","embeddable":true,"href":"https:\/\/www.europesays.com\/no\/wp-json\/wp\/v2\/tags?post=120673"}],"curies":[{"name":"wp","href":"https:\/\/api.w.org\/{rel}","templated":true}]}}