{"id":120677,"date":"2025-12-23T20:53:15","date_gmt":"2025-12-23T20:53:15","guid":{"rendered":"https:\/\/www.europesays.com\/no\/120677\/"},"modified":"2025-12-23T20:53:15","modified_gmt":"2025-12-23T20:53:15","slug":"sjakk-magnus-carlsen-reagerer-pa-magnus-carlsen-bildene-for-vm","status":"publish","type":"post","link":"https:\/\/www.europesays.com\/no\/120677\/","title":{"rendered":"Sjakk, Magnus Carlsen | Reagerer p\u00e5 Magnus Carlsen-bildene f\u00f8r VM"},"content":{"rendered":"\n<p>Om f\u00e5 dager starter lyn- og hurtigsjakk-VM i Qatar, med Magnus Carlsen som den store forh\u00e5ndsfavoritten.<\/p>\n<p>Men allerede tirsdag fikk man en indikator p\u00e5 hvordan formen til superstjernen er.<\/p>\n<p>Det ble nemlig ingen seier i Chess.com-turneringen Titled Tuesday, etter at nordmannen spilte remi og tapte i sine to siste partier.<\/p>\n<p><b>Les ogs\u00e5: <\/b><a href=\"https:\/\/www.nettavisen.no\/sport\/fide-bekrefter-magnus-carlsen-skal-spille-vm\/s\/5-95-2738738\" rel=\"Follow nofollow noopener\" target=\"_blank\">Magnus Carlsen skal spille VM<\/a><\/p>\n<p>Carlsen-bilder: \u2013 Merkelig<\/p>\n<p>Han startet ballet mot den russiske 13-\u00e5ringen Nikolay Kleimenov, og l\u00e5 godt an p\u00e5 prognosene gjennom store deler av kampen.<\/p>\n<p>Men s\u00e5 begynte Carlsen \u00e5 bevege seg rundt i rommet han satt i, og gikk senere p\u00e5 en feil som fikk VG-ekspert Jon Ludvig Hammer til \u00e5 reagere.<\/p>\n<p>\u2013 Han kunne bare sl\u00e5tt ut den svarte hesten. Veldig merkelig av Magnus at overs\u00e5 en veldig enkel m\u00e5te \u00e5 vinne dette partiet p\u00e5. Er det et tegn p\u00e5 at Magnus ikke er helt tilstede her n\u00e5?<\/p>\n<p><b>Les ogs\u00e5: <\/b><a href=\"https:\/\/www.nettavisen.no\/sport\/i-strupen-pa-alexander-isak-utspillet-motes-med-forakt\/s\/5-95-2794521\" rel=\"Follow nofollow noopener\" target=\"_blank\">Langer ut mot Alexander Isak: Utspillet m\u00f8tes med forakt<\/a><\/p>\n<p>Veteranen klarte derimot \u00e5 redde seg inn, og vant til slutt partiet mot unggutten.<\/p>\n<p>   <img decoding=\"async\" width=\"8256\" height=\"5504\" fetchpriority=\"low\"  loading=\"lazy\"  src=\"https:\/\/www.europesays.com\/no\/wp-content\/uploads\/2025\/12\/NTB_jU3f-F2EAL0_1.jpg\" alt=\"Pixsell 20250701. The PM of Croatia Andrej Plenkovic played chess against chess player Magnus Carlsen at the opening ceremony of SuperUnited and Blitz Croatia chess tournament on July 01, 2025 in Zagreb, Croatia. Photo: Josip Mikacic\/PIXSELL URN:80867243\" class=\"brick-c-cFOWSL\" style=\"--brick-image-ratio: 8256 \/ 5504;\"\/><\/p>\n<p>      SNART I ACTION: Magnus Carlsen skal snart spille VM i Qatar.<br \/>\n      Foto: Josip Mikacic (Pixsell)\n    <\/p>\n<p>  Br\u00e5stopp mot slutten<\/p>\n<p>Videre i turneringen, som kun ble spilt tirsdag kveld, gjorde han n\u00e6rmest rent bord. Men hadde enkelte valg som vitnet om en nye slurvete Carlsen f\u00f8r julens VM.<\/p>\n<p>For i det nest siste partiet ble det remi mot amerikaneren Hikaru Nakamura, f\u00f8r han tapte sitt siste parti mot polske Jan-Krzysztof Duda.<\/p>\n<p>\u2013 Magnus gj\u00f8r en kjempetabbe. Var det en muse-glipp eller hva var det der? Han reiser seg og gir opp partiet, kom det fra Hammer etter tapet.<\/p>\n<p><b>Les ogs\u00e5: <\/b><a href=\"https:\/\/www.nettavisen.no\/sport\/ryktene-herjer-velger-liverpool\/s\/5-95-2795276\" rel=\"Follow nofollow noopener\" target=\"_blank\">Hevdet Liverpool var favoritt \u2013 s\u00e5 kom kontrabeskjeden<\/a><\/p>\n<p>Carlsen var lite imponert over seg selv i etterkant.<\/p>\n<p>\u2013 Umiddelbar karma for \u00e5 spille som en kylling mot Nakamura, kunne man h\u00f8re nordmannen melde.<\/p>\n<p>Dette var ogs\u00e5 noe Heidi R\u00f8neid og Jon Ludvig Hammer p\u00e5pekte f\u00f8r partiet mot Duda.<\/p>\n<p>\u2013 Vi likte ikke mangelen p\u00e5 ambisjonen han viste i den kampen mot Nakamura.<\/p>\n<p>Det ble dermed ingen seier i den siste testen f\u00f8r VM i Qatar, som starter i 26. desember og sendes hos NRK. <\/p>\n","protected":false},"excerpt":{"rendered":"Om f\u00e5 dager starter lyn- og hurtigsjakk-VM i Qatar, med Magnus Carlsen som den store forh\u00e5ndsfavoritten. Men allerede&hellip;\n","protected":false},"author":2,"featured_media":120678,"comment_status":"","ping_status":"","sticky":false,"template":"","format":"standard","meta":{"footnotes":""},"categories":[59],"tags":[30,28,29,83,82],"class_list":{"0":"post-120677","1":"post","2":"type-post","3":"status-publish","4":"format-standard","5":"has-post-thumbnail","7":"category-sport","8":"tag-no","9":"tag-norge","10":"tag-norway","11":"tag-sport","12":"tag-sports"},"share_on_mastodon":{"url":"https:\/\/pubeurope.com\/@no\/115770871438942308","error":""},"_links":{"self":[{"href":"https:\/\/www.europesays.com\/no\/wp-json\/wp\/v2\/posts\/120677","targetHints":{"allow":["GET"]}}],"collection":[{"href":"https:\/\/www.europesays.com\/no\/wp-json\/wp\/v2\/posts"}],"about":[{"href":"https:\/\/www.europesays.com\/no\/wp-json\/wp\/v2\/types\/post"}],"author":[{"embeddable":true,"href":"https:\/\/www.europesays.com\/no\/wp-json\/wp\/v2\/users\/2"}],"replies":[{"embeddable":true,"href":"https:\/\/www.europesays.com\/no\/wp-json\/wp\/v2\/comments?post=120677"}],"version-history":[{"count":0,"href":"https:\/\/www.europesays.com\/no\/wp-json\/wp\/v2\/posts\/120677\/revisions"}],"wp:featuredmedia":[{"embeddable":true,"href":"https:\/\/www.europesays.com\/no\/wp-json\/wp\/v2\/media\/120678"}],"wp:attachment":[{"href":"https:\/\/www.europesays.com\/no\/wp-json\/wp\/v2\/media?parent=120677"}],"wp:term":[{"taxonomy":"category","embeddable":true,"href":"https:\/\/www.europesays.com\/no\/wp-json\/wp\/v2\/categories?post=120677"},{"taxonomy":"post_tag","embeddable":true,"href":"https:\/\/www.europesays.com\/no\/wp-json\/wp\/v2\/tags?post=120677"}],"curies":[{"name":"wp","href":"https:\/\/api.w.org\/{rel}","templated":true}]}}