{"id":120683,"date":"2025-12-23T21:05:18","date_gmt":"2025-12-23T21:05:18","guid":{"rendered":"https:\/\/www.europesays.com\/no\/120683\/"},"modified":"2025-12-23T21:05:18","modified_gmt":"2025-12-23T21:05:18","slug":"sivert-guttorm-bakken-er-dod","status":"publish","type":"post","link":"https:\/\/www.europesays.com\/no\/120683\/","title":{"rendered":"Sivert Guttorm Bakken er d\u00f8d"},"content":{"rendered":"<p>Tirsdag kveld kom sjokkbeskjeden som ryster hele skiskytterverden: Sivert Guttorm Bakken er d\u00f8d, bare 27 \u00e5r gammel.<\/p>\n<p>Da TV 2 tok kontakt, hadde Tiril Eckhoff nettopp f\u00e5tt d\u00f8dsbudskapet. Den tidligere skiskytterstjernen var tydelig preget.<\/p>\n<p class=\"bold m-bold\" data-lab-font_weight=\"bold\">\u2013 Det er helt j\u00e6vlig. Jeg har vanskeligheter med \u00e5 forst\u00e5 det. Det er tragisk, trist og alt p\u00e5 en gang, innleder hun mens t\u00e5rene presser p\u00e5.<\/p>\n<p>    <a class=\"article__link\" data-ga-active-label=\"\" data-ga-active-label-animation=\"\" href=\"https:\/\/www.tv2.no\/sport\/skiskytter-sivert-guttorm-bakken-27-er-dod\/18410517\/\" rel=\"nofollow noopener\" target=\"_blank\"><\/p>\n<p>    <img class=\"image__img lazyload\" itemprop=\"image\" title=\"\" alt=\"\" width=\"978\" height=\"411\" bad-src=\"https:\/\/www.europesays.com\/no\/wp-content\/uploads\/2025\/12\/18410546.webp\" fetchpriority=\"auto\" \/><\/p>\n<p>\n            Skiskytter Sivert Guttorm Bakken (27) er d\u00f8d\n        <\/p>\n<p>    <\/a><\/p>\n<p>Eckhoff har i flere \u00e5r v\u00e6rt tett p\u00e5 Bakken gjennom trening og konkurranser. Hun beskriver ham som en helt spesiell person.<\/p>\n<p class=\"bold m-bold\" data-lab-font_weight=\"bold\">\u2013 Sivert var en fantastisk mann. Han var alltid s\u00e5 positiv. Han har hatt slitt ekstremt mye med covid og betennelse p\u00e5 hjertet, hyller hun og fortsetter:<\/p>\n<p class=\"bold m-bold\" data-lab-font_weight=\"bold\">\u2013 Han har hatt s\u00e5 god t\u00e5lmodighet og n\u00e5 endelig etter tre-fire \u00e5r klart \u00e5 komme tilbake. Han vant World Cup i 2022, fikk tr\u00f8bbel og har bare st\u00e5tt i det. Han har hatt troen og kom endelig tilbake, ogs\u00e5 er han borte n\u00e5 &#8230; Det er s\u00e5 vondt, forteller hun.<\/p>\n<p data-lab-font_weight=\"\">Ogs\u00e5 skiskytingslegende Ole Einar Bj\u00f8rndalen reagerer sterkt p\u00e5 nyheten.<\/p>\n<p>\u2013 Jeg er rett og slett helt i sjokk. Jeg kan virkelig ikke tro det. Ubeskrivelig at noe s\u00e5nt kan skje, sier han.<\/p>\n<p>Bj\u00f8rndalen kjente ikke Bakken sv\u00e6rt godt personlig, men beskriver likevel et sterkt inntrykk.<\/p>\n<p>\u2013 Det lille jeg pratet med han, s\u00e5 virker han som verdens snilleste gutt. Utrolig ryddig. Det vil si alts\u00e5 en type hel-ved-type. Og de er ikke s\u00e5 mange igjen. Han er en typisk hel-ved som du kan stole p\u00e5 av det lille jeg har f\u00e5tt innblikk av han. Utrolig offensiv, l\u00e6rerik, sier han, f\u00f8r han fortsetter:<\/p>\n<p>\u2013 Alltid godt hum\u00f8r n\u00e5r jeg m\u00f8tte ham. Alltid sp\u00f8rrende interessert i \u00e5 l\u00e6re. Flott, vanvittig flott person, og ekstrem person med t\u00e5lmodighet etter det han har v\u00e6rt igjennom. Han har hatt t\u00e5lmodighet, han har hvilt i to \u00e5r, og s\u00e5 steg for steg, s\u00e5 har han liksom kommet seg tilbake igjen. Det er bare \u2026 Alts\u00e5, den jobben han har lagt ned, det er helt sykt, forteller han.<\/p>\n<p>Bj\u00f8rndalen sender samtidig sine tanker til de etterlatte.<\/p>\n<p>\u2013 Jeg h\u00e5per hans aller n\u00e6rmeste har et st\u00f8tteapparat rundt seg som kan h\u00e5ndtere det.<\/p>\n<p>\u2013 T\u00e5rene begynte \u00e5 trille<\/p>\n<p>TV 2s skiskytingskommentator Ole Kristian Stoltenberg forteller at sjokknyheten slo han hardt.<\/p>\n<p>\u2013 For det f\u00f8rste s\u00e5 kjente jeg at t\u00e5rene begynte \u00e5 trille, det er vondt, sier han og fortsetter:<\/p>\n<p>\u2013 Bakken var en ut\u00f8ver som var s\u00e5 god, som ble rammet av sykdom, og som gikk en nesten umulig vei og kommet tilbake.<\/p>\n<p>        <img class=\"image__img lazyload\" itemprop=\"image\" title=\"Foto: Jan-Petter Dahl \/ TV 2\" alt=\"SJOKKERT: Ole Kristian Stoltenberg. Foto: Jan-Petter Dahl \/ TV 2\" width=\"675\" height=\"379\" bad-src=\"https:\/\/www.europesays.com\/no\/wp-content\/uploads\/2025\/12\/18410714.webp\" fetchpriority=\"auto\" \/><\/p>\n<p>      SJOKKERT: Ole Kristian Stoltenberg.<br \/>\n         Foto: Jan-Petter Dahl \/ TV 2<\/p>\n<p>Kommentatoren har mye p\u00e5 hjertet om skiskytteren.<\/p>\n<p>\u2013 Det jeg har sett, n\u00e5r han n\u00e5 kom tilbake, det er en gutt hvor alle konkurrenter er veldig glade for ha ham tilbake. En veldig blid gutt med s\u00e5 mye varme.<\/p>\n<p>\u2013 Det har v\u00e6rt en enorm tung vei han har m\u00e5tte g\u00e5 for \u00e5 komme tilbake, som vi alle har latt oss imponere av. Dette bare fullstendig tragisk. Det er en sjokkerende nyhet, sier han og avslutter:<\/p>\n<p>\u2013 Jeg sender de varmeste tanker og kondolanser til hans n\u00e6re. <\/p>\n<p>Skiskytterforbundene i sorg<\/p>\n<p>Konstituert generalsekret\u00e6r i Norges Skiskytterforbund Emilie Nordskar, er ogs\u00e5 i sorg da TV 2 tar kontakt.<\/p>\n<p>\u2013 Det er forferdelig tragisk, sier hun.<\/p>\n<p>Hun forteller om prosessen videre i Italia etter sjokkbeskjeden slo.<\/p>\n<p>\u2013\u00a0Akkurat n\u00e5 vet vi ikke \u00e5rsaken. S\u00e5 det kan vi ikke si s\u00e5 mye mer om.<\/p>\n<p>\u2013 Vi samarbeider tett med politiet i Italia. De gj\u00f8r en grundig jobb, og bruker god tid for \u00e5 h\u00e5ndtere saken, forteller hun til TV 2.<\/p>\n<p>Nordskar forteller at forbundets viktigste fokus n\u00e5 er \u00e5 ivareta Siverts familie, ut\u00f8vere og trenere.\u00a0<\/p>\n<p>Det er tydelig at d\u00f8dsfallet har satt en st\u00f8kk i den fungerende generalsekret\u00e6ren.<\/p>\n<p class=\"bold m-bold\" data-lab-font_weight=\"bold\">\u2013 Det er en fryktelig tung dag. Forferdelig tragisk. Han har kjempet seg tilbake og lagt ned en ufattelig stor innsats for \u00e5 komme tilbake. Og har klart det. Det er ekstra tragisk at det skjer s\u00e5 kjapt etter han kjempet seg tilbake.<\/p>\n<p>Ogs\u00e5 det internasjonale skiskytterforbundet har uttalt seg om d\u00f8dsfallet:<\/p>\n<p>\u2013 Vi er tom for ord etter nyheten om Siverts d\u00f8d \u2013 v\u00e5re tanker g\u00e5r til familien, venner, lagkamerater og alle p\u00e5r\u00f8rende i denne vanskelige tiden, skriver de og sender en norsk beskjed:<\/p>\n<p>\u2013 Hvil i fred, Sivert. Vit at du er dypt savnet.<\/p>\n<p>        <img class=\"image__img lazyload\" itemprop=\"image\" title=\"Foto: Skjermdump Instagram \/ @biathlonworld\" alt=\"VARME TANKER: IBU i sorg. Foto: Skjermdump Instagram \/ @biathlonworld\" width=\"978\" height=\"551\" bad-src=\"https:\/\/www.europesays.com\/no\/wp-content\/uploads\/2025\/12\/18410681.webp\" fetchpriority=\"auto\" \/><\/p>\n<p>      VARME TANKER: IBU i sorg.<br \/>\n         Foto: Skjermdump Instagram \/ @biathlonworld<\/p>\n","protected":false},"excerpt":{"rendered":"Tirsdag kveld kom sjokkbeskjeden som ryster hele skiskytterverden: Sivert Guttorm Bakken er d\u00f8d, bare 27 \u00e5r gammel. Da&hellip;\n","protected":false},"author":2,"featured_media":120684,"comment_status":"","ping_status":"","sticky":false,"template":"","format":"standard","meta":{"footnotes":""},"categories":[10],"tags":[20,21,24,25,15,22,23,13,30,28,29,14,16,26,27],"class_list":{"0":"post-120683","1":"post","2":"type-post","3":"status-publish","4":"format-standard","5":"has-post-thumbnail","7":"category-norge","8":"tag-breaking-news","9":"tag-breakingnews","10":"tag-featured-news","11":"tag-featurednews","12":"tag-headlines","13":"tag-latest-news","14":"tag-latestnews","15":"tag-news","16":"tag-no","17":"tag-norge","18":"tag-norway","19":"tag-nyheter","20":"tag-overskrifter","21":"tag-top-stories","22":"tag-topstories"},"share_on_mastodon":{"url":"https:\/\/pubeurope.com\/@no\/115770918377387625","error":""},"_links":{"self":[{"href":"https:\/\/www.europesays.com\/no\/wp-json\/wp\/v2\/posts\/120683","targetHints":{"allow":["GET"]}}],"collection":[{"href":"https:\/\/www.europesays.com\/no\/wp-json\/wp\/v2\/posts"}],"about":[{"href":"https:\/\/www.europesays.com\/no\/wp-json\/wp\/v2\/types\/post"}],"author":[{"embeddable":true,"href":"https:\/\/www.europesays.com\/no\/wp-json\/wp\/v2\/users\/2"}],"replies":[{"embeddable":true,"href":"https:\/\/www.europesays.com\/no\/wp-json\/wp\/v2\/comments?post=120683"}],"version-history":[{"count":0,"href":"https:\/\/www.europesays.com\/no\/wp-json\/wp\/v2\/posts\/120683\/revisions"}],"wp:featuredmedia":[{"embeddable":true,"href":"https:\/\/www.europesays.com\/no\/wp-json\/wp\/v2\/media\/120684"}],"wp:attachment":[{"href":"https:\/\/www.europesays.com\/no\/wp-json\/wp\/v2\/media?parent=120683"}],"wp:term":[{"taxonomy":"category","embeddable":true,"href":"https:\/\/www.europesays.com\/no\/wp-json\/wp\/v2\/categories?post=120683"},{"taxonomy":"post_tag","embeddable":true,"href":"https:\/\/www.europesays.com\/no\/wp-json\/wp\/v2\/tags?post=120683"}],"curies":[{"name":"wp","href":"https:\/\/api.w.org\/{rel}","templated":true}]}}