{"id":120685,"date":"2025-12-23T21:14:22","date_gmt":"2025-12-23T21:14:22","guid":{"rendered":"https:\/\/www.europesays.com\/no\/120685\/"},"modified":"2025-12-23T21:14:22","modified_gmt":"2025-12-23T21:14:22","slug":"logner-forbannede-logner-og-rammen-rundt-all-politikk","status":"publish","type":"post","link":"https:\/\/www.europesays.com\/no\/120685\/","title":{"rendered":"L\u00f8gner, forbannede l\u00f8gner og rammen rundt all politikk"},"content":{"rendered":"<p>        Tegning: Siri Dokken\n    <\/p>\n<p class=\"kicker t30 tertiary color_mobile_tertiary\" style=\"\">Kommentar<\/p>\n<p>    Ikke piss meg i \u00f8ret og si at det regner.<\/p>\n<p> Dette er en kommentar. Holdninger og meninger i teksten st\u00e5r for skribentens regning.<\/p>\n<p>Det n\u00e6rmer seg et nytt \u00e5r, og da er det jo ofte fristende \u00e5<br \/>\nse litt i sp\u00e5kula. En av mine sp\u00e5dommer, selv om jeg ikke engang har rukket \u00e5<br \/>\nformulere den, har allerede vist seg \u00e5 v\u00e6re feil. Jeg trodde nemlig at \u00abeffektivisering\u00bb<br \/>\nskulle fortsette \u00e5 v\u00e6re det store buzz-ordet for det offentlige Norge, slik det<br \/>\nhar v\u00e6rt i 2025.\u00a0<\/p>\n<p>        <a itemprop=\"url\" class=\"\" href=\"https:\/\/www.dagsavisen.no\/nyheter\/jeg-pakket-aldri-kasser-med-tanke-pa-at-jeg-skulle-ut\/10115807\" data-k5a-url=\"https:\/\/www.dagsavisen.no\/a\/10115807\" rel=\"nofollow noopener\" target=\"_blank\"><\/p>\n<p>            \u2013 Jeg pakket aldri kasser med tanke p\u00e5 at jeg skulle ut<\/p>\n<p>        <\/a><\/p>\n<p>I 2026 skulle vi kanskje til og med f\u00e5 vite hva det betyr!<br \/>\nFor til tross for at alle er enige om at alt m\u00e5 effektiviseres til enhver tid,<br \/>\ns\u00e5 er det en p\u00e5fallende mangel av konkrete forslag til hvordan vi gj\u00f8r det,<br \/>\nutover \u00e5 kj\u00f8pe lisenser til up\u00e5litelige KI-verkt\u00f8y fra stadig mer<br \/>\nvirkelighetsfjerne tek-oligarker. (Tekoligark er for \u00f8vrig <a href=\"https:\/\/sprakradet.no\/aktuelt\/tekoligark-er-arets-ord\/\" rel=\"nofollow noopener\" target=\"_blank\">\u00e5rets nyord<\/a>,<br \/>\nselv om Spr\u00e5kr\u00e5det og jeg er uenige om hvorvidt det egentlig er leselig uten<br \/>\nbindestrek).<\/p>\n<p>            Det var nesten ikke m\u00e5te p\u00e5 hvor klimavennlig St\u00f8re skulle v\u00e6re for fire \u00e5r siden.<\/p>\n<p>Men det er greit, her i Landet Som Er For Mye P\u00e5 LinkedIn.<br \/>\nVi trenger absolutt ikke vite hvilke essensielle tjenester som skal \u00abeffektiviseres\u00bb<br \/>\nbort, det holder at de skal det! Og dette ble uansett en liten digresjon.<br \/>\nPoenget her er nemlig at et nytt innholdsl\u00f8st ord har kommet med p\u00e5<br \/>\noppl\u00f8pssiden, og ser ut til \u00e5 sl\u00e5 effektivisering p\u00e5 m\u00e5lstreken. Nemlig \u00abtrygghet\u00bb.<\/p>\n<p>2026 blir det store trygghets\u00e5ret. Det er ikke grenser for<br \/>\nhvor trygge vi kommer til \u00e5 v\u00e6re! I hvert fall hvis vi skal tro<br \/>\nArbeiderpartiregjeringas nye \u00abPlan for Norge\u00bb, som ble lagt fram en mandag i<br \/>\nf\u00f8rjulsstria.<\/p>\n<p>Planen, i den grad den kan kalles en plan, er i grunn<br \/>\nArbeiderpartiets partiprogram delt opp i fem hovedtemaer. Greit nok, det er<br \/>\nprivilegiet n\u00e5r man har ettpartiregjering. Men det som virkelig fikk det til \u00e5<br \/>\nkoke i knollen min var noe statsminister Jonas Gahr St\u00f8re sa da han presenterte<br \/>\nplanen. Etter \u00e5 ha listet opp de fire f\u00f8rste hovedomr\u00e5dene, sa han nemlig: \u00abRammen<br \/>\nfor alt vi gj\u00f8r ligger i omr\u00e5de fem: trygghet for landet.\u00bb<\/p>\n<p>        <a itemprop=\"url\" class=\"\" href=\"https:\/\/www.dagsavisen.no\/kommentar\/regjeringens-plan-for-2026\/10110748\" data-k5a-url=\"https:\/\/www.dagsavisen.no\/a\/10110748\" rel=\"nofollow noopener\" target=\"_blank\"><\/p>\n<p>            Regjeringens plan for 2026<\/p>\n<p>        <\/a><\/p>\n<p>Det burde man jo kunne like? Trygghet er fint! Jeg vil v\u00e6re<br \/>\ntrygg! Ha et trygt land. Trygghet for ungen min. Trygghet for framtida! Det er<br \/>\nbare ett problem.\u00a0<\/p>\n<p>Jeg har h\u00f8rt den formuleringa f\u00f8r. Jeg h\u00f8rt den fra Jonas<br \/>\nGahr St\u00f8re f\u00f8r. I 2021. Da en ung og lovende statsminister St\u00f8re stolt kunne<br \/>\nsl\u00e5 fast at <a href=\"https:\/\/www.dn.no\/med-egne-ord\/stortingsvalget-2021\/klima-og-miljo\/ekstremvar\/kronikk-klima-som-ramme-for-all-politikk\/2-1-1061752\" rel=\"nofollow noopener\" target=\"_blank\">klima<br \/>\nog natur skulle v\u00e6re rammen<\/a> for all annen politikk. Det var nesten ikke m\u00e5te p\u00e5 hvor klimavennlig St\u00f8re skulle v\u00e6re for fire \u00e5r<br \/>\nsiden. I denne avisa omtalte han det som <a href=\"https:\/\/www.dagsavisen.no\/nyheter\/dette-er-jonas-gahr-stores-klimalofte-til-barnebarna\/6222242\" rel=\"nofollow noopener\" target=\"_blank\">et<br \/>\nl\u00f8fte til barnebarna sine<\/a>. I en annen avis fastslo han at klimakrisa var <a href=\"https:\/\/www.vg.no\/nyheter\/i\/0Gv0XM\/ap-stoere-slik-blir-min-klimaregjering\" rel=\"nofollow noopener\" target=\"_blank\">\u00abv\u00e5r<br \/>\ntids st\u00f8rste utfordring\u00bb<\/a>.<\/p>\n<p>N\u00e5, fire \u00e5r etterp\u00e5, legger St\u00f8re alts\u00e5 fram en plan for<br \/>\nNorge som er helt blottet for klima- og milj\u00f8ambisjoner. Jeg tror ikke det<br \/>\nskyldes at problemet er l\u00f8st, heller. Mens jeg skriver dette har Oslo nettopp<br \/>\nsatt varmerekord to netter p\u00e5 rad, deler av Rogaland st\u00e5r under vann, og alt<br \/>\ntyder p\u00e5 at 2025 blir det nest varmeste \u00e5ret p\u00e5 jorda siden vi begynte \u00e5 m\u00e5le<br \/>\n(kun sl\u00e5tt av 2024).<\/p>\n<p>S\u00e5 du f\u00e5r unnskylde meg, statsminister St\u00f8re, for at jeg<br \/>\nikke f\u00f8ler meg nevneverdig tryggere n\u00e5r du hevder trygghet skal v\u00e6re \u00abrammen<br \/>\nrundt alt du gj\u00f8r\u00bb.\u00a0For jeg har h\u00f8rt det fra deg f\u00f8r.<\/p>\n<p>        <a itemprop=\"url\" class=\"\" href=\"https:\/\/www.dagsavisen.no\/kommentar\/det-siste-kapittelet-i-den-forrige-historien\/10095278\" data-k5a-url=\"https:\/\/www.dagsavisen.no\/a\/10095278\" rel=\"nofollow noopener\" target=\"_blank\"><\/p>\n<p>            Det siste kapittelet i den forrige historien<\/p>\n<p>        <\/a><\/p>\n<p>Arbeiderpartiet blir av og til anklaget for \u00e5 v\u00e6re<br \/>\nmaktarrogante. Jeg kan ikke tenke meg mange ting som er mer maktarrogant enn \u00e5<br \/>\ngjenbruke formuleringen fra sitt kanskje aller st\u00f8rste l\u00f8ftebrudd n\u00e5r man<br \/>\nkommer med sine nye l\u00f8fter. Det er heller ikke bare i klimasaken vi kan finne<br \/>\nmilevise gap mellom Arbeiderpartiets retorikk og Arbeiderpartiets handlinger.<br \/>\nSe bare tilbake til sommerens og h\u00f8stens bruduljer om oljefondets investeringer<br \/>\ni firmaer som bidrar til folkemord, folkerettsbrudd og okkupasjon i Gaza og p\u00e5<br \/>\nvestbredden.<\/p>\n<p>I august var Jonas Gahr St\u00f8re p\u00e5 politisk kvarter og kalte<br \/>\nsituasjonen p\u00e5 Gaza \u00abv\u00e5r tids katastrofe\u00bb. (Ogs\u00e5 dette er en formulering<br \/>\nhan har brukt f\u00f8r! Ser man det!). Bare noen dager f\u00f8r hadde utenriksminister<br \/>\nEspen Barth Eide v\u00e6rt p\u00e5 Dagsnytt 18 og omtalt situasjonen i Gaza som \u00abverre<br \/>\nenn helvete p\u00e5 jord\u00bb.\u00a0<\/p>\n<p>De hadde rett, selvsagt. Problemet er bare at noen uker f\u00f8r<br \/>\nhadde et samlet Arbeiderparti stemt mot \u00e5 slutte \u00e5 investere i \u00e5rsakene<br \/>\ntil at det var helvete p\u00e5 jord. Og senere samme h\u00f8st ville de faktisk heller<br \/>\nsamarbeide med h\u00f8yresiden om \u00e5 sette hele <a href=\"https:\/\/www.dagsavisen.no\/nyheter\/ap-forslag-fikk-flertall-i-stortinget-oljefondets-etikkrad-settes-pa-pause\/10040331\" rel=\"nofollow noopener\" target=\"_blank\">oljefondets<br \/>\netikkr\u00e5d p\u00e5 pause<\/a> enn \u00e5 ta sparepengene v\u00e5re ut av folkerettsbrudd!\u00a0<\/p>\n<p>        <a itemprop=\"url\" class=\"\" href=\"https:\/\/www.dagsavisen.no\/kommentar\/hjem-til-jul\/10120019\" data-k5a-url=\"https:\/\/www.dagsavisen.no\/a\/10120019\" rel=\"nofollow noopener\" target=\"_blank\"><\/p>\n<p>            Snart tennes tusen julelys over alle landets kirkeg\u00e5rder<\/p>\n<p>        <\/a><\/p>\n<p>Arbeiderpartiet kan ikke f\u00e5 begge deler p\u00e5 en gang. Det kan<br \/>\nikke b\u00e5de v\u00e6re helvete p\u00e5 jord, folkerettsbrudd, og et helt greit<br \/>\ninvesteringsobjekt for sparepengene v\u00e5re. Klima kan ikke v\u00e6re v\u00e5r tids<br \/>\nviktigste sak uten at dette viser seg i kraftfull politikk. Man kan ikke love<br \/>\nat noe skal v\u00e6re rammen rundt all annen politikk n\u00e5r det egentlig skal v\u00e6re<br \/>\nbisetninger.<\/p>\n<p>I h\u00f8st ble det viet enormt mye politisk mediedekning til <a href=\"https:\/\/www.dagsavisen.no\/nyheter\/arbeiderpartiet-fjernet-nettside-med-skryt-om-gratis-ferge\/10013567\" rel=\"nofollow noopener\" target=\"_blank\">Arbeiderpartiets<br \/>\nl\u00f8ftebrudd om gratis ferjer<\/a>. Og ja, selvsagt b\u00f8r den typen l\u00f8gn fra partiet<br \/>\nsom styrer landet f\u00e5 oppmerksomhet, men det er, verken i et globalt eller<br \/>\nnasjonalt perspektiv, ikke en stor sak. N\u00e5 er det snart p\u00e5 tide at Arbeiderpartiets store l\u00f8ftebrudd dekkes like heftig<br \/>\nsom Arbeiderpartiets sm\u00e5 l\u00f8ftebrudd.<\/p>\n<p>        <a itemprop=\"url\" class=\"\" href=\"https:\/\/www.dagsavisen.no\/kommentar\/24-dager-i-strekk-eller-skrekk\/10112198\" data-k5a-url=\"https:\/\/www.dagsavisen.no\/a\/10112198\" rel=\"nofollow noopener\" target=\"_blank\"><\/p>\n<p>            24 dager i strekk eller skrekk?<\/p>\n<p>        <\/a><\/p>\n<p class=\"italic m-italic\" data-lab-italic=\"italic\">F\u00e5 nyhetsbrev fra Dagsavisen. Meld deg p\u00e5\u00a0<a href=\"https:\/\/www.dagsavisen.no\/om-dagsavisen\/2023\/12\/20\/fa-daglig-nyhetsbrev\/\" rel=\"nofollow noopener\" target=\"_blank\">her<\/a>!<\/p>\n","protected":false},"excerpt":{"rendered":"Tegning: Siri Dokken Kommentar Ikke piss meg i \u00f8ret og si at det regner. Dette er en kommentar.&hellip;\n","protected":false},"author":2,"featured_media":120686,"comment_status":"","ping_status":"","sticky":false,"template":"","format":"standard","meta":{"footnotes":""},"categories":[10],"tags":[20,21,24,25,15,22,23,13,30,28,29,14,16,26,27],"class_list":{"0":"post-120685","1":"post","2":"type-post","3":"status-publish","4":"format-standard","5":"has-post-thumbnail","7":"category-norge","8":"tag-breaking-news","9":"tag-breakingnews","10":"tag-featured-news","11":"tag-featurednews","12":"tag-headlines","13":"tag-latest-news","14":"tag-latestnews","15":"tag-news","16":"tag-no","17":"tag-norge","18":"tag-norway","19":"tag-nyheter","20":"tag-overskrifter","21":"tag-top-stories","22":"tag-topstories"},"share_on_mastodon":{"url":"https:\/\/pubeurope.com\/@no\/115770953771592855","error":""},"_links":{"self":[{"href":"https:\/\/www.europesays.com\/no\/wp-json\/wp\/v2\/posts\/120685","targetHints":{"allow":["GET"]}}],"collection":[{"href":"https:\/\/www.europesays.com\/no\/wp-json\/wp\/v2\/posts"}],"about":[{"href":"https:\/\/www.europesays.com\/no\/wp-json\/wp\/v2\/types\/post"}],"author":[{"embeddable":true,"href":"https:\/\/www.europesays.com\/no\/wp-json\/wp\/v2\/users\/2"}],"replies":[{"embeddable":true,"href":"https:\/\/www.europesays.com\/no\/wp-json\/wp\/v2\/comments?post=120685"}],"version-history":[{"count":0,"href":"https:\/\/www.europesays.com\/no\/wp-json\/wp\/v2\/posts\/120685\/revisions"}],"wp:featuredmedia":[{"embeddable":true,"href":"https:\/\/www.europesays.com\/no\/wp-json\/wp\/v2\/media\/120686"}],"wp:attachment":[{"href":"https:\/\/www.europesays.com\/no\/wp-json\/wp\/v2\/media?parent=120685"}],"wp:term":[{"taxonomy":"category","embeddable":true,"href":"https:\/\/www.europesays.com\/no\/wp-json\/wp\/v2\/categories?post=120685"},{"taxonomy":"post_tag","embeddable":true,"href":"https:\/\/www.europesays.com\/no\/wp-json\/wp\/v2\/tags?post=120685"}],"curies":[{"name":"wp","href":"https:\/\/api.w.org\/{rel}","templated":true}]}}