{"id":120687,"date":"2025-12-23T21:17:11","date_gmt":"2025-12-23T21:17:11","guid":{"rendered":"https:\/\/www.europesays.com\/no\/120687\/"},"modified":"2025-12-23T21:17:11","modified_gmt":"2025-12-23T21:17:11","slug":"andrew-mountbatten-windsor-har-gitt-fra-seg-vapenlisensen-sin","status":"publish","type":"post","link":"https:\/\/www.europesays.com\/no\/120687\/","title":{"rendered":"Andrew Mountbatten-Windsor har gitt fra seg v\u00e5penlisensen sin"},"content":{"rendered":"\n<p class=\"_lead_o9xde_2 _lead_xtcu6_50 layout-component text-serif-m layout-normal text-serif-l layout-component layout-wide layout-padded _wide_17hqh_1 layout-padded\">Han har frivillig gitt fra seg v\u00e5penlisensen sin etter en foresp\u00f8rsel fra politiet i London. Det er ikke kjent hva grunnen er.<\/p>\n<p><img alt=\" Foto: Steve Parsons \/ AP \/ NTB\" class=\"_image_qp4xg_65 layout-component layout-wide\" data-fullscreen- data-track-element-type=\"Article image fullscreen\" data-track-name=\"ImageFullscreen\" fetchpriority=\"high\" decoding=\"sync\" loading=\"eager\" height=\"1782\" itemprop=\"image\"  src=\"https:\/\/www.europesays.com\/no\/wp-content\/uploads\/2025\/12\/a5aa6bdd-a9b0-40af-b139-9039195eaaf1\"  style=\"object-position:51.269604182225535% 51.54320987654321%\" width=\"2678\"\/> Foto: Steve Parsons \/ AP \/ NTB<\/p>\n<ul aria-hidden=\"true\" class=\"_images_ntbth_112\">\n<li><a class=\"_link_ntbth_117\" href=\"https:\/\/www.vg.no\/forfatter\/ntb\" style=\"z-index:1\" title=\"NTB\" rel=\"nofollow noopener\" target=\"_blank\"><img alt=\"Bilde av NTB\" class=\"_image_ntbth_93\" fetchpriority=\"low\" loading=\"lazy\" decoding=\"async\" itemprop=\"image\"  src=\"https:\/\/www.europesays.com\/no\/wp-content\/uploads\/2025\/12\/1766524630_984_c33980b0-5d07-4027-84a1-813f90a7c8d6\"  width=\"480\"\/><\/a><\/li>\n<\/ul>\n<p> Oppdatert tirsdag 23. desember kl. 21:59     <\/p>\n<p class=\"_paragraph_o9xde_4 _paragraph_xtcu6_10 layout-component text-serif-m layout-normal text-serif-m layout-padded\">Politifolk bes\u00f8kte Mountbatten-Windsor bolig Royal Lodge i Windsor i november, f\u00f8r hans ventede flytting til nytt\u00e5r. Det melder <a href=\"https:\/\/www.bbc.com\/news\/articles\/c5yde5p9kw9o\" class=\"_link_o9xde_39\" rel=\"nofollow noopener\" target=\"_blank\">BBC<\/a>.<\/p>\n<p class=\"_paragraph_o9xde_4 _paragraph_xtcu6_10 layout-component text-serif-m layout-normal text-serif-m layout-padded\">\u2013 Onsdag 19. november bes\u00f8kte politiets v\u00e5penlisensavdeling en adresse i Windsor for \u00e5 be en mann i 60-\u00e5rene om frivillig \u00e5 gi fra seg v\u00e5pen- og haglebeviset sitt, sier en talsperson for politiet.<\/p>\n<p class=\"_paragraph_o9xde_4 _paragraph_xtcu6_10 layout-component text-serif-m layout-normal text-serif-m layout-padded\">Politiet bekrefter at beviset ble levert inn, men vil ikke kommentere saken ytterligere.<\/p>\n<p><img alt=\"Eks-prinsen sammen med prins William.  Foto: Jordan Pettitt \/ Pa Photos \/ NTB\" class=\"_image_qp4xg_65 layout-component layout-normal\" data-fullscreen- data-track-element-type=\"Article image fullscreen\" data-track-name=\"ImageFullscreen\" decoding=\"async\" loading=\"lazy\" height=\"1487\" itemprop=\"image\"  src=\"https:\/\/www.europesays.com\/no\/wp-content\/uploads\/2025\/12\/4acaedd8-c924-4dea-abcb-615f3ef8ac05\"  style=\"object-position:26.509054325955734% 44.04841963685273%\" width=\"1988\"\/>Eks-prinsen sammen med prins William.  Foto: Jordan Pettitt \/ Pa Photos \/ NTB<\/p>\n<p class=\"_paragraph_o9xde_4 _paragraph_xtcu6_10 layout-component text-serif-m layout-normal text-serif-m layout-padded\">Det er ikke klart hvorfor den tidligere prinsen, Mountbatten-Windsor, som ogs\u00e5 er kjent som en jaktentusiast, ga fra seg lisensen, men beslutningen betyr at han bare kan bruke eller transportere v\u00e5pnene sine under tilsyn.<\/p>\n<p class=\"_paragraph_o9xde_4 _paragraph_xtcu6_10 layout-component text-serif-m layout-normal text-serif-m layout-padded\">Mountbatten-Windsor forventes \u00e5 flytte til Norfolk p\u00e5 ny\u00e5ret, <a href=\"https:\/\/www.vg.no\/i\/QMneOA\" data-track-element-type=\"Link\" data-track-id=\"link:QMneOA\" class=\"_link_o9xde_39\" rel=\"nofollow noopener\" target=\"_blank\">etter at han ble fratatt titlene sine<\/a> p\u00e5 grunn av forbindelsene til den avd\u00f8de overgrepsd\u00f8mte finansmannen Jeffrey Epstein. <\/p>\n<p><img alt=\"Andrew, Virginia Giuffre, og Ghislaine Maxwell.  Foto: HANDOUT \/ AFP \/ NTB\" class=\"_image_qp4xg_65 layout-component layout-normal\" data-fullscreen- data-track-element-type=\"Article image fullscreen\" data-track-name=\"ImageFullscreen\" decoding=\"async\" loading=\"lazy\" height=\"3500\" itemprop=\"image\"  src=\"https:\/\/www.europesays.com\/no\/wp-content\/uploads\/2025\/12\/2ebf360d-e26d-4c90-96e0-4715d26148de\"  style=\"object-position:42.933491686460805% 25.8%\" width=\"3368\"\/>Andrew, Virginia Giuffre, og Ghislaine Maxwell.  Foto: HANDOUT \/ AFP \/ NTB<\/p>\n<p class=\"_paragraph_o9xde_4 _paragraph_xtcu6_10 layout-component text-serif-m layout-normal text-serif-m layout-padded\">Han skal flytte til en eiendom p\u00e5 Sandringham-godset, som eies privat av broren hans, kong Charles III.<\/p>\n<p class=\"_paragraph_o9xde_4 _paragraph_xtcu6_10 layout-component text-serif-m layout-normal layout-padded\"><strong class=\"_strong_o9xde_25\">Les ogs\u00e5:<\/strong> <a href=\"https:\/\/www.vg.no\/i\/V6b1bd\" data-track-element-type=\"Link\" data-track-id=\"link:V6b1bd\" class=\"_link_o9xde_39\" rel=\"nofollow noopener\" target=\"_blank\">Nye Epstein-bilder: Andrew p\u00e5 fanget til ukjente kvinner<\/a><\/p>\n<p class=\"_paragraph_o9xde_4 _paragraph_xtcu6_10 layout-component text-serif-m layout-normal text-serif-m layout-padded\">Andrews forbindelse til Epstein kom p\u00e5 nytt under lupen i forrige uke etter at et bilde av ham ble offentliggjort av amerikanske myndigheter som en del av Epstein-dokumentene. <a href=\"https:\/\/www.vg.no\/i\/Ar2M5x\" data-track-element-type=\"Link\" data-track-id=\"link:Ar2M5x\" class=\"_link_o9xde_39\" rel=\"nofollow noopener\" target=\"_blank\">Andrew har alltid nektet for at han har gjort noe galt<\/a> i forbindelse med Epstein.<\/p>\n<p>Les ogs\u00e5<\/p>\n","protected":false},"excerpt":{"rendered":"Han har frivillig gitt fra seg v\u00e5penlisensen sin etter en foresp\u00f8rsel fra politiet i London. Det er ikke&hellip;\n","protected":false},"author":2,"featured_media":120688,"comment_status":"","ping_status":"","sticky":false,"template":"","format":"standard","meta":{"footnotes":""},"categories":[58],"tags":[71,30,28,29,72],"class_list":{"0":"post-120687","1":"post","2":"type-post","3":"status-publish","4":"format-standard","5":"has-post-thumbnail","7":"category-underholdning","8":"tag-entertainment","9":"tag-no","10":"tag-norge","11":"tag-norway","12":"tag-underholdning"},"share_on_mastodon":{"url":"https:\/\/pubeurope.com\/@no\/115770965838416246","error":""},"_links":{"self":[{"href":"https:\/\/www.europesays.com\/no\/wp-json\/wp\/v2\/posts\/120687","targetHints":{"allow":["GET"]}}],"collection":[{"href":"https:\/\/www.europesays.com\/no\/wp-json\/wp\/v2\/posts"}],"about":[{"href":"https:\/\/www.europesays.com\/no\/wp-json\/wp\/v2\/types\/post"}],"author":[{"embeddable":true,"href":"https:\/\/www.europesays.com\/no\/wp-json\/wp\/v2\/users\/2"}],"replies":[{"embeddable":true,"href":"https:\/\/www.europesays.com\/no\/wp-json\/wp\/v2\/comments?post=120687"}],"version-history":[{"count":0,"href":"https:\/\/www.europesays.com\/no\/wp-json\/wp\/v2\/posts\/120687\/revisions"}],"wp:featuredmedia":[{"embeddable":true,"href":"https:\/\/www.europesays.com\/no\/wp-json\/wp\/v2\/media\/120688"}],"wp:attachment":[{"href":"https:\/\/www.europesays.com\/no\/wp-json\/wp\/v2\/media?parent=120687"}],"wp:term":[{"taxonomy":"category","embeddable":true,"href":"https:\/\/www.europesays.com\/no\/wp-json\/wp\/v2\/categories?post=120687"},{"taxonomy":"post_tag","embeddable":true,"href":"https:\/\/www.europesays.com\/no\/wp-json\/wp\/v2\/tags?post=120687"}],"curies":[{"name":"wp","href":"https:\/\/api.w.org\/{rel}","templated":true}]}}