{"id":120689,"date":"2025-12-23T21:21:35","date_gmt":"2025-12-23T21:21:35","guid":{"rendered":"https:\/\/www.europesays.com\/no\/120689\/"},"modified":"2025-12-23T21:21:35","modified_gmt":"2025-12-23T21:21:35","slug":"petter-stordalen-anker-skattesak-til-hoyesterett","status":"publish","type":"post","link":"https:\/\/www.europesays.com\/no\/120689\/","title":{"rendered":"Petter Stordalen anker skattesak til H\u00f8yesterett"},"content":{"rendered":"<p>  Petter Stordalen tapte skattesak i lagmannsretten, men n\u00e5 anker han saken til H\u00f8yesterett.<\/p>\n<p>\n    ANKER: Petter Stordalen anker skattesaken sin til H\u00f8yesterett. Foto: Lars Eivind Bones \/ Dagbladet\n  <\/p>\n<p>Petter Stordalen anker skattesaken sin til H\u00f8yesterett, skriver <a href=\"https:\/\/e24.no\/naeringsliv\/i\/43qOAE\/petter-stordalen-anker-skyhoeyt-skattekrav-til-hoeyesterett\" rel=\"nofollow noopener\" target=\"_blank\">E24.<\/a><\/p>\n<p class=\"font-weight-bold m-font-weight-bold\" data-lab-font_weight=\"font-weight-bold\">&#8211; Jeg kan bekrefte at Stordalen anker til H\u00f8yesterett, sier advokat Kaare Andreas Shetelig til avisa.<\/p>\n<p>Advokaten sier Stordalen er uenig i dommen, og at sp\u00f8rsm\u00e5lene i saken har betydning for langt flere enn hotellkongen. Derfor anker han.<\/p>\n<p>    <a itemprop=\"url\" href=\"https:\/\/borsen.dagbladet.no\/nyheter\/stordalen-dukket-opp-pa-krykker\/83684552\" rel=\"nofollow noopener\" target=\"_blank\"><\/p>\n<p>        <img loading=\"lazy\" decoding=\"async\" src=\"https:\/\/www.europesays.com\/no\/wp-content\/uploads\/2025\/12\/83685482.webp\" width=\"980\" height=\"441\" title=\"Stordalen dukket opp p\u00e5 krykker\" alt=\"\" class=\"lazyload\" style=\"--aspect-ratio-image: 2.22; \"\/><\/p>\n<p>        Stordalen dukket opp p\u00e5 krykker<\/p>\n<p>    <\/a><\/p>\n<p>&#8211; Tapte saken fullt ut\t<\/p>\n<p>Det var p\u00e5 v\u00e5rparten i fjor hotellkongen Petter Stordalen tok kampen om en skatteregning p\u00e5 200 millioner kroner til retten. Det endte med tap i tingretten.<\/p>\n<p>Stordalen anket saken, men ogs\u00e5 i Borgarting lagmannsrett gikk Stordalen p\u00e5 et nederlag.<\/p>\n<p class=\"font-weight-bold m-font-weight-bold\" data-lab-font_weight=\"font-weight-bold\">&#8211; Stordalen har tapt saken fullt ut, het det i den 50 sider lange og enstemmige dommen fra lagmannsretten.<\/p>\n<p>Bakgrunnen for saken er at Stordalen har tatt ut 795 millioner kroner i utbytte fra selskapet Oslo Properties, som n\u00e5 heter Strawberry Fields, som kan kj\u00f8pte i 2013.<\/p>\n<p>De tidligere eierne hadde satt inn til sammen tre milliarder kroner i egenkapital i \u00e5ra fra selskapet ble stiftet og fram til det ble solgt til Stordalen.<\/p>\n<p>    <a itemprop=\"url\" href=\"https:\/\/borsen.dagbladet.no\/nyheter\/stordalen-i-retten-meget-overrasket\/83698521\" rel=\"nofollow noopener\" target=\"_blank\"><\/p>\n<p>        <img loading=\"lazy\" decoding=\"async\" src=\"https:\/\/www.europesays.com\/no\/wp-content\/uploads\/2025\/12\/83698540.webp\" width=\"980\" height=\"441\" title=\"Stordalen i retten: - Meget overrasket\" alt=\"\" class=\"lazyload\" style=\"--aspect-ratio-image: 2.22; \"\/><\/p>\n<p>        Stordalen i retten: &#8211; Meget overrasket<\/p>\n<p>    <\/a><\/p>\n<p>Strid om skattemotiv\t<\/p>\n<p>Skattejuridisk dreier saken seg om \u00abgyldigheten av skattevedtak om gjennomskj\u00e6ring\u00bb.<\/p>\n<p>Vanligvis skal man kunne ta ut igjen den innbetalte kapitalen uten \u00e5 betale skatt, men ikke hvis form\u00e5let med \u00e5 kj\u00f8pe selskapet var \u00e5 spare skatt. Det er nettopp det Skatteetaten mener var Stordalens hensikt, og de krevde ham for 228 millioner.<\/p>\n<p>Det nektet Stordalen for, og han tok saken til Oslo tingrett. Da saken ble behandlet der i mars 2024, argumenterte Skatteetaten for at motivasjonen for hotellkongens kj\u00f8p f\u00f8rst og fremst dreide seg om det som heter \u00abskatteposisjon av innbetalt kapital\u00bb.<\/p>\n<p class=\"font-weight-bold m-font-weight-bold\" data-lab-font_weight=\"font-weight-bold\">Dette kunne potensielt \u00e5pne for skattefrie utbetalinger av utbytte p\u00e5 tre milliarder kroner.<\/p>\n<p>Hotellkongen pekte i tingretten p\u00e5 at tidsn\u00e6re bevis, uttalelser som han og Christian Ringnes kom med i mediene, underbygger at han vurderte fortjenestemulighetene ved oppkj\u00f8pet som store.<\/p>\n<p>Han mente alts\u00e5 ikke at kj\u00f8pet var skattemotivert.<\/p>\n<p>    <a itemprop=\"url\" href=\"https:\/\/borsen.dagbladet.no\/nyheter\/petter-stordalen-tapte-skattesak\/83892166\" rel=\"nofollow noopener\" target=\"_blank\"><\/p>\n<p>        <img loading=\"lazy\" decoding=\"async\" src=\"https:\/\/www.europesays.com\/no\/wp-content\/uploads\/2025\/12\/83892209.webp\" width=\"980\" height=\"441\" title=\"Petter Stordalen tapte skattesak\" alt=\"\" class=\"lazyload\" style=\"--aspect-ratio-image: 2.22; \"\/><\/p>\n<p>        Petter Stordalen tapte skattesak<\/p>\n<p>    <\/a><\/p>\n<p>To tap\t<\/p>\n<p>Stordalen tapte i tingretten, som konkluderte med at oppkj\u00f8pet var \u00abnesten utelukkende skattemessig motivert\u00bb. Skattekravet ble imidlertid redusert noe, til 184 millioner kroner.<\/p>\n<p>Begge parter anket saken, som ble behandlet i Borgarting lagmannsrett i oktober. Der tapte alts\u00e5 Stordalen igjen.<\/p>\n","protected":false},"excerpt":{"rendered":"Petter Stordalen tapte skattesak i lagmannsretten, men n\u00e5 anker han saken til H\u00f8yesterett. ANKER: Petter Stordalen anker skattesaken&hellip;\n","protected":false},"author":2,"featured_media":120690,"comment_status":"","ping_status":"","sticky":false,"template":"","format":"standard","meta":{"footnotes":""},"categories":[10],"tags":[20,21,24,25,15,22,23,13,30,28,29,14,16,1934,26,27],"class_list":{"0":"post-120689","1":"post","2":"type-post","3":"status-publish","4":"format-standard","5":"has-post-thumbnail","7":"category-norge","8":"tag-breaking-news","9":"tag-breakingnews","10":"tag-featured-news","11":"tag-featurednews","12":"tag-headlines","13":"tag-latest-news","14":"tag-latestnews","15":"tag-news","16":"tag-no","17":"tag-norge","18":"tag-norway","19":"tag-nyheter","20":"tag-overskrifter","21":"tag-petter-stordalen","22":"tag-top-stories","23":"tag-topstories"},"share_on_mastodon":{"url":"https:\/\/pubeurope.com\/@no\/115770981615786665","error":""},"_links":{"self":[{"href":"https:\/\/www.europesays.com\/no\/wp-json\/wp\/v2\/posts\/120689","targetHints":{"allow":["GET"]}}],"collection":[{"href":"https:\/\/www.europesays.com\/no\/wp-json\/wp\/v2\/posts"}],"about":[{"href":"https:\/\/www.europesays.com\/no\/wp-json\/wp\/v2\/types\/post"}],"author":[{"embeddable":true,"href":"https:\/\/www.europesays.com\/no\/wp-json\/wp\/v2\/users\/2"}],"replies":[{"embeddable":true,"href":"https:\/\/www.europesays.com\/no\/wp-json\/wp\/v2\/comments?post=120689"}],"version-history":[{"count":0,"href":"https:\/\/www.europesays.com\/no\/wp-json\/wp\/v2\/posts\/120689\/revisions"}],"wp:featuredmedia":[{"embeddable":true,"href":"https:\/\/www.europesays.com\/no\/wp-json\/wp\/v2\/media\/120690"}],"wp:attachment":[{"href":"https:\/\/www.europesays.com\/no\/wp-json\/wp\/v2\/media?parent=120689"}],"wp:term":[{"taxonomy":"category","embeddable":true,"href":"https:\/\/www.europesays.com\/no\/wp-json\/wp\/v2\/categories?post=120689"},{"taxonomy":"post_tag","embeddable":true,"href":"https:\/\/www.europesays.com\/no\/wp-json\/wp\/v2\/tags?post=120689"}],"curies":[{"name":"wp","href":"https:\/\/api.w.org\/{rel}","templated":true}]}}