{"id":120703,"date":"2025-12-23T21:47:15","date_gmt":"2025-12-23T21:47:15","guid":{"rendered":"https:\/\/www.europesays.com\/no\/120703\/"},"modified":"2025-12-23T21:47:15","modified_gmt":"2025-12-23T21:47:15","slug":"hellstrom-og-seierstad-knuser-alle","status":"publish","type":"post","link":"https:\/\/www.europesays.com\/no\/120703\/","title":{"rendered":"Hellstr\u00f8m og Seierstad knuser alle"},"content":{"rendered":"\n<p class=\"_lead_o9xde_2 _lead_xtcu6_50 layout-component text-serif-m layout-normal text-serif-l layout-component layout-wide layout-padded _wide_17hqh_1 layout-padded\">Her er listen over \u00e5rets mest solgte b\u00f8ker i 2025: Eyvind Hellstr\u00f8m og \u00c5sne Seierstad knuser alle. <\/p>\n<p><img alt=\"Millionene renner inn for Eyvind Hellstr\u00f8m og \u00c5sne Seierstad, som knuser alle med sine b\u00f8ker \u00abGrunnboka\u00bb og \u00abUfred\u00bb.  Foto: Elfi Leinan \/ VG\/Ole Berg-Rusten \/ NTB\" class=\"_image_qp4xg_65 layout-component layout-wide\" data-fullscreen- data-track-element-type=\"Article image fullscreen\" data-track-name=\"ImageFullscreen\" fetchpriority=\"high\" decoding=\"sync\" loading=\"eager\" height=\"1668\" itemprop=\"image\"  src=\"https:\/\/www.europesays.com\/no\/wp-content\/uploads\/2025\/12\/2cb73f97-75c5-4d9c-b30a-067ce281b8cc\"  style=\"object-position:0% 0%\" width=\"2500\"\/>Millionene renner inn for Eyvind Hellstr\u00f8m og \u00c5sne Seierstad, som knuser alle med sine b\u00f8ker \u00abGrunnboka\u00bb og \u00abUfred\u00bb.  Foto: Elfi Leinan \/ VG\/Ole Berg-Rusten \/ NTB<\/p>\n<ul aria-hidden=\"true\" class=\"_images_ntbth_112\">\n<li><a class=\"_link_ntbth_117\" href=\"https:\/\/www.vg.no\/forfatter\/camilla-norli\" style=\"z-index:1\" title=\"Camilla Norli\" rel=\"nofollow noopener\" target=\"_blank\"><img alt=\"Bilde av Camilla Norli\" class=\"_image_ntbth_93\" fetchpriority=\"low\" loading=\"lazy\" decoding=\"async\" itemprop=\"image\"  src=\"https:\/\/www.europesays.com\/no\/wp-content\/uploads\/2025\/12\/1766526433_878_722f4960-2325-48e8-ba97-62396728c076\"  width=\"480\"\/><\/a><\/li>\n<\/ul>\n<p> Oppdatert tirsdag 23. desember kl. 14:43     <\/p>\n<p class=\"_paragraph_o9xde_4 _paragraph_xtcu6_10 layout-component text-serif-m layout-normal text-serif-m layout-padded\">\u2013 \u00abGrunnboka\u00bb og \u00abUfred\u00bb har i \u00e5r skapt forlags- og bokhandelshistorie. Vi snakker om historisk h\u00f8ye tall, sier kommunikasjonssjef Tone Hansen i Cappelen Damm til VG. <\/p>\n<p class=\"_paragraph_o9xde_4 _paragraph_xtcu6_10 layout-component text-serif-m layout-normal text-serif-m layout-padded\"><a href=\"https:\/\/www.vg.no\/tag\/eyvind-hellstroem?utm_source=vg-article&amp;utm_medium=auto-tagger&amp;utm_campaign=j0d0dn\" class=\"_link_o9xde_39\" rel=\"nofollow noopener\" target=\"_blank\">Eyvind Hellstr\u00f8m<\/a> troner \u00f8verst p\u00e5 listen og jubler: <\/p>\n<p class=\"_paragraph_o9xde_4 _paragraph_xtcu6_10 layout-component text-serif-m layout-normal text-serif-m layout-padded\">\u2013 Jeg har laget ganske mange b\u00f8ker de siste 25 \u00e5rene, men denne gang traff vi spikern. Det er selvsagt en god f\u00f8lelse, og en bekreftelse p\u00e5 at mat gjort forst\u00e5elig for folk flest ble en suksess, sier Hellstr\u00f8m til VG.<\/p>\n<p class=\"_paragraph_o9xde_4 _paragraph_xtcu6_10 layout-component text-serif-m layout-normal text-serif-m layout-padded\"><strong class=\"_strong_o9xde_25\">Sjekk hele topplisten nederst ned i saken.<\/strong> <\/p>\n<p class=\"_paragraph_o9xde_4 _paragraph_xtcu6_10 layout-component text-serif-m layout-normal text-serif-m layout-padded\">Hans \u00abGrunnboka\u00bb er \u00e5rets desidert mest solgte bok og har n\u00e5 et opplag p\u00e5 utrolige 210.000 eksemplarer. Til sammenligning hadde fjor\u00e5rets mest solgte bok, Erika Fatlands \u00abSj\u00f8fareren\u00bb, et opplag p\u00e5 80.000 eksemplarer. <\/p>\n<p><img alt=\"Foto: Ole Berg-Rusten \/ NTB\" class=\"_image_qp4xg_65 layout-component layout-normal\" data-fullscreen- data-track-element-type=\"Article image fullscreen\" data-track-name=\"ImageFullscreen\" decoding=\"async\" loading=\"lazy\" height=\"3333\" itemprop=\"image\"  src=\"https:\/\/www.europesays.com\/no\/wp-content\/uploads\/2025\/12\/63e71c51-9550-4419-ad14-716d1bbe8bb2\"  style=\"object-position:0% 0%\" width=\"5000\"\/>Foto: Ole Berg-Rusten \/ NTB<\/p>\n<p class=\"_paragraph_o9xde_4 _paragraph_xtcu6_10 layout-component text-serif-m layout-normal text-serif-m layout-padded\">\u00c5sne Seierstads \u00abUfred\u00bb danker ogs\u00e5 ut fjor\u00e5rets mest solgte med god margin: Den er n\u00e5 trykket i et totalopplag p\u00e5 120.000 eksemplarer. <\/p>\n<p class=\"_paragraph_o9xde_4 _paragraph_xtcu6_10 layout-component text-serif-m layout-normal text-serif-m layout-padded\">De to troner langt over tredjeplassen p\u00e5 topplisten: Martin Bech Holtes \u00abLandet som ble for rikt\u00bb har et totalopplag p\u00e5 70.000 eksemplarer, if\u00f8lge Kagge forlag. <\/p>\n<p class=\"_paragraph_o9xde_4 _paragraph_xtcu6_10 layout-component text-serif-m layout-normal text-serif-m layout-padded\">\u2013 Mye tyder p\u00e5 at dette er de to mest solgte nyhetene innenfor utgivelses\u00e5ret noensinne, uavhengig av sjanger. Vi har i alle fall ikke funnet noen bedre, sier Tone Hansen i Cappelen Damm. <\/p>\n<p class=\"_paragraph_o9xde_4 _paragraph_xtcu6_10 layout-component text-serif-m layout-normal text-serif-m layout-padded\">VG sjekket opp med Bokhandlerforeningen \u2013 og de har heller ikke klart \u00e5 finne b\u00f8ker som har solgt mer enn \u00abGrunnboka\u00bb i utgivelses\u00e5ret. Og man m\u00e5 tilbake til 2013 og Jo Nesb\u00f8s \u00abPoliti\u00bb for \u00e5 finne noen som har solgt mer enn \u00c5sne Seierstads \u00abUfred\u00bb.<\/p>\n<p> H\u00e5ver inn millioner &#8211; spretter champagnen<img alt=\"\u2013 Noen kroner blir det jo, sier Hellstr\u00f8m.  Foto: Javad Parsa \/ NTB\" class=\"_image_qp4xg_65 layout-component layout-normal\" data-fullscreen- data-track-element-type=\"Article image fullscreen\" data-track-name=\"ImageFullscreen\" decoding=\"async\" loading=\"lazy\" height=\"1832\" itemprop=\"image\"  src=\"https:\/\/www.europesays.com\/no\/wp-content\/uploads\/2025\/12\/360162ec-cba2-42f8-a8d4-c721ccfa2b37\"  style=\"object-position:0% 0%\" width=\"2752\"\/>\u2013 Noen kroner blir det jo, sier Hellstr\u00f8m.  Foto: Javad Parsa \/ NTB<\/p>\n<p class=\"_paragraph_o9xde_4 _paragraph_xtcu6_10 layout-component text-serif-m layout-normal text-serif-m layout-padded\">Et raskt overslagsregnestykke overslagsregnestykkeDet laveste beregningsgrunnlaget er halve prisen av det boken koster. Alts\u00e5 149,5 kroner for Grunnboka og 224,5 for Ufred. Av dette f\u00e5r forfatteren en royalty p\u00e5 22,5 prosent for de f\u00f8rste 3999 eksemplarene, 25,5 prosent fra 4000 til 9999 solgte eksemplarer og 27  prosent for salg over 10.000 eksemplarer. , basert p\u00e5 normalkontrakten og det laveste beregningsgrunnlaget (som kan variere, men aldri er lavere enn 50 prosent av utsalgsprisen), viser at dersom Hellstr\u00f8m og Seierstad selger ut hele opplaget, vil de tjene henholdsvis over 8,4 og 7,2 millioner kroner. <\/p>\n<p class=\"_paragraph_o9xde_4 _paragraph_xtcu6_10 layout-component text-serif-m layout-normal text-serif-m layout-padded\"><strong class=\"_strong_o9xde_25\">\u2013 Haha, jeg har ikke regnet s\u00e5 n\u00f8ye p\u00e5 det, sier Hellstr\u00f8m n\u00e5r VG serverer ham det hyggelige regnestykket.<\/strong><\/p>\n<p class=\"_paragraph_o9xde_4 _paragraph_xtcu6_10 layout-component text-serif-m layout-normal text-serif-m layout-padded\">Men han legger til: <\/p>\n<p class=\"_paragraph_o9xde_4 _paragraph_xtcu6_10 layout-component text-serif-m layout-normal text-serif-m layout-padded\">\u2013 Jeg sier som Erling Braut Haaland: At noen kroner blir det jo, og vi spretter en ekstra god champagne, Gosset Celebris 2012 \u00e5rgang, som vi fikk av forlaget. De tenkte at det var fortjent etter \u00e5 ha signert 10 000 b\u00f8ker p\u00e5 tre m\u00e5neder, ler Hellstr\u00f8m som er blitt tatt helt p\u00e5 sengen av den vanvittige suksessen.<\/p>\n<p class=\"_paragraph_o9xde_4 _paragraph_xtcu6_10 layout-component text-serif-m layout-normal text-serif-m layout-padded\">\u2013 Vi trodde kanskje p\u00e5 noen tusen i opplag, men den dagen boka ble lansert, gikk den som en m\u00e5nerakett! Den er blitt et fenomen som ikke er lett \u00e5 forklare. Jeg h\u00e5per og tror det er et grunnleggende \u00f8nske om \u00e5 l\u00e6re seg de enkle grepene p\u00e5 kj\u00f8kkenet, sier Hellstr\u00f8m.<\/p>\n<p class=\"_paragraph_o9xde_4 _paragraph_xtcu6_10 layout-component text-serif-m layout-normal text-serif-m layout-padded\"><strong class=\"_strong_o9xde_25\">Cappelen Damm mener b\u00e5de Hellstr\u00f8m og Seierstad vil fortsette \u00e5 spille en sentral rolle inn i bok\u00e5ret 2026. <\/strong><\/p>\n<p class=\"_paragraph_o9xde_4 _paragraph_xtcu6_10 layout-component text-serif-m layout-normal text-serif-m layout-padded\">\u2013 Disse fantastiske tallene vil \u00f8ke. Vi er allerede i gang med \u00e5 planlegge nye opplag for 2026 &#8211; fordi ettersp\u00f8rselen er s\u00e5 stor, opplyser Hansen. <\/p>\n<p> Hushjelp-suksess<img alt=\"Her er kvinnen som skjuler seg bak pseudonymet Freida McFadden - og som har gjort kjempesuksess med sine psykologiske thrillere.   Foto: Cappelen Damm\" class=\"_image_qp4xg_65 layout-component layout-normal\" data-fullscreen- data-track-element-type=\"Article image fullscreen\" data-track-name=\"ImageFullscreen\" decoding=\"async\" loading=\"lazy\" height=\"3110\" itemprop=\"image\"  src=\"https:\/\/www.europesays.com\/no\/wp-content\/uploads\/2025\/12\/93b5abf4-b5e5-4922-8411-eccef9e2a3db\"  style=\"object-position:0% 0%\" width=\"3110\"\/>Her er kvinnen som skjuler seg bak pseudonymet Freida McFadden &#8211; og som har gjort kjempesuksess med sine psykologiske thrillere.   Foto: Cappelen Damm<\/p>\n<p class=\"_paragraph_o9xde_4 _paragraph_xtcu6_10 layout-component text-serif-m layout-normal text-serif-m layout-padded\">Det amerikanske fenomenet Freida McFadden tok ogs\u00e5 av i Norge i \u00e5r \u2013 og hun har to b\u00f8ker p\u00e5 topplisten. Dette er en lege som bor utenfor Boston med sin familie, og som skriver psykologiske thrillere under pseudonym. <\/p>\n<p class=\"_paragraph_o9xde_4 _paragraph_xtcu6_10 layout-component text-serif-m layout-normal text-serif-m layout-padded\">\u2013 Da \u00abHushjelpen\u00bb kom i 2023, solgte den noen tusen b\u00f8ker, men i 2025 har vi kommet opp i opplag p\u00e5 over 60.000 bare p\u00e5 denne tittelen, opplyser kommunikasjonssjef Tone Hansen i Cappelen Damm som forklarer:<\/p>\n<p class=\"_paragraph_o9xde_4 _paragraph_xtcu6_10 layout-component text-serif-m layout-normal text-serif-m layout-padded\">\u2013 Salget har nok hatt meget god drahjelp fra entusiastiske lesere p\u00e5 booktokbooktokEn del av TikTok-plattformen der brukere deler bokanbefalinger, anmeldelser og diskusjoner, som kan p\u00e5virke hvilke b\u00f8ker som blir popul\u00e6re.. Dette p\u00e5virker lesetrendene og gj\u00f8r ogs\u00e5 at flere unge oppdager b\u00f8kene, sier Hansen. <\/p>\n<p> Her er hele topplisten!<img alt=\"\" class=\"_image_qp4xg_65 layout-component layout-normal\" data-fullscreen- data-track-element-type=\"Article image fullscreen\" data-track-name=\"ImageFullscreen\" decoding=\"async\" loading=\"lazy\" height=\"838\" itemprop=\"image\"  src=\"https:\/\/www.europesays.com\/no\/wp-content\/uploads\/2025\/12\/69268eb8-20a7-4c28-854c-a6c9f476be95\"  style=\"object-position:0% 0%\" width=\"2490\"\/><\/p>\n<p class=\"_paragraph_o9xde_4 _paragraph_xtcu6_10 layout-component text-serif-m layout-normal text-serif-m layout-padded\">Kilde: Bokhandlerforeningen p\u00e5 oppdrag fra VG. Listen viser b\u00f8kene som solgte mest i ukene 1\u201351 \u2013 helt uavhengig av b\u00e5de sjanger, utgaver og utgivelses\u00e5r.<\/p>\n<ol class=\"_list_o9xde_3 _list_xtcu6_9 _ordered_o9xde_79 layout-component text-serif-m layout-normal text-serif-m layout-padded\">\n<li class=\"_item_o9xde_30\">Eyvind Hellstr\u00f8m: \u00abGrunnboka\u00bb <\/li>\n<li class=\"_item_o9xde_30\">\u00c5sne Seierstad: <a href=\"https:\/\/www.vg.no\/rampelys\/i\/o34n5V\/aarets-viktigste-bok\" data-track-element-type=\"Link\" data-track-id=\"link:o34n5V\" class=\"_link_o9xde_39\" rel=\"nofollow noopener\" target=\"_blank\">\u00abUfred: Russland fra innsiden\u00bb<\/a><\/li>\n<li class=\"_item_o9xde_30\">Martin Bech Holte: \u00abLandet som ble for rikt\u00bb<\/li>\n<li class=\"_item_o9xde_30\">Jens Stoltenberg: <a href=\"https:\/\/www.vg.no\/rampelys\/i\/3MrOVA\/anmeldelse-ny-bok-av-jens-stoltenberg-min-vakt-overbevisende\" data-track-element-type=\"Link\" data-track-id=\"link:3MrOVA\" class=\"_link_o9xde_39\" rel=\"nofollow noopener\" target=\"_blank\">\u00abP\u00e5 min vakt\u00bb<\/a><\/li>\n<li class=\"_item_o9xde_30\">Jo Nesb\u00f8: <a href=\"https:\/\/www.vg.no\/rampelys\/i\/eMXaby\/grotesk-og-pratsom-nesboe\" data-track-element-type=\"Link\" data-track-id=\"link:eMXaby\" class=\"_link_o9xde_39\" rel=\"nofollow noopener\" target=\"_blank\">\u00abMinnesota\u00bb <\/a><\/li>\n<li class=\"_item_o9xde_30\">Freida McFadden: \u00abHushjelpen\u00bb<\/li>\n<li class=\"_item_o9xde_30\">Trude Teige: <a href=\"https:\/\/www.vg.no\/rampelys\/i\/zngJK\/vgs-anmelder-trude-teige-kan-tross-alt-skrive-men-dikte-nei-bokanmeldelse-trude-teige-mormor-danset-i-regnet\" data-track-element-type=\"Link\" data-track-id=\"link:zngJK\" class=\"_link_o9xde_39\" rel=\"nofollow noopener\" target=\"_blank\">\u00abMormor danset i regnet\u00bb<\/a><\/li>\n<li class=\"_item_o9xde_30\">Annette Dragland: \u00abHele deg\u00bb<\/li>\n<li class=\"_item_o9xde_30\">J\u00f8rn Lier Horst: <a href=\"https:\/\/www.vg.no\/rampelys\/i\/EyRvEP\/en-omstendelig-historie\" data-track-element-type=\"Link\" data-track-id=\"link:EyRvEP\" class=\"_link_o9xde_39\" rel=\"nofollow noopener\" target=\"_blank\">\u00abT\u00f8rt land\u00bb<\/a> <\/li>\n<li class=\"_item_o9xde_30\">Trude Teige: <a href=\"https:\/\/www.vg.no\/rampelys\/i\/V1k80W\/i-japansk-fangenskap-bokanmeldelse-trude-teige-morfar-pustet-med-havet\" data-track-element-type=\"Link\" data-track-id=\"link:V1k80W\" class=\"_link_o9xde_39\" rel=\"nofollow noopener\" target=\"_blank\">\u00abMorfar pustet med havet\u00bb<\/a><\/li>\n<li class=\"_item_o9xde_30\">Ingvild Rish\u00f8i: <a href=\"https:\/\/www.vg.no\/rampelys\/i\/AL0Vrj\/aarets-julefortelling-bokanmeldelse-ingvild-h-rishoei-stargate\" data-track-element-type=\"Link\" data-track-id=\"link:AL0Vrj\" class=\"_link_o9xde_39\" rel=\"nofollow noopener\" target=\"_blank\">\u00abStargate\u00bb<\/a><\/li>\n<li class=\"_item_o9xde_30\">J\u00f8rn Lier Horst: \u00abDen siste saken\u00bb<\/li>\n<li class=\"_item_o9xde_30\">Freida McFadden: \u00abHushjelpens hemmelighet\u00bb<\/li>\n<li class=\"_item_o9xde_30\">Annette L\u00f8no\/Torkil F\u00e6r\u00f8: \u00abVagusnerven\u00bb<\/li>\n<li class=\"_item_o9xde_30\">Pascal Engman: \u00abIldlandet\u00bb<\/li>\n<\/ol>\n<p> Topp 15 nye b\u00f8ker (utgitt i 2025)<img alt=\"\u00abDen fantastiske bussen\u00bb ligger nederst p\u00e5 denne listen, men er alts\u00e5 \u00e5rets mest solgte barnebok! Danske Jakob Martin Strid er norske barns store favoritt.\" class=\"_image_qp4xg_65 layout-component layout-normal\" data-fullscreen- data-track-element-type=\"Article image fullscreen\" data-track-name=\"ImageFullscreen\" decoding=\"async\" loading=\"lazy\" height=\"1668\" itemprop=\"image\"  src=\"https:\/\/www.europesays.com\/no\/wp-content\/uploads\/2025\/12\/6fbc0d2c-0e76-4c87-b083-fc421f9b4aba\"  style=\"object-position:0% 0%\" width=\"2500\"\/>\u00abDen fantastiske bussen\u00bb ligger nederst p\u00e5 denne listen, men er alts\u00e5 \u00e5rets mest solgte barnebok! Danske Jakob Martin Strid er norske barns store favoritt.<\/p>\n<p class=\"_paragraph_o9xde_4 _paragraph_xtcu6_10 layout-component text-serif-m layout-normal text-serif-m layout-padded\">Kilde: Bokhandlerforeningen. Listen viser salgsvinnere uke 1\u201351.<\/p>\n<ol class=\"_list_o9xde_3 _list_xtcu6_9 _ordered_o9xde_79 layout-component text-serif-m layout-normal text-serif-m layout-padded\">\n<li class=\"_item_o9xde_30\"> Eyvind Hellstr\u00f8m: \u00abGrunnboka\u00bb <\/li>\n<li class=\"_item_o9xde_30\"> \u00c5sne Seierstad: <a href=\"https:\/\/www.vg.no\/rampelys\/i\/o34n5V\/aarets-viktigste-bok\" data-track-element-type=\"Link\" data-track-id=\"link:o34n5V\" class=\"_link_o9xde_39\" rel=\"nofollow noopener\" target=\"_blank\">\u00abUfred: Russland fra innsiden\u00bb<\/a><\/li>\n<li class=\"_item_o9xde_30\"> Martin Bech Holte: \u00abLandet som ble for rikt\u00bb<\/li>\n<li class=\"_item_o9xde_30\"> Jens Stoltenberg: <a href=\"https:\/\/www.vg.no\/rampelys\/i\/3MrOVA\/anmeldelse-ny-bok-av-jens-stoltenberg-min-vakt-overbevisende\" data-track-element-type=\"Link\" data-track-id=\"link:3MrOVA\" class=\"_link_o9xde_39\" rel=\"nofollow noopener\" target=\"_blank\">\u00abP\u00e5 min vakt\u00bb<\/a><\/li>\n<li class=\"_item_o9xde_30\"> Jo Nesb\u00f8:<a href=\"https:\/\/www.vg.no\/rampelys\/i\/eMXaby\/grotesk-og-pratsom-nesboe\" data-track-element-type=\"Link\" data-track-id=\"link:eMXaby\" class=\"_link_o9xde_39\" rel=\"nofollow noopener\" target=\"_blank\"> \u00abMinnesota\u00bb<\/a><\/li>\n<li class=\"_item_o9xde_30\"> Annette Dragland: \u00abHele deg\u00bb<\/li>\n<li class=\"_item_o9xde_30\"> J\u00f8rn Lier Horst: \u00abDen siste saken\u00bb<\/li>\n<li class=\"_item_o9xde_30\"> Annette L\u00f8no\/Torkil F\u00e6r\u00f8: \u00abVagusnerven\u00bb<\/li>\n<li class=\"_item_o9xde_30\"> Frode \u00d8verli: \u00abPondus\u00bb<\/li>\n<li class=\"_item_o9xde_30\"> Nikolai Torgersen:<a href=\"https:\/\/www.vg.no\/rampelys\/i\/W01qdg\/roesker-tak-i-deg\" data-track-element-type=\"Link\" data-track-id=\"link:W01qdg\" class=\"_link_o9xde_39\" rel=\"nofollow noopener\" target=\"_blank\"> \u00abGater jeg har levd\u00bb <\/a><\/li>\n<li class=\"_item_o9xde_30\"> \u00d8istein Monsen \/ Torgeir P. Krokfjord: \u00abHvite striper, sorte f\u00e5r\u00bb<\/li>\n<li class=\"_item_o9xde_30\"> Martin Bech Holte: \u00abAlternativt statsbudsjett\u00bb<\/li>\n<li class=\"_item_o9xde_30\"> Ingvar Ambj\u00f8rnsen: <a href=\"https:\/\/www.vg.no\/rampelys\/i\/QMVOpP\/bokanmeldelse-ingvar-ambjoernsen-sorgen-i-st-peter-ording\" data-track-element-type=\"Link\" data-track-id=\"link:QMVOpP\" class=\"_link_o9xde_39\" rel=\"nofollow noopener\" target=\"_blank\">\u00abSorgen i St. Peter Ording\u00bb <\/a><\/li>\n<li class=\"_item_o9xde_30\"> Lars Mytting: \u00abHel ved II\u00bb<\/li>\n<li class=\"_item_o9xde_30\"> Jakob Martin Strid: <a href=\"https:\/\/www.vg.no\/rampelys\/i\/3Mg5KA\/visuell-nytelse-av-en-barnebok\" data-track-element-type=\"Link\" data-track-id=\"link:3Mg5KA\" class=\"_link_o9xde_39\" rel=\"nofollow noopener\" target=\"_blank\">\u00abDen fantastiske bussen\u00bb<\/a><\/li>\n<\/ol>\n<p>Les ogs\u00e5<\/p>\n","protected":false},"excerpt":{"rendered":"Her er listen over \u00e5rets mest solgte b\u00f8ker i 2025: Eyvind Hellstr\u00f8m og \u00c5sne Seierstad knuser alle. Millionene&hellip;\n","protected":false},"author":2,"featured_media":120704,"comment_status":"","ping_status":"","sticky":false,"template":"","format":"standard","meta":{"footnotes":""},"categories":[5],"tags":[9939,150,20,21,4528,24,25,15,19,22,23,152,17,18,13,30,28,29,14,16,3423,26,27],"class_list":{"0":"post-120703","1":"post","2":"type-post","3":"status-publish","4":"format-standard","5":"has-post-thumbnail","7":"category-overskrifter","8":"tag-asne-seierstad","9":"tag-bok","10":"tag-breaking-news","11":"tag-breakingnews","12":"tag-eyvind-hellstrom","13":"tag-featured-news","14":"tag-featurednews","15":"tag-headlines","16":"tag-hovedoppslag","17":"tag-latest-news","18":"tag-latestnews","19":"tag-litteratur","20":"tag-main-news","21":"tag-mainnews","22":"tag-news","23":"tag-no","24":"tag-norge","25":"tag-norway","26":"tag-nyheter","27":"tag-overskrifter","28":"tag-sakprosa","29":"tag-top-stories","30":"tag-topstories"},"share_on_mastodon":{"url":"https:\/\/pubeurope.com\/@no\/115771083930200029","error":""},"_links":{"self":[{"href":"https:\/\/www.europesays.com\/no\/wp-json\/wp\/v2\/posts\/120703","targetHints":{"allow":["GET"]}}],"collection":[{"href":"https:\/\/www.europesays.com\/no\/wp-json\/wp\/v2\/posts"}],"about":[{"href":"https:\/\/www.europesays.com\/no\/wp-json\/wp\/v2\/types\/post"}],"author":[{"embeddable":true,"href":"https:\/\/www.europesays.com\/no\/wp-json\/wp\/v2\/users\/2"}],"replies":[{"embeddable":true,"href":"https:\/\/www.europesays.com\/no\/wp-json\/wp\/v2\/comments?post=120703"}],"version-history":[{"count":0,"href":"https:\/\/www.europesays.com\/no\/wp-json\/wp\/v2\/posts\/120703\/revisions"}],"wp:featuredmedia":[{"embeddable":true,"href":"https:\/\/www.europesays.com\/no\/wp-json\/wp\/v2\/media\/120704"}],"wp:attachment":[{"href":"https:\/\/www.europesays.com\/no\/wp-json\/wp\/v2\/media?parent=120703"}],"wp:term":[{"taxonomy":"category","embeddable":true,"href":"https:\/\/www.europesays.com\/no\/wp-json\/wp\/v2\/categories?post=120703"},{"taxonomy":"post_tag","embeddable":true,"href":"https:\/\/www.europesays.com\/no\/wp-json\/wp\/v2\/tags?post=120703"}],"curies":[{"name":"wp","href":"https:\/\/api.w.org\/{rel}","templated":true}]}}