{"id":120707,"date":"2025-12-23T21:57:07","date_gmt":"2025-12-23T21:57:07","guid":{"rendered":"https:\/\/www.europesays.com\/no\/120707\/"},"modified":"2025-12-23T21:57:07","modified_gmt":"2025-12-23T21:57:07","slug":"det-danske-postvesenet-slutter-med-brevpost-etter-400-ar-nrk-urix-utenriksnyheter-og-dokumentarer","status":"publish","type":"post","link":"https:\/\/www.europesays.com\/no\/120707\/","title":{"rendered":"Det danske postvesenet slutter med brevpost etter 400 \u00e5r \u2013 NRK Urix \u2013 Utenriksnyheter og -dokumentarer"},"content":{"rendered":"<p>Saken oppsummert<\/p>\n<ul>\n<li>Det danske postvesenet slutter \u00e5 levere brev etter 30. desember 2025, etter \u00e5 ha levert brev siden 1624.<\/li>\n<li>PostNord Danmark kutter 1500 stillinger som f\u00f8lge av nedgangen i brevpost, mens 700 ansatte f\u00e5r tilbud om andre stillinger.<\/li>\n<li>Brevlevering vil i fremtiden h\u00e5ndteres av private akt\u00f8rer. Oppgaven med \u00e5 ta imot post fra utlandet er blitt lagt ut p\u00e5 anbud.<\/li>\n<li>Posten i Norge sa i mars at de ikke vil slutte med brevlevering.<\/li>\n<\/ul>\n<p>Oppsummeringen er laget av en KI-tjeneste fra OpenAI. Innholdet er kvalitetssikret av NRKs journalister f\u00f8r publisering.<\/p>\n<p>Siden 1624 har det danske postvesenet hatt oppgaven med \u00e5 levere brevpost til inn- og utland.<\/p>\n<p><strong>Men etter 30. desember er det ikke lenger mulig \u00e5 sende brev med PostNord i Danmark.<\/strong><\/p>\n<p>De klassiske r\u00f8de postkassene forsvinner ogs\u00e5 fra byene i hele landet. Dermed f\u00e5r ikke danskene lenger sendt ut julekort (eller nytt\u00e5rskort?) med PostNord.<\/p>\n<p>Kutter 1500 stillinger<\/p>\n<p>Beslutningen ble tatt allerede i v\u00e5r. PostNord sier det kommer av at det sendes stadig f\u00e6rre brev ettersom verden blir mer digital.<\/p>\n<p>\u2013 Derfor slutter PostNord i Danmark \u00e5 levere brev fra 2026 for \u00e5 fokusere p\u00e5 \u00e5 v\u00e6re danskenes foretrukne pakkeleverand\u00f8r, het det i en pressemelding i mars, skrev <a href=\"https:\/\/www.dr.dk\/nyheder\/indland\/ved-aarsskiftet-slutter-400-aars-historie-naar-postnord-leverer-sit-sidste-brev\" ec-id=\"https:\/\/www.dr.dk\/nyheder\/indland\/ved-aarsskiftet-slutter-400-aars-historie-naar-postnord-leverer-sit-sidste-brev\" ec-name=\"Danmarks Radio\" rel=\"nofollow noopener\" target=\"_blank\">Danmarks Radio<\/a> (DR).<\/p>\n<p><strong>Brevstoppen ber\u00f8rer 2200 ansatte, hvorav 700 vil f\u00e5 tilbud om andre stillinger. Dermed kuttes 1500 stillinger i PostNord Danmark, if\u00f8lge DR.<\/strong><\/p>\n<p><img decoding=\"async\"   src=\"data:image\/gif;base64,R0lGODlhAQABAIAAAAAAAP\/\/\/yH5BAEAAAAALAAAAAABAAEAAAIBRAA7\" loading=\"eager\" alt=\"En ansatt sorterer pakker ved et postkontor. I forgrunnen st\u00e5r en rekke gule postkasser med tydelig p\u00e5skrift &quot;POST&quot;. Bakgrunnen viser flere hyller med pakker og post. Arbeideren har p\u00e5 seg arbeidskl\u00e6r og holder i en pakke. (Bildebeskrivelsen er laget av en KI-tjeneste)\" title=\"Foto: MADS CLAUS RASMUSSEN \/ AFP \/ NTB\"\/><\/p>\n<p class=\"\">PostNord kutter 1500 stillinger n\u00e5r de slutter med brevpost, if\u00f8lge Danmarks Radio.<\/p>\n<p>Foto: MADS CLAUS RASMUSSEN \/ AFP \/ NTB<\/p>\n<p>\u2013 For at vi skal kunne skape en b\u00e6rekraftig virksomhet, er vi n\u00f8dt til \u00e5 tilpasse oss, og det medf\u00f8rer dessverre en tung beslutning om \u00e5 si farvel til en del av v\u00e5re kolleger, sa administrerende direkt\u00f8r i PostNord Danmark, Kim Pedersen, if\u00f8lge DR.<\/p>\n<p>Selv om det offisielle danske postvesenet slutter med brevpost, kan man fortsatt sende og motta brev i Danmark.<\/p>\n<p>Selskapet Dao fortsetter med brevlevering, mens oppgaven med \u00e5 ta imot post fra utlandet er blitt lagt ut p\u00e5 anbud, skrev<a href=\"https:\/\/www.dr.dk\/nyheder\/penge\/det-sker-der-med-din-post-naar-postnord-stopper-med-dele-breve-ud\" ec-id=\"https:\/\/www.dr.dk\/nyheder\/penge\/det-sker-der-med-din-post-naar-postnord-stopper-med-dele-breve-ud\" ec-name=\"DR\" rel=\"nofollow noopener\" target=\"_blank\">DR<\/a>.<\/p>\n<p>Slutter ikke i Norge<\/p>\n<p>Da det danske postvesenet begynte \u00e5 levere brev i 1624, var Norge fortsatt underlagt Danmark.<\/p>\n<p><strong>Vi er for lengst l\u00f8srevet fra v\u00e5r nabo over Skagerrak \u2013 og Posten i Norge f\u00f8lger ikke danskenes eksempel.<\/strong><\/p>\n<p><img decoding=\"async\"   src=\"data:image\/gif;base64,R0lGODlhAQABAIAAAAAAAP\/\/\/yH5BAEAAAAALAAAAAABAAEAAAIBRAA7\" loading=\"eager\" alt=\"Mottak og sortering av brev opp til to kilo p\u00e5 Postens \u00d8stlandsterminal p\u00e5 L\u00f8renskog.\" title=\"Foto: Gorm Kallestad \/ NTB\"\/><\/p>\n<p class=\"\">Posten i Norge fortsetter med sin brevtjeneste.<\/p>\n<p>Foto: Gorm Kallestad \/ NTB<\/p>\n<p>I mars i \u00e5r sa Posten nemlig at de <a href=\"https:\/\/www.nrk.no\/nyheter\/1.17328081\" ec-id=\"pp:article:1.17328081\" ec-name=\"ikke vil slutte \u00e5 levere brev\" rel=\"nofollow noopener\" target=\"_blank\">ikke vil slutte \u00e5 levere brev<\/a>, etter at samferdselsminister Jon-Ivar Nyg\u00e5rd (Ap) satte ned et utvalgt til \u00e5 se p\u00e5 fremtidens posttjeneste.<\/p>\n<p>Etter at Postutvalget avla rapport, besluttet regjeringen <a href=\"https:\/\/www.regjeringen.no\/no\/aktuelt\/regjeringen-vil-sikre-postlevering-til-postkassa\/id3098069\/\" ec-id=\"https:\/\/www.regjeringen.no\/no\/aktuelt\/regjeringen-vil-sikre-postlevering-til-postkassa\/id3098069\/\" ec-name=\"\u00e5 beholde levering til postkasse\" rel=\"nofollow noopener\" target=\"_blank\">\u00e5 beholde levering til postkasse<\/a>, og vil sikre alle innbyggere utlevering av post \u00e9n gang i uken.<\/p>\n<p>Et forslag til ny postlov er n\u00e5 <a href=\"https:\/\/www.regjeringen.no\/no\/dokumenter\/horing-forslag-til-ny-postlov\/id3136297\/?expand=horingsbrev\" ec-id=\"https:\/\/www.regjeringen.no\/no\/dokumenter\/horing-forslag-til-ny-postlov\/id3136297\/\" ec-name=\"p\u00e5 h\u00f8ring\" rel=\"nofollow noopener\" target=\"_blank\">p\u00e5 h\u00f8ring<\/a>. I lovforslaget er det gjort tydelig at \u00e5 kunne sende og f\u00e5 levert post er en rettighet.<\/p>\n<p>Publisert<\/p>\n<p>23.12.2025, kl. 22.24<\/p>\n<p>Oppdatert<\/p>\n<p>23.12.2025, kl. 22.31<\/p>\n","protected":false},"excerpt":{"rendered":"Saken oppsummert Det danske postvesenet slutter \u00e5 levere brev etter 30. desember 2025, etter \u00e5 ha levert brev&hellip;\n","protected":false},"author":2,"featured_media":120708,"comment_status":"","ping_status":"","sticky":false,"template":"","format":"standard","meta":{"footnotes":""},"categories":[10],"tags":[20,21,24,25,15,22,23,13,30,28,29,14,16,26,27],"class_list":{"0":"post-120707","1":"post","2":"type-post","3":"status-publish","4":"format-standard","5":"has-post-thumbnail","7":"category-norge","8":"tag-breaking-news","9":"tag-breakingnews","10":"tag-featured-news","11":"tag-featurednews","12":"tag-headlines","13":"tag-latest-news","14":"tag-latestnews","15":"tag-news","16":"tag-no","17":"tag-norge","18":"tag-norway","19":"tag-nyheter","20":"tag-overskrifter","21":"tag-top-stories","22":"tag-topstories"},"share_on_mastodon":{"url":"https:\/\/pubeurope.com\/@no\/115771122959060771","error":""},"_links":{"self":[{"href":"https:\/\/www.europesays.com\/no\/wp-json\/wp\/v2\/posts\/120707","targetHints":{"allow":["GET"]}}],"collection":[{"href":"https:\/\/www.europesays.com\/no\/wp-json\/wp\/v2\/posts"}],"about":[{"href":"https:\/\/www.europesays.com\/no\/wp-json\/wp\/v2\/types\/post"}],"author":[{"embeddable":true,"href":"https:\/\/www.europesays.com\/no\/wp-json\/wp\/v2\/users\/2"}],"replies":[{"embeddable":true,"href":"https:\/\/www.europesays.com\/no\/wp-json\/wp\/v2\/comments?post=120707"}],"version-history":[{"count":0,"href":"https:\/\/www.europesays.com\/no\/wp-json\/wp\/v2\/posts\/120707\/revisions"}],"wp:featuredmedia":[{"embeddable":true,"href":"https:\/\/www.europesays.com\/no\/wp-json\/wp\/v2\/media\/120708"}],"wp:attachment":[{"href":"https:\/\/www.europesays.com\/no\/wp-json\/wp\/v2\/media?parent=120707"}],"wp:term":[{"taxonomy":"category","embeddable":true,"href":"https:\/\/www.europesays.com\/no\/wp-json\/wp\/v2\/categories?post=120707"},{"taxonomy":"post_tag","embeddable":true,"href":"https:\/\/www.europesays.com\/no\/wp-json\/wp\/v2\/tags?post=120707"}],"curies":[{"name":"wp","href":"https:\/\/api.w.org\/{rel}","templated":true}]}}