{"id":120711,"date":"2025-12-23T22:04:09","date_gmt":"2025-12-23T22:04:09","guid":{"rendered":"https:\/\/www.europesays.com\/no\/120711\/"},"modified":"2025-12-23T22:04:09","modified_gmt":"2025-12-23T22:04:09","slug":"mesterbakeren-bergen-tilbakekaller-ytterligere-tre-produkter-pa-vestlandet","status":"publish","type":"post","link":"https:\/\/www.europesays.com\/no\/120711\/","title":{"rendered":"Mesterbakeren Bergen tilbakekaller ytterligere tre produkter p\u00e5 Vestlandet"},"content":{"rendered":"\n<p class=\"_lead_o9xde_2 _lead_xtcu6_50 layout-component text-serif-m layout-normal text-serif-l layout-component layout-wide layout-padded _wide_17hqh_1 layout-padded\">Mesterbakeren Bergen tilbakekalte flere br\u00f8d og rundstykker tirsdag formiddag. Tirsdag kveld tilbakekalles ytterligere tre produkter.<\/p>\n<p><img alt=\" Foto: Mesterbakeren \/ Handout \/ NTB\" class=\"_image_qp4xg_65 layout-component layout-wide\" data-fullscreen- data-track-element-type=\"Article image fullscreen\" data-track-name=\"ImageFullscreen\" fetchpriority=\"high\" decoding=\"sync\" loading=\"eager\" height=\"3951\" itemprop=\"image\"  src=\"https:\/\/www.europesays.com\/no\/wp-content\/uploads\/2025\/12\/cb9c4acb-b96d-4e4b-90ad-15c921e0722c\"  style=\"object-position:0% 0%\" width=\"2635\"\/> Foto: Mesterbakeren \/ Handout \/ NTB<\/p>\n<ul aria-hidden=\"true\" class=\"_images_ntbth_112\">\n<li><a class=\"_link_ntbth_117\" href=\"https:\/\/www.vg.no\/forfatter\/ntb\" style=\"z-index:1\" title=\"NTB\" rel=\"nofollow noopener\" target=\"_blank\"><img alt=\"Bilde av NTB\" class=\"_image_ntbth_93\" fetchpriority=\"low\" loading=\"lazy\" decoding=\"async\" itemprop=\"image\"  src=\"https:\/\/www.europesays.com\/no\/wp-content\/uploads\/2025\/12\/1766527449_144_c33980b0-5d07-4027-84a1-813f90a7c8d6\"  width=\"480\"\/><\/a><\/li>\n<\/ul>\n<p> Oppdatert tirsdag 23. desember kl. 22:11     <\/p>\n<p class=\"_paragraph_o9xde_4 _paragraph_xtcu6_10 layout-component text-serif-m layout-normal text-serif-m layout-padded\">\u2013 Mesterbakeren Bergen tilbakekaller ytterligere tre produkter for \u00e5 v\u00e6re f\u00f8re var. Et annet melprodukt kan if\u00f8lge melleverand\u00f8ren v\u00e6re omfattet av produksjonsfeil, opplyser Mesterbakeren i en pressemelding.<\/p>\n<p class=\"_paragraph_o9xde_4 _paragraph_xtcu6_10 layout-component text-serif-m layout-normal text-serif-m layout-padded\"><a href=\"https:\/\/www.vg.no\/i\/zOG0vv\" data-track-element-type=\"Link\" data-track-id=\"link:zOG0vv\" class=\"_link_o9xde_39\" rel=\"nofollow noopener\" target=\"_blank\">Tirsdag formiddag ble flere br\u00f8d og rundstykker tilbakekalt,<\/a> tirsdag kveld er ytterligere tre produkter ogs\u00e5 lagt til p\u00e5 listen.<\/p>\n<p class=\"_paragraph_o9xde_4 _paragraph_xtcu6_10 layout-component text-serif-m layout-normal text-serif-m layout-padded\">Det gjelder enkelte bakverk kj\u00f8pt 18. til 23. desember.<\/p>\n<p class=\"_paragraph_o9xde_4 _paragraph_xtcu6_10 layout-component text-serif-m layout-normal text-serif-m layout-padded\">Tilbakekallingen gjelder produkter som inneholder sammalt hvete mellomgrov og rug sammalt fin. Dette melet kommer fra en produksjon som kan inneholde metallbiter fra en skadet melsikt.<\/p>\n<p class=\"_paragraph_o9xde_4 _paragraph_xtcu6_10 layout-component text-serif-m layout-normal text-serif-m layout-padded\">Alle de tilbakekalte produktene er solgt i Rema 1000-butikker i tidligere Hordaland fylke og \u00c5rdalstangen.<\/p>\n<p class=\"font-weight-semi-bold color-accent label-medium _label_16v91_20\">Tilbakekallingen gjelder f\u00f8lgende produkter<\/p>\n<p class=\"_paragraph_o9xde_4 _paragraph_xtcu6_10 _paragraph_16v91_10 layout-component text-serif-m layout-normal text-sans-m layout-padded\">H\u00e5ndverk Dansk rugbr\u00f8d, H\u00e5ndverk Solsikkebr\u00f8d, H\u00e5ndverk Fr\u00f8 og Kjernebr\u00f8d, H\u00e5ndverk Grovbr\u00f8d sammenbakt, H\u00e5ndverk Kneipp steinovnsbakt, H\u00e5ndverk Gourmetbr\u00f8d grov, H\u00e5ndverk Fullkornsbr\u00f8d, H\u00e5ndverk Grov rustikk, Grovt og Godt grovbr\u00f8d oppsk\u00e5ret (ferskt), R Superhelt grovbr\u00f8d oppsk\u00e5ret (ferskt), Prima kneipp, Brannbr\u00f8d, Fr\u00f8 og kjernestykker 2 pk., Kneipp rundstykker 3 pk., Korn frokoststykke (l\u00f8s), R-Heltebr\u00f8d, R-Grovt hverdagsbr\u00f8d og Grovt &amp; Godt hvete fullkorn.<\/p>\n<p>Vis mer    <\/p>\n","protected":false},"excerpt":{"rendered":"Mesterbakeren Bergen tilbakekalte flere br\u00f8d og rundstykker tirsdag formiddag. Tirsdag kveld tilbakekalles ytterligere tre produkter. Foto: Mesterbakeren \/&hellip;\n","protected":false},"author":2,"featured_media":120712,"comment_status":"","ping_status":"","sticky":false,"template":"","format":"standard","meta":{"footnotes":""},"categories":[10],"tags":[20,21,24,25,15,22,23,13,30,28,29,14,16,26,27],"class_list":{"0":"post-120711","1":"post","2":"type-post","3":"status-publish","4":"format-standard","5":"has-post-thumbnail","7":"category-norge","8":"tag-breaking-news","9":"tag-breakingnews","10":"tag-featured-news","11":"tag-featurednews","12":"tag-headlines","13":"tag-latest-news","14":"tag-latestnews","15":"tag-news","16":"tag-no","17":"tag-norge","18":"tag-norway","19":"tag-nyheter","20":"tag-overskrifter","21":"tag-top-stories","22":"tag-topstories"},"share_on_mastodon":{"url":"https:\/\/pubeurope.com\/@no\/115771150595484008","error":""},"_links":{"self":[{"href":"https:\/\/www.europesays.com\/no\/wp-json\/wp\/v2\/posts\/120711","targetHints":{"allow":["GET"]}}],"collection":[{"href":"https:\/\/www.europesays.com\/no\/wp-json\/wp\/v2\/posts"}],"about":[{"href":"https:\/\/www.europesays.com\/no\/wp-json\/wp\/v2\/types\/post"}],"author":[{"embeddable":true,"href":"https:\/\/www.europesays.com\/no\/wp-json\/wp\/v2\/users\/2"}],"replies":[{"embeddable":true,"href":"https:\/\/www.europesays.com\/no\/wp-json\/wp\/v2\/comments?post=120711"}],"version-history":[{"count":0,"href":"https:\/\/www.europesays.com\/no\/wp-json\/wp\/v2\/posts\/120711\/revisions"}],"wp:featuredmedia":[{"embeddable":true,"href":"https:\/\/www.europesays.com\/no\/wp-json\/wp\/v2\/media\/120712"}],"wp:attachment":[{"href":"https:\/\/www.europesays.com\/no\/wp-json\/wp\/v2\/media?parent=120711"}],"wp:term":[{"taxonomy":"category","embeddable":true,"href":"https:\/\/www.europesays.com\/no\/wp-json\/wp\/v2\/categories?post=120711"},{"taxonomy":"post_tag","embeddable":true,"href":"https:\/\/www.europesays.com\/no\/wp-json\/wp\/v2\/tags?post=120711"}],"curies":[{"name":"wp","href":"https:\/\/api.w.org\/{rel}","templated":true}]}}