{"id":120713,"date":"2025-12-23T22:05:14","date_gmt":"2025-12-23T22:05:14","guid":{"rendered":"https:\/\/www.europesays.com\/no\/120713\/"},"modified":"2025-12-23T22:05:14","modified_gmt":"2025-12-23T22:05:14","slug":"tillitsvalgte-reagerer-pa-nye-krav-til-sykemeldte","status":"publish","type":"post","link":"https:\/\/www.europesays.com\/no\/120713\/","title":{"rendered":"Tillitsvalgte reagerer p\u00e5 nye krav til sykemeldte"},"content":{"rendered":"<p class=\"byline\">Anne Siri Ren\u00e5<\/p>\n<p class=\"epost\">anne.siri@lomedia.no<\/p>\n<p class=\"byline\">Ragnhild Heyerdahl<\/p>\n<p class=\"epost\">ragnhild@lomedia.no<\/p>\n<p class=\"tekst\">Sykefrav\u00e6ret skal ned, har regjeringen bestemt.<\/p>\n<p class=\"tekst\">For \u00e5 f\u00e5 til det, <a target=\"_blank\" rel=\"noopener nofollow\" href=\"https:\/\/frifagbevegelse.no\/loaktuelt\/vil-stille-strengere-krav-til-sykemeldte-6.158.1182279.a100e22c2d\">vil regjeringen stille strengere krav<\/a> for \u00e5 f\u00e5 sykemeldte arbeidstakere raskere tilbake p\u00e5 jobb. <\/p>\n<p class=\"tekst\">Dersom den ansatte ikke oppfyller medvirknings- eller aktivitetsplikten, stanses utbetalingen av sykepenger, heter det i lovforslaget.<\/p>\n<p class=\"tekst\">Medvirkningsplikten inneb\u00e6rer blant annet at en ansatt har plikt til \u00e5 ha dialog med arbeidsgiver, og til \u00e5 pr\u00f8ve ut tilretteleggingstiltak som arbeidsgiver foresl\u00e5r.<\/p>\n<p class=\"mellomtittel\">Kan bli sovepute for arbeidsgiver<\/p>\n<p class=\"tekst\">Laila Irene Alvestad er hovedtillitsvalgt i \u00c5lesund kommune for Fagforbundet. <\/p>\n<p class=\"tekst\">\u2013 Jeg er sv\u00e6rt kritisk til at utbetaling av sykepenger kan stanses p\u00e5 denne m\u00e5ten, sier hun.<\/p>\n<p class=\"tekst\">Alvestad er redd det kan bli en sovepute for arbeidsgivere og mener det ogs\u00e5 m\u00e5 stilles strengere krav til dem i et nytt regelverk.<\/p>\n<p class=\"tekst\">Arbeidsgiver har mulighet til \u00e5 bestride sykemeldinger som er gitt av legen. Det kan skje n\u00e5r arbeidsgiver tviler p\u00e5 grunnlaget for sykemeldingen. <\/p>\n<p class=\"tekst\">Som tillitsvalgt har Alvestad flere erfaringer med bestridelser av sykemeldinger. <\/p>\n<p class=\"tekst\">\u2013 Noen bestridelser har kommet f\u00f8r arbeidsgiver i det hele tatt har oppfylt sin del av aktivitetsplikten, hevder hun. <\/p>\n<p><img decoding=\"async\" class=\"Image Image_\" src=\"\" data-aghref=\"http:\/\/frifagbevegelse.no\/image-3.634345.155990.20251223105454.1.65f27b47fe\" data-agimagetype=\"hardcrop\" alt=\"Laila Irene Alvestad er hovedtillitsvalgt for Fagforbundet i \u00c5lesund kommune.\"\/><\/p>\n<p class=\"Caption\">Laila Irene Alvestad er hovedtillitsvalgt for Fagforbundet i \u00c5lesund kommune.<\/p>\n<p class=\"Source\">Privat<\/p>\n<p class=\"tekst\">Lovverket sier at en konflikt p\u00e5 arbeidsplassen i seg selv ikke gir rett p\u00e5 sykemelding. <\/p>\n<p class=\"tekst\">Alvestad p\u00e5peker at ansatte likevel kan bli syke som f\u00f8lge arbeidskonflikter, og at de dermed blir sykemeldte. <\/p>\n<p class=\"tekst\">\u2013 I s\u00e5nne tilfeller m\u00e5 arbeidsgiver inn og pr\u00f8ve \u00e5 l\u00f8se situasjonen f\u00f8r de avviser en sykemelding som f\u00f8lge av konflikt. Jeg har opplevd at det ikke alltid skjer, fortsetter Alvestad.<\/p>\n<p class=\"tekst\">Hun mener det m\u00e5 stilles krav til saklighet og dokumentasjon fra arbeidsgiver n\u00e5r det besluttes \u00e5 ikke betale ut sykepenger.<\/p>\n<p class=\"mellomtittel\">Ny avtale<\/p>\n<p class=\"tekst\">I den nye IA-avtalen om inkluderende arbeidsliv, ble LO, NHO og de andre partene i arbeidslivet tidlig i 2025 enige om ulike tiltak for \u00e5 f\u00e5 ned sykefrav\u00e6ret.<\/p>\n<p class=\"tekst\">Noe av det de ble enige om, var at b\u00e5de arbeidsgivers og arbeidstakers plikter ved sykefrav\u00e6r m\u00e5 gj\u00f8res tydeligere.<\/p>\n<p class=\"tekst\">Det er dette punktet i IA-avtalen regjeringen n\u00e5 f\u00f8lger opp.<\/p>\n<p class=\"tekst\"><a target=\"_blank\" rel=\"noopener nofollow\" href=\"chrome-extension:\/\/efaidnbmnnnibpcajpcglclefindmkaj\/https:\/\/www.regjeringen.no\/contentassets\/923a6db504cc491ab09474e610bbd9ac\/horingsnotat-om-endringer-i-arbeidsmiljoloven-og-folketrygdloven.pdf\">Regjeringen foresl\u00e5r en rekke endringer<\/a> i b\u00e5de folketrygdloven og arbeidsmilj\u00f8loven.<\/p>\n<p class=\"mellomtittel\">Skjerper kravene<\/p>\n<p class=\"tekst\">En arbeidstaker som er sykmeldt, har en plikt til \u00e5 bidra til \u00e5 komme tilbake i jobb igjen. Det kalles medvirkningsplikten.<\/p>\n<p class=\"tekst\">Regjeringen vil skjerpe denne plikten, og gj\u00f8re det tydeligere hvilke krav som stilles til den sykemeldte. <\/p>\n<p class=\"tekst\">Regjeringen foresl\u00e5r flere krav for arbeidstakerne. Ett av dem er at du for en periode m\u00e5 gj\u00f8re annet arbeid enn det som st\u00e5r i arbeidsavtalen<\/p>\n<p class=\"mellomtittel\">Regjeringen ser utfordringen<\/p>\n<p class=\"tekst\">En utvidelse av medvirkningsplikten kan f\u00f8re til \u00f8kt press fra arbeidsgiver om \u00e5 v\u00e6re i arbeid til tross for nedsatt funksjonsevne. <\/p>\n<p class=\"tekst\">Dette er noe Arbeids- og inkluderingsdepartementet selv peker p\u00e5 i notatet som n\u00e5 er ute p\u00e5 h\u00f8ring.<\/p>\n<p class=\"tekst\">Departementet mener det kan v\u00e6re bra hvis det hjelper den sykemeldte tilbake i jobb, men de skriver ogs\u00e5 at det kan forlenge sykefrav\u00e6ret og skape \u00f8kt konfliktniv\u00e5 p\u00e5 arbeidsplasser som har problemer med arbeidsmilj\u00f8et. <\/p>\n<p class=\"mellomtittel\">Trenger ikke nytt avtaleverk<\/p>\n<p class=\"tekst\">\u00c5se-Kari Kobbersletten er nestleder i Fellesorganisasjonen (FO) i Innlandet.<\/p>\n<p class=\"tekst\">Hun mener eksisterende regelverk og avtaleverk er godt nok for \u00e5 f\u00e5 ned sykefrav\u00e6ret. Dagens regelverk er bare for lite kommunisert, kommenterer hun. <\/p>\n<p class=\"tekst\">\u2013 Sykemeldte har allerede plikt til \u00e5 medvirke i egen sak og de m\u00e5 allerede opplyse om forhold som gj\u00f8r tilrettelegging mulig. Det eneste dette forslaget f\u00f8rer til, er \u00e5 stigmatisere syke og egentlig feilframstille dagens situasjon.<\/p>\n<p><img decoding=\"async\" class=\"Image Image_\" src=\"\" data-aghref=\"http:\/\/frifagbevegelse.no\/image-3.619110.155990.20251223105454.1.2aaab6abab\" data-agimagetype=\"hardcrop\" alt=\"\u00c5se-Kari Kobbersletten er nestleder i Fellesorganisasjonen (FO) i Innlandet. \"\/><\/p>\n<p class=\"Caption\">\u00c5se-Kari Kobbersletten er nestleder i Fellesorganisasjonen (FO) i Innlandet. <\/p>\n<p class=\"Source\">Simen Aker Grimsrud<\/p>\n<p class=\"tekst\">Kobbersletten mener at en stor del av ansvaret ligger hos arbeidsgiver. Tillitsvalgte ser likevel til stadighet at tilretteleggingen er for d\u00e5rlig, hevder hun. <\/p>\n<p class=\"tekst\">\u2013 Arbeidsgiver er n\u00f8dt til \u00e5 bist\u00e5 de som har helseproblemer enda mer. Det kan v\u00e6re ved \u00e5 justere arbeidstid, endre oppgaver, eller \u00e5 tilby n\u00f8dvendig utstyr, sier hun.  <\/p>\n<p class=\"tekst\">\u2013 Hvis de vil bruke folk, s\u00e5 m\u00e5 ta de vare p\u00e5 dem, understreker Kobbersletten. <\/p>\n<p class=\"mellomtittel\">M\u00e5 kjenne reglene som finnes\u00a0<\/p>\n<p class=\"tekst\">\u2013 Jeg har ikke oppdaget noen svakheter som gj\u00f8r at lovverket m\u00e5 skjerpes for \u00e5 f\u00e5 ansatte til \u00e5 m\u00f8te p\u00e5 jobb, sier Frank Tommy Noem.<\/p>\n<p class=\"tekst\">Han er nestleder for Handel og Kontor (HK) i Byggmaker Handel AS.<\/p>\n<p class=\"tekst\">Frank Tommy Noem tror at syke abeidstakere som kan st\u00e5 litt i arbeid, kommer raskere tilbake. <\/p>\n<p class=\"tekst\">Ansatte og ledelse m\u00e5 bli flinkere til \u00e5 finne ut hvilket arbeid ansatte kan gj\u00f8re til tross for sykemeldingen, s\u00e5kalt restarbeidsevne. <\/p>\n<p class=\"tekst\">Og begge parter m\u00e5 kjenne sine plikter, mener han.<\/p>\n<p class=\"tekst\">\u2013 En utfordring er at arbeidsgiver ikke har rett til \u00e5 vite grunnen til sykemeldingen. Noen ganger er det bra. Men har du for eksempel et brudd i h\u00e5nda, kan du kanskje bruke den andre h\u00e5nda til noe, p\u00e5peker han. <\/p>\n<p class=\"tekst\">Noem peker blant annet p\u00e5 <a target=\"_blank\" rel=\"noopener nofollow\" href=\"https:\/\/www.fellestiltakene.org\/\">Fellestiltakene<\/a> mellom LO og arbeidsgiverorganisasjonen Virke, som skal styrke samarbeidet mellom ledere og tillitsvalgte. <\/p>\n<p><img decoding=\"async\" class=\"Image Image_\" src=\"\" data-aghref=\"http:\/\/frifagbevegelse.no\/image-3.634203.155990.20251223105454.1.77dbd2251e\" data-agimagetype=\"hardcrop\" alt=\"Frank Tommy Noem er nestleder for Handel og Kontor (HK) i Byggmaker Handel AS.\"\/><\/p>\n<p class=\"Caption\">Frank Tommy Noem er nestleder for Handel og Kontor (HK) i Byggmaker Handel AS.<\/p>\n<p class=\"Source\">Herman Bj\u00f8rnson Hagen<\/p>\n<p class=\"tekst\">Han tror enda flere enn i dag kan benytte seg av disse.<\/p>\n<p class=\"mellomtittel\">Pr\u00f8v f\u00f8rst, ligg p\u00e5 sofaen etterp\u00e5<\/p>\n<p class=\"tekst\">Noem jobber p\u00e5 Byggmakker-lageret i Steinkjer i Tr\u00f8ndelag, en arbeidsplass med lavt sykefrav\u00e6r. Her er lagf\u00f8lelsen sterk, p\u00e5peker Noem. <\/p>\n<p class=\"tekst\">\u2013 Vi er \u00e5pne med hverandre. Her er det alltid positivt om du kommer p\u00e5 jobb, selv om du ikke kan bidra for fullt. Men ingen d\u00f8mmer deg om du m\u00e5 dra hjem igjen fordi du er for syk. <\/p>\n<p class=\"tekst\">Hvorfor \u00abvelger\u00bb folk \u00e5 v\u00e6re syk? Dette snakker Noem om n\u00e5r han m\u00f8ter tillitsvalgte ved andre Byggmakker-filialer. Pr\u00f8v f\u00f8rst, ligg p\u00e5 sofaen etterp\u00e5, er mantraet hans.<\/p>\n<p class=\"tekst\">\u2013 Dette handler om innstilling, og det krever ogs\u00e5 en del av ledelsen. Vi m\u00e5 bort med sjefene og inn med lederne. Der sjefen kommanderer og forventer, er lederen inkluderende og viser vei, sier Noem. <\/p>\n<p class=\"mellomtittel\">Vil gi regjeringen et grundig svar<\/p>\n<p class=\"tekst\">Henriette Jevnaker er LOs 1. nestleder. <\/p>\n<p class=\"tekst\">Hun sier saken er viktig for LO og medlemmene og at de skal gi regjeringen et grundig h\u00f8ringssvar. <\/p>\n<p class=\"tekst\">\u2013 Vi er glade for alle konstruktive forslag som kan bidra til \u00e5 redusere sykefrav\u00e6ret, sier Jevnaker. <\/p>\n<p class=\"tekst\">Hun understreker at LO var med \u00e5 forhandle fram den nye IA-avtalen, der medvirknings- og aktivitetsplikten er blitt tydeligere.<\/p>\n<p class=\"tekst\">\u2013 Det er positivt at det skal bli lettere \u00e5 forst\u00e5 hva som er forventninger og krav til den sykemeldte, og at arbeidsgiverne skal tilrettelegge for at ansatte kommer raskere tilbake til arbeid.<\/p>\n<p class=\"tekst\">\u2013 Skal dette bli vellykket, m\u00e5 det ligge forventninger hos begge partene ute p\u00e5 arbeidsplassen, fortsetter Jevnaker.<\/p>\n<p class=\"tekst\">Forslaget er ute p\u00e5 h\u00f8ring fram til midten av mars.<\/p>\n","protected":false},"excerpt":{"rendered":"Anne Siri Ren\u00e5 anne.siri@lomedia.no Ragnhild Heyerdahl ragnhild@lomedia.no Sykefrav\u00e6ret skal ned, har regjeringen bestemt. For \u00e5 f\u00e5 til det,&hellip;\n","protected":false},"author":2,"featured_media":120714,"comment_status":"","ping_status":"","sticky":false,"template":"","format":"standard","meta":{"footnotes":""},"categories":[5],"tags":[20,21,24,25,15,19,22,23,17,18,13,30,28,29,14,16,26,27],"class_list":{"0":"post-120713","1":"post","2":"type-post","3":"status-publish","4":"format-standard","5":"has-post-thumbnail","7":"category-overskrifter","8":"tag-breaking-news","9":"tag-breakingnews","10":"tag-featured-news","11":"tag-featurednews","12":"tag-headlines","13":"tag-hovedoppslag","14":"tag-latest-news","15":"tag-latestnews","16":"tag-main-news","17":"tag-mainnews","18":"tag-news","19":"tag-no","20":"tag-norge","21":"tag-norway","22":"tag-nyheter","23":"tag-overskrifter","24":"tag-top-stories","25":"tag-topstories"},"share_on_mastodon":{"url":"https:\/\/pubeurope.com\/@no\/115771154314528276","error":""},"_links":{"self":[{"href":"https:\/\/www.europesays.com\/no\/wp-json\/wp\/v2\/posts\/120713","targetHints":{"allow":["GET"]}}],"collection":[{"href":"https:\/\/www.europesays.com\/no\/wp-json\/wp\/v2\/posts"}],"about":[{"href":"https:\/\/www.europesays.com\/no\/wp-json\/wp\/v2\/types\/post"}],"author":[{"embeddable":true,"href":"https:\/\/www.europesays.com\/no\/wp-json\/wp\/v2\/users\/2"}],"replies":[{"embeddable":true,"href":"https:\/\/www.europesays.com\/no\/wp-json\/wp\/v2\/comments?post=120713"}],"version-history":[{"count":0,"href":"https:\/\/www.europesays.com\/no\/wp-json\/wp\/v2\/posts\/120713\/revisions"}],"wp:featuredmedia":[{"embeddable":true,"href":"https:\/\/www.europesays.com\/no\/wp-json\/wp\/v2\/media\/120714"}],"wp:attachment":[{"href":"https:\/\/www.europesays.com\/no\/wp-json\/wp\/v2\/media?parent=120713"}],"wp:term":[{"taxonomy":"category","embeddable":true,"href":"https:\/\/www.europesays.com\/no\/wp-json\/wp\/v2\/categories?post=120713"},{"taxonomy":"post_tag","embeddable":true,"href":"https:\/\/www.europesays.com\/no\/wp-json\/wp\/v2\/tags?post=120713"}],"curies":[{"name":"wp","href":"https:\/\/api.w.org\/{rel}","templated":true}]}}