{"id":120715,"date":"2025-12-23T22:10:08","date_gmt":"2025-12-23T22:10:08","guid":{"rendered":"https:\/\/www.europesays.com\/no\/120715\/"},"modified":"2025-12-23T22:10:08","modified_gmt":"2025-12-23T22:10:08","slug":"libya-tyrkia-tyrkia-mistet-kontakt-med-flyet-til-libyas-militaersjef","status":"publish","type":"post","link":"https:\/\/www.europesays.com\/no\/120715\/","title":{"rendered":"Libya, Tyrkia | Tyrkia: Mistet kontakt med flyet til Libyas milit\u00e6rsjef"},"content":{"rendered":"\n<p>Libyas forsvarssjef, Muhammed Ali Ahmed Al-Haddad, skal v\u00e6re d\u00f8d, etter at et privatfly som skulle frakte han hjem fra et statsbes\u00f8k i Tyrkia, styrtet like etter avgang tirsdag. Fire andre personer var ogs\u00e5 om bord i flyet.<\/p>\n<p>If\u00f8lge nyhetsbyr\u00e5et Reuters, bekrefter Libyas statsminister, Abdul Hamid Dbeibah, at han skal ha blitt informert om forsvarssjefens bortgang.<\/p>\n<p>\u2013 Vraket av flyet som tok av fra Ankara Esenbo\u011fa-flyplassen p\u00e5 vei til Tripoli er funnet 2 kilometer s\u00f8r for Kesikkavak-landsbyen i Haymana-distriktet, skriver Tyrkias innenriksminister Ali Yerlikaya p\u00e5 X.<\/p>\n<p>Yerlikaya bekreftet meldinger fra flere medier om at all kommunikasjon med privatflyet av typen Falcon 50 ble brutt etter at flyet tok av fra Ankaras Esenbo\u011fa-flyplass.<\/p>\n<p>If\u00f8lge <a href=\"https:\/\/www.independentarabia.com\/node\/638936\/%D8%A7%D9%84%D8%A3%D8%AE%D8%A8%D8%A7%D8%B1\/%D9%85%D8%B5%D8%B1%D8%B9-%D8%B1%D8%A6%D9%8A%D8%B3-%D8%A7%D9%84%D8%A3%D8%B1%D9%83%D8%A7%D9%86-%D8%A7%D9%84%D9%84%D9%8A%D8%A8%D9%8A-%D8%A8%D8%AD%D9%83%D9%88%D9%85%D8%A9-%D8%A7%D9%84%D8%AF%D8%A8%D9%8A%D8%A8%D8%A9-%D8%A8%D8%B9%D8%AF-%D8%AA%D8%AD%D8%B7%D9%85-%D8%B7%D8%A7%D8%A6%D8%B1%D8%AA%D9%87-%D8%A8%D8%A3%D9%86%D9%82%D8%B1%D8%A9\" rel=\"nofollow noopener\" target=\"_blank\">Arabia Independent<\/a>, skal det ha oppst\u00e5tt en teknisk feil med flyet, som styrtet p\u00e5 vei tilbake til flyplassen det tok av fra.<\/p>\n<p><b>Les ogs\u00e5: <a class=\"simple-relation related-teaser article--c-eRUmMG article--c-eRUmMG-fZoQSp-design-nettavisen article--c-eRUmMG-gwthdJ-cv\" href=\"https:\/\/www.nettavisen.no\/ud-norsk-borger-arrestert-i-iran\/s\/5-95-2793649\" rel=\"nofollow noopener\" target=\"_blank\">UD: Norsk borger arrestert i Iran<\/a><\/b><\/p>\n<p>Fikk ikke kontakt etter eksplosjon<\/p>\n<p>Et n\u00f8danrop ble gjort da flyet var over Haymana, dr\u00f8yt syv mil s\u00f8r for Ankara, men flygeledelsen kunne deretter ikke etablere noen kontakt.<\/p>\n<p>Flere tyrkiske TV-kanaler viser bilder av en eksplosjon fra omr\u00e5det der flyet befant seg ved n\u00f8danropet.<\/p>\n<p>Muhammad Ali Ahmad al-Haddad var i Tyrkias hovedstad Ankara for m\u00f8ter med tyrkiske tjenestemenn.<\/p>\n<p>Flyplassen har blitt stengt for flytrafikk, rapporterte NTV.<\/p>\n<p><b>Les ogs\u00e5: <a class=\"simple-relation related-teaser article--c-eRUmMG article--c-eRUmMG-fZoQSp-design-nettavisen article--c-eRUmMG-gwthdJ-cv\" href=\"https:\/\/www.nettavisen.no\/trump-administrasjonen-vil-sende-asylsokere-til-tredjeland\/s\/5-95-2795745\" rel=\"nofollow noopener\" target=\"_blank\">Trump-administrasjonen vil sende asyls\u00f8kere til tredjeland<\/a><\/b><\/p>\n","protected":false},"excerpt":{"rendered":"Libyas forsvarssjef, Muhammed Ali Ahmed Al-Haddad, skal v\u00e6re d\u00f8d, etter at et privatfly som skulle frakte han hjem&hellip;\n","protected":false},"author":2,"featured_media":120716,"comment_status":"","ping_status":"","sticky":false,"template":"","format":"standard","meta":{"footnotes":""},"categories":[12],"tags":[20,21,24,25,15,22,23,13,30,28,29,14,16,26,27,42,43,44,45],"class_list":{"0":"post-120715","1":"post","2":"type-post","3":"status-publish","4":"format-standard","5":"has-post-thumbnail","7":"category-verden","8":"tag-breaking-news","9":"tag-breakingnews","10":"tag-featured-news","11":"tag-featurednews","12":"tag-headlines","13":"tag-latest-news","14":"tag-latestnews","15":"tag-news","16":"tag-no","17":"tag-norge","18":"tag-norway","19":"tag-nyheter","20":"tag-overskrifter","21":"tag-top-stories","22":"tag-topstories","23":"tag-verden","24":"tag-world","25":"tag-world-news","26":"tag-worldnews"},"share_on_mastodon":{"url":"https:\/\/pubeurope.com\/@no\/115771173948496930","error":""},"_links":{"self":[{"href":"https:\/\/www.europesays.com\/no\/wp-json\/wp\/v2\/posts\/120715","targetHints":{"allow":["GET"]}}],"collection":[{"href":"https:\/\/www.europesays.com\/no\/wp-json\/wp\/v2\/posts"}],"about":[{"href":"https:\/\/www.europesays.com\/no\/wp-json\/wp\/v2\/types\/post"}],"author":[{"embeddable":true,"href":"https:\/\/www.europesays.com\/no\/wp-json\/wp\/v2\/users\/2"}],"replies":[{"embeddable":true,"href":"https:\/\/www.europesays.com\/no\/wp-json\/wp\/v2\/comments?post=120715"}],"version-history":[{"count":0,"href":"https:\/\/www.europesays.com\/no\/wp-json\/wp\/v2\/posts\/120715\/revisions"}],"wp:featuredmedia":[{"embeddable":true,"href":"https:\/\/www.europesays.com\/no\/wp-json\/wp\/v2\/media\/120716"}],"wp:attachment":[{"href":"https:\/\/www.europesays.com\/no\/wp-json\/wp\/v2\/media?parent=120715"}],"wp:term":[{"taxonomy":"category","embeddable":true,"href":"https:\/\/www.europesays.com\/no\/wp-json\/wp\/v2\/categories?post=120715"},{"taxonomy":"post_tag","embeddable":true,"href":"https:\/\/www.europesays.com\/no\/wp-json\/wp\/v2\/tags?post=120715"}],"curies":[{"name":"wp","href":"https:\/\/api.w.org\/{rel}","templated":true}]}}