{"id":120725,"date":"2025-12-23T22:32:08","date_gmt":"2025-12-23T22:32:08","guid":{"rendered":"https:\/\/www.europesays.com\/no\/120725\/"},"modified":"2025-12-23T22:32:08","modified_gmt":"2025-12-23T22:32:08","slug":"donald-trump-nyhetsvarsel-krisetall-for-donald-trump-i-usa","status":"publish","type":"post","link":"https:\/\/www.europesays.com\/no\/120725\/","title":{"rendered":"Donald Trump, Nyhetsvarsel | Krisetall for Donald Trump i USA"},"content":{"rendered":"\n<p>Det viser tall fra selskapet <a rel=\"Follow nofollow noopener\" href=\"https:\/\/news.gallup.com\/poll\/700241\/americans-end-year-gloomy-mood.aspx\" target=\"_blank\">Gallup<\/a>, som siden 1952 har spurt det amerikanske folk hvor godt forn\u00f8yde de er med jobben den sittende presidenten gj\u00f8r.<\/p>\n<p>Tallene viser at Trumps s\u00e5kalte \u00abapproval rating\u00bb \u2013 eller presidentens popularitetsbarometer \u2013 har falt til 36 prosent. Det er den laveste scoren Trump har hatt siden stormingen av Kongressen 6. januar 2021. Da var han helt nede p\u00e5 34 prosent.<\/p>\n<p><b>Les ogs\u00e5: <a href=\"https:\/\/www.nettavisen.no\/nyheter\/donald-trump-omtalt-i-handskrevet-epstein-brev\/s\/5-95-2795641\" rel=\"Follow nofollow noopener\" target=\"_blank\">Donald Trump omtalt i h\u00e5ndskrevet Epstein-brev<\/a><\/b><\/p>\n<p>Trump startet sin andre presidentperiode med en score p\u00e5 42 prosent, if\u00f8lge Gallup.<\/p>\n<p>Det amerikanske folk mener at Trumps beste egenskap er at han er en sterk og besluttsom leder, mens hans d\u00e5rligste er at han verken er troverdig eller til \u00e5 stole p\u00e5, viser m\u00e5lingen.<\/p>\n<p>Tallene er hentet inn mellom 1. og 15. desember, og ble publisert mandag.<\/p>\n<p>Trump-fiende topper<\/p>\n<p>Samtidig er det verdt \u00e5 merke seg at sentralbanksjef Jerome Powell topper listen over personene som er med i m\u00e5lingen, med 44 prosent.<\/p>\n<p>Det er spesielt interessant fordi Powell og Trump har st\u00e5tt i en flere m\u00e5neder lang offentlig feide \u2013 blant annet om hvor renten i USA skal ligge.<\/p>\n<p>Marco Rubio, som er USAs utenriksminister, scorer h\u00f8yeste i Trump-administrasjonen med 41 prosent. Visepresident J.D. Vance f\u00e5r 39 prosent, mens forsvarsminister Pete Hegseth f\u00e5r 36.<\/p>\n<p>Flertall mener \u00f8konomien er \u00abd\u00e5rlig\u00bb<\/p>\n<p>Til tross for Trumps synkende popul\u00e6ritet, er det republikanerne som fremdeles leder Gallup-m\u00e5lingen.<\/p>\n<p>Demokratenes oppslutning i Kongressen er 24 prosent, mens den er 29 prosent for republikanerne. Tilfredsheten med \u00ablandets retning\u00bb er 24 prosent.<\/p>\n<p><b>Les ogs\u00e5: <a href=\"https:\/\/www.nettavisen.no\/nyheter\/trump-vi-ma-ha-gronland\/s\/5-95-2794492\" rel=\"Follow nofollow noopener\" target=\"_blank\">Trump: \u2013 Vi m\u00e5 ha Gr\u00f8nland<\/a><\/b><\/p>\n<p>En betydelig andel, 47 prosent, beskriver den n\u00e5v\u00e6rende \u00f8konomiske situasjonen i USA som \u00abd\u00e5rlig\u00bb. Ytterligere 31 prosent anser den som \u00abgrei\u00bb.<\/p>\n<p>    Vil du se neste video?<\/p>\n<p>    <a href=\"https:\/\/www.nettavisen.no\/nyheter\/ville-donald-trump-spekulasjoner-det-er-noe-galt\/v\/5-95-2784982\" class=\"recommend-poster\" data-adp-clicklabel=\"video-recommend\" data-adp-clickvalue=\"poster\" rel=\"nofollow noopener\" target=\"_blank\"><br \/>\n      <img decoding=\"async\" width=\"200\" height=\"200\" loading=\"lazy\" src=\"https:\/\/www.europesays.com\/no\/wp-content\/uploads\/2025\/12\/Forvirret+Trump+2.jpg\" alt=\"\" class=\"brick-c-cFOWSL\" style=\"--brick-image-ratio: 200 \/ 200;\"\/><\/p>\n<p>Ville Trump-spekulasjoner: \u2013 Det er noe galt0:57<\/p>\n<p>    <\/a><\/p>\n","protected":false},"excerpt":{"rendered":"Det viser tall fra selskapet Gallup, som siden 1952 har spurt det amerikanske folk hvor godt forn\u00f8yde de&hellip;\n","protected":false},"author":2,"featured_media":120726,"comment_status":"","ping_status":"","sticky":false,"template":"","format":"standard","meta":{"footnotes":""},"categories":[12],"tags":[20,21,24,25,15,22,23,13,30,28,29,14,16,26,27,42,43,44,45],"class_list":{"0":"post-120725","1":"post","2":"type-post","3":"status-publish","4":"format-standard","5":"has-post-thumbnail","7":"category-verden","8":"tag-breaking-news","9":"tag-breakingnews","10":"tag-featured-news","11":"tag-featurednews","12":"tag-headlines","13":"tag-latest-news","14":"tag-latestnews","15":"tag-news","16":"tag-no","17":"tag-norge","18":"tag-norway","19":"tag-nyheter","20":"tag-overskrifter","21":"tag-top-stories","22":"tag-topstories","23":"tag-verden","24":"tag-world","25":"tag-world-news","26":"tag-worldnews"},"share_on_mastodon":{"url":"https:\/\/pubeurope.com\/@no\/115771260684425650","error":""},"_links":{"self":[{"href":"https:\/\/www.europesays.com\/no\/wp-json\/wp\/v2\/posts\/120725","targetHints":{"allow":["GET"]}}],"collection":[{"href":"https:\/\/www.europesays.com\/no\/wp-json\/wp\/v2\/posts"}],"about":[{"href":"https:\/\/www.europesays.com\/no\/wp-json\/wp\/v2\/types\/post"}],"author":[{"embeddable":true,"href":"https:\/\/www.europesays.com\/no\/wp-json\/wp\/v2\/users\/2"}],"replies":[{"embeddable":true,"href":"https:\/\/www.europesays.com\/no\/wp-json\/wp\/v2\/comments?post=120725"}],"version-history":[{"count":0,"href":"https:\/\/www.europesays.com\/no\/wp-json\/wp\/v2\/posts\/120725\/revisions"}],"wp:featuredmedia":[{"embeddable":true,"href":"https:\/\/www.europesays.com\/no\/wp-json\/wp\/v2\/media\/120726"}],"wp:attachment":[{"href":"https:\/\/www.europesays.com\/no\/wp-json\/wp\/v2\/media?parent=120725"}],"wp:term":[{"taxonomy":"category","embeddable":true,"href":"https:\/\/www.europesays.com\/no\/wp-json\/wp\/v2\/categories?post=120725"},{"taxonomy":"post_tag","embeddable":true,"href":"https:\/\/www.europesays.com\/no\/wp-json\/wp\/v2\/tags?post=120725"}],"curies":[{"name":"wp","href":"https:\/\/api.w.org\/{rel}","templated":true}]}}