{"id":120727,"date":"2025-12-23T22:39:20","date_gmt":"2025-12-23T22:39:20","guid":{"rendered":"https:\/\/www.europesays.com\/no\/120727\/"},"modified":"2025-12-23T22:39:20","modified_gmt":"2025-12-23T22:39:20","slug":"dukket-opp-i-finland","status":"publish","type":"post","link":"https:\/\/www.europesays.com\/no\/120727\/","title":{"rendered":"Dukket opp i Finland"},"content":{"rendered":"<p class=\"kicker \" style=\"\">Andrew Mountbatten Windsor:\u00a0<\/p>\n<p>  Sandringham House er samlingspunktet for den britiske kongefamilien hver jul. N\u00e5 trekkes godset inn i nye Epstein-avsl\u00f8ringer.<\/p>\n<p>\n    AVBILDET: 19. desember slapp USAs utenriksdepartement et lass av bilder fra Epstein-etterforskningen. Et av bildene viser Andrew Mountbatten Windsor i tradisjonsrike Sandringham House &#8211; med Ghislaine Maxwell i bakgrunnen. Foto: U.S. Justice Department \/ NTB\n  <\/p>\n<p>    Kort fortalt<\/p>\n<ul lang=\"nb-NO\">\n<li>USAs justisdepartement har frigjort tusenvis av dokumenter relatert til Jeffrey Epstein.<\/li>\n<li>Dokumentene avsl\u00f8rer forbindelser mellom Epstein og kjente personer, inkludert Andrew Mountbatten Windsor.<\/li>\n<li>Et bilde viser Andrew i en kompromitterende situasjon p\u00e5 Sandringham House, noe som vekker oppsikt.<\/li>\n<li>Andrew er ikke invitert til \u00e5rets julefeiring med kongefamilien p\u00e5 grunn av avsl\u00f8ringene.<\/li>\n<\/ul>\n<p class=\"italic ai-disclaimer\" data-lab-italic=\"italic\">Sammendraget er laget av ChatGPT og godkjent av Dagbladet.<\/p>\n<p>      Vis mer<br \/>\n      Vis mindre<\/p>\n<p>19. desember begynte USAs justisdepartement \u00e5 frigj\u00f8re <a href=\"https:\/\/www.dagbladet.no\/nyheter\/slipper-epstein-dokumenter\/84012952\" rel=\"nofollow noopener\" target=\"_blank\">tusenvis av nye dokumenter, fotografier og filer<\/a> fra etterforskningen til overgrepsd\u00f8mte Jeffrey Epstein.\u00a0<\/p>\n<p>Samme dag hadde loven \u00abEpstein Files Transparency Act\u00bb blitt vedtatt, og signert av president Donald Trump (79).\u00a0<\/p>\n<p>    <a itemprop=\"url\" href=\"https:\/\/www.dagbladet.no\/nyheter\/vekker-oppsikt-jeg-er-svaer\/83978337\" rel=\"nofollow noopener\" target=\"_blank\"><\/p>\n<p>        <img loading=\"lazy\" decoding=\"async\" src=\"https:\/\/www.europesays.com\/no\/wp-content\/uploads\/2025\/12\/1766529551_391_83978524.webp\" width=\"980\" height=\"441\" title=\"Vekker oppsikt: \u00abJeg er sv\u00e6r\u00bb\" alt=\"\" class=\"lazyload\" style=\"--aspect-ratio-image: 2.22; \"\/><\/p>\n<p>        Vekker oppsikt: \u00abJeg er sv\u00e6r\u00bb<\/p>\n<p>    <\/a><\/p>\n<p class=\"font-weight-bold m-font-weight-bold\" data-lab-font_weight=\"font-weight-bold\">I dokumentene kunne man se at flere kjente fjes har menget seg med den avd\u00f8de mangemillion\u00e6ren. Blant dem Andrew Mountbatten Windsor (65). Det er kjent at <a href=\"https:\/\/www.dagbladet.no\/kjendis\/slik-var-det-famose-vennskapet\/71841147\" rel=\"nofollow noopener\" target=\"_blank\">Epstein og Andrew kjente til hverandre<\/a>, til tross for at Andrew selv har <a href=\"https:\/\/www.dagbladet.no\/kjendis\/grillet-prins-slaktes\/71828820\" rel=\"nofollow noopener\" target=\"_blank\">benektet for at de var gode venner<\/a>\u00a0i 2019.\u00a0<\/p>\n<p>    Dette er saken:<\/p>\n<p>Jeffrey Epstein ble i 2019 tiltalt for menneskehandel og overgrep, der flere av ofrene var mindre\u00e5rige jenter. Samme \u00e5r d\u00f8de han i fengsel, 66 \u00e5r gammel. Mange sp\u00f8rsm\u00e5l i saken st\u00e5r derfor ubesvart.<\/p>\n<p>En av de mest omtalte sakene omhandler tidligere prins Andrew.\u00a0<\/p>\n<p>I et rettsdokument fra desember 2014 fortalte Virginia Giuffre at hun ble sendt av Epstein til Andrew tre ganger mens hun var 17 \u00e5r gammel.\u00a0<\/p>\n<p>I 2018 saks\u00f8kte hun Andrew og anklaget ham for seksuelle overgrep, noe han benektet. Giuffre inngikk seinere et \u00f8konomisk forlik med Andrew. Det ble ikke opplyst hvor mye han betalte.\u00a0<\/p>\n<p>I 2022, i kj\u00f8lvannet av saken, ble tidligere prins Andrew fratatt sine milit\u00e6re titler og beskyttelser, og i oktober 2025 ga prins Andrew fra seg resten av titlene sine, deriblant som hertug av York.\u00a0<\/p>\n<p>Han skulle likevel beholde tittelen prins, ettersom han er f\u00f8dt som s\u00f8nn av dronning Elizabeth II.\u00a0<\/p>\n<p>Torsdag 30. oktober 2025 kom kontrabeskjeden om at Buckingham Palace likevel tar fra ham tittelen som prins.<\/p>\n<p>Avgj\u00f8relsen kom etter \u00f8kt press p\u00e5 kongefamilien, etter at stadig flere rapporter dukket opp om Andrews forhold til den avd\u00f8de sexforbryteren Jeffrey Epstein.<\/p>\n<p>      Vis mer<br \/>\n      Vis mindre<\/p>\n<p>Tidligere i \u00e5r <a href=\"https:\/\/www.dagbladet.no\/kjendis\/mister-prinsetittelen\/83791527\" rel=\"nofollow noopener\" target=\"_blank\">mistet 65-\u00e5ringen prinsetittelen<\/a>, i tillegg til alle andre offisielle titler, p\u00e5 grunn av tilkoblingene til Epstein.\u00a0<\/p>\n<p> Andrew har alltid kraftig benektet alle anklager mot ham i forbindelse med avd\u00f8de Andrew Epstein. <\/p>\n<p>&#8211; Espstein og Ghislaine utnyttet ham<\/p>\n<p>Den kongelige biografen Andrew Lownie ga tidligere i \u00e5r ut boka\u00a0<a href=\"https:\/\/www.dagbladet.no\/bok\/prins-andrews-og-trumps-syke-samtaler\/83416718\" rel=\"nofollow noopener\" target=\"_blank\">\u00abEntitled: The Rise and Fall of the House of York\u00bb<\/a>, som tar for seg det skandal\u00f8se livet til Andrew.\u00a0<\/p>\n<p>Han har fulgt historien til 65-\u00e5ringen tett de siste fire \u00e5ra mens han har skrevet boka. Det er s\u00e6rlig ett av de nye bildene han reagerer p\u00e5, forteller han i et intervju med <a href=\"https:\/\/news.sky.com\/story\/why-andrew-photo-in-epstein-files-is-deeply-awkward-for-royal-family-13486865\" rel=\"nofollow noopener\" target=\"_blank\">SkyNews<\/a>.\u00a0<\/p>\n<p>        <img loading=\"lazy\" decoding=\"async\" src=\"https:\/\/www.europesays.com\/no\/wp-content\/uploads\/2025\/12\/84023843.webp\" width=\"686\" height=\"385\" title=\"SANDRINGHAM HOUSE: Det massive godset sto ferdig i 1873, og har v\u00e6rt eid av den sittende britiske monarken siden. Juletradisjonen i godset ble startet av kong Edward VII i 1901. Foto: Bav Media\/Shutterstock\/NTB\" alt=\"\" class=\"\" style=\"--aspect-ratio-image: 1.78; \"\/><\/p>\n<p>\n        SANDRINGHAM HOUSE: Det massive godset sto ferdig i 1873, og har v\u00e6rt eid av den sittende britiske monarken siden. Juletradisjonen i godset ble startet av kong Edward VII i 1901. Foto: Bav Media\/Shutterstock\/NTB\n    <\/p>\n<p class=\"font-weight-bold m-font-weight-bold\" data-lab-font_weight=\"font-weight-bold\">Bildet viser Andrew mens han ligger p\u00e5 fanget til en rekke jenter som har ansiktet sladdet. Ghislaine Maxwell (63), Epsteins partner og tidligere kj\u00e6reste, kan sees smilende i bakgrunnen.\u00a0<\/p>\n<p class=\"font-weight-normal m-font-weight-normal\" data-lab-font_weight=\"font-weight-normal\">Maxwell ble d\u00f8mt til <a href=\"https:\/\/www.dagbladet.no\/nyheter\/juryens-kjennelse-skyldig\/75041018\" rel=\"nofollow noopener\" target=\"_blank\">20 \u00e5rs fengsel i 2021<\/a> for \u00e5 ha hjulpet Epstein med \u00e5 skaffe unge jenter.\u00a0<\/p>\n<p class=\"font-weight-bold m-font-weight-bold\" data-lab-font_weight=\"font-weight-bold\">Bildet er tatt i Sandringham House, et skjermet tilfluktssted som er strengt forbeholdt de britiske kongelige. Ingen invitasjon til Sandringham House er tilfeldig, men Andrew brukte det som et \u00abfestlokale\u00bb, hevder Lownie.\u00a0<\/p>\n<p>        <img loading=\"lazy\" decoding=\"async\" src=\"https:\/\/www.europesays.com\/no\/wp-content\/uploads\/2025\/12\/84023943.webp\" width=\"667\" height=\"587\" title=\"P\u00c5 INNSIDEN: Bildet er tatt i et av de st\u00f8rre mottaksrommene i godset, opplyser Lownie. Det er ikke opplyst hvilken dato bildet er tatt. Foto: U.S. Justice Department \/ NTB\" alt=\"\" class=\"\" style=\"--aspect-ratio-image: 1.14; \"\/><\/p>\n<p>\n        P\u00c5 INNSIDEN: Bildet er tatt i et av de st\u00f8rre mottaksrommene i godset, opplyser Lownie. Det er ikke opplyst hvilken dato bildet er tatt. Foto: U.S. Justice Department \/ NTB\n    <\/p>\n<p>&#8211; Esptein og Ghislaine utnyttet dette. De dro til Balmoral, Sandringham og Windsor. Det viste allmennheten akkurat hvor n\u00e6re venner de var med kongefamilien.\u00a0<\/p>\n<p>Det er uklart n\u00e5r bildet av Andrew ble tatt, men Lownie hevder at det sammenfaller med en jakthelg 65-\u00e5ringen arrangerte i forbindelse med Maxwells 39-\u00e5rsdag i \u00e5r 2000.\u00a0<\/p>\n<p>        \u00abUTVIST\u00bb: Prins Andrew er ikke lenger prins og er \u00abutvist\u00bb fra kongefamilien p\u00e5 grunn av sine forbindelser til Jeffrey Epstein. Reporter: Sanne Holt\/ R\u00f8d L\u00f8per. Video: NTB\/ Stella Pictures\/ AFP\/ YouTube\/ BBC\/ Netflix\/ 60Minutes Australia<\/p>\n<p>Det samme hevder Robert Johnson, som er forfatteren bak\u00a0\u00abThe Windsor Legacy: A Royal Dynasty of Secrets, Scandal and Survival\u00bb, som kom ut i november.<\/p>\n<p>Han skrev i <a href=\"https:\/\/www.telegraph.co.uk\/news\/2025\/12\/21\/when-andrew-invited-epstein-shooting-at-sandringham\/\" rel=\"nofollow noopener\" target=\"_blank\">The Telegraph<\/a> at Andrew hadde invitert en stor gjeng den helgen, og at velkomstgaven var sexleket\u00f8y, glidemiddel, poppers og andre rusmidler.\u00a0<\/p>\n<p>&#8211;\u00a0P\u00e5 et \u00f8yeblikk hadde han gjort dronningens private eiendom i Norfolk, der hun bare uker seinere skulle feire jul, om til sin egen kongelige versjon av Hugh Hefners Playboy Mansion, skriver han.\u00a0<\/p>\n<p>        <img loading=\"lazy\" decoding=\"async\" src=\"https:\/\/www.europesays.com\/no\/wp-content\/uploads\/2025\/12\/84023910.webp\" width=\"667\" height=\"441\" title=\"DRONNINGENS HYTTE: Jeffrey Epstein og Ghislaine Maxwell avbildet utenfor en av jakthyttene p\u00e5 dronning Elizabeths Balmoral estate i Skotland. Bildet var en del av bevisf\u00f8rselen mot Maxwell i 2021, og skulle vise hvor tett de var p\u00e5 kongefamilien. Foto: Handout \/ NTB\" alt=\"\" class=\"\" style=\"--aspect-ratio-image: 1.51; \"\/><\/p>\n<p>\n        DRONNINGENS HYTTE: Jeffrey Epstein og Ghislaine Maxwell avbildet utenfor en av jakthyttene p\u00e5 dronning Elizabeths Balmoral estate i Skotland. Bildet var en del av bevisf\u00f8rselen mot Maxwell i 2021, og skulle vise hvor tett de var p\u00e5 kongefamilien. Foto: Handout \/ NTB\n    <\/p>\n<p>Sandringham House er tradisjonelt der den britiske kongefamilien feirer jul, og b\u00e5de Lownie og Johnson mener at dette nye bildet vil kunne vekke vonde minner under \u00e5rets feiring.\u00a0<\/p>\n<p class=\"font-weight-bold m-font-weight-bold\" data-lab-font_weight=\"font-weight-bold\">SkyNews p\u00e5peker at tidspunktet er sv\u00e6rt pinlig. Denne uken samles kongefamilien igjen til tradisjonell julefeiring p\u00e5 Sandringham, skriver de.\u00a0<\/p>\n<p>    <a itemprop=\"url\" href=\"https:\/\/www.dagbladet.no\/kjendis\/na-forklarer-hun-seg\/83400332\" rel=\"nofollow noopener\" target=\"_blank\"><\/p>\n<p>        <img loading=\"lazy\" decoding=\"async\" src=\"https:\/\/www.europesays.com\/no\/wp-content\/uploads\/2025\/12\/83409144.webp\" width=\"980\" height=\"441\" title=\"N\u00e5 forklarer hun seg\" alt=\"\" class=\"lazyload\" style=\"--aspect-ratio-image: 2.22; \"\/><\/p>\n<p>        N\u00e5 forklarer hun seg<\/p>\n<p>    <\/a><\/p>\n<p>Tidligere i \u00e5r ble det dog kjent at Andrew <a href=\"https:\/\/www.dagbladet.no\/kjendis\/prins-andrew-gir-fra-seg-titlene-sine\/83739291\" rel=\"nofollow noopener\" target=\"_blank\">ikke er invitert til \u00e5 feire jul<\/a> med resten av familien under \u00e5rets feiring i Sandringham. Heller ikke ekskona Sarah Ferguson (66), som han fremdeles bor med etter at de skilte seg i 1996, er invitert.\u00a0<\/p>\n<p>&#8211; Har du funnet noen upassende venner?\u00a0<\/p>\n<p>Tirsdag 23. desember varslet det amerikanske utenriksdepartementet at de offentliggjorde ytterligere 30 000 filer med tilknytning til saken.\u00a0<\/p>\n<p>Blant de nye filene kan man se en samtale mellom Maxwell og en person som bruker aliaset \u00abThe invisible man\u00bb, skriver <a href=\"https:\/\/www.bbc.com\/news\/live\/c3e0y1vqj09t\" rel=\"nofollow noopener\" target=\"_blank\">BBC<\/a>.\u00a0<\/p>\n<p>        EPSTEIN: Nylig uttalte president Donald Trump at Jeffrey Epstein hadde \u00abstj\u00e5let\u00bb folk fra spaet hans inne p\u00e5 Mar-a-Lago-eiendommen hans i Florida. To dager seinere kom ytterligere sjokkerende uttalelser fra den amerikanske presidentene. Reporter: Edward Stenlund. Video: AP \/ Reuters<\/p>\n<p>E-posten er datert 16. august 2001 og \u00e5pner med f\u00f8lgende melding:<\/p>\n<p class=\"font-weight-bold m-font-weight-bold\" data-lab-font_weight=\"font-weight-bold\">\u00abJeg er her oppe p\u00e5 Balmoral, p\u00e5 sommerleir for kongefamilien. Det er aktiviteter hele dagen, og jeg er fullstendig utslitt n\u00e5r dagen er over. Jentene er helt utslitte de ogs\u00e5, og jeg m\u00e5 gi dem en tidlig kveld i dag. Det begynner \u00e5 bli slitsomt \u00e5 dele dem opp hele tida\u00bb.<\/p>\n<p>        <img loading=\"lazy\" decoding=\"async\" src=\"https:\/\/www.europesays.com\/no\/wp-content\/uploads\/2025\/12\/84023989.webp\" width=\"667\" height=\"881\" title=\"\u00c5RELANGT VENNSKAP: Andrew Mountbatten Windsor og Ghislaine Maxwell deltok p\u00e5 Royal Ascot sammen i 2000. De m\u00f8ttes da de begge studerte p\u00e5 universitetet i Oxford p\u00e5 80-tallet. Foto: Shutterstock \/ NTB\" alt=\"\" class=\"\" style=\"--aspect-ratio-image: 0.76; \"\/><\/p>\n<p>\n        \u00c5RELANGT VENNSKAP: Andrew Mountbatten Windsor og Ghislaine Maxwell deltok p\u00e5 Royal Ascot sammen i 2000. De m\u00f8ttes da de begge studerte p\u00e5 universitetet i Oxford p\u00e5 80-tallet. Foto: Shutterstock \/ NTB\n    <\/p>\n<p>Lenger nede i e-posten sp\u00f8r avsenderen: \u00abHar du funnet noen nye upassende venner til meg?\u00a0Snakkes. A xxx\u00bb<\/p>\n<p class=\"font-weight-bold m-font-weight-bold\" data-lab-font_weight=\"font-weight-bold\">Samme dag svarer Maxwell p\u00e5 e-posten og skriver: \u00abBeklager \u00e5 skuffe deg, men sannheten m\u00e5 fram. Jeg har bare klart \u00e5 finne passende venner\u00bb.<\/p>\n<p>        <img loading=\"lazy\" decoding=\"async\" src=\"https:\/\/www.europesays.com\/no\/wp-content\/uploads\/2025\/12\/84024544.webp\" width=\"667\" height=\"381\" title=\"UPASSENDE: \u00abThe Invisible Man\u00bb forklarer at han er i Balmoral, det britiske kongehusets private feriehjem i Skottland. Han er p\u00e5 leting etter nye \u00abupassende\u00bb venner. Foto: U.S. Justice Department \/ NTB\" alt=\"\" class=\"\" style=\"--aspect-ratio-image: 1.75; \"\/><\/p>\n<p>\n        UPASSENDE: \u00abThe Invisible Man\u00bb forklarer at han er i Balmoral, det britiske kongehusets private feriehjem i Skottland. Han er p\u00e5 leting etter nye \u00abupassende\u00bb venner. Foto: U.S. Justice Department \/ NTB\n    <\/p>\n<p>BBC knytter e-postadressen til Andrew fordi den samme adressen seinere ble funnet lagret i Epsteins kontaktliste under \u00abDuke of York\u00bb.\u00a0<\/p>\n<p>Meldingen er ogs\u00e5 signert med A og sendt under aliaset \u00abThe Invisible Man\u00bb, i tr\u00e5d med en annen korrespondanse med Maxwell.\u00a0<\/p>\n<p>    <a itemprop=\"url\" href=\"https:\/\/www.dagbladet.no\/kjendis\/favorittbarnet-ble-beskyttet\/83858552\" rel=\"nofollow noopener\" target=\"_blank\"><\/p>\n<p>        <img loading=\"lazy\" decoding=\"async\" src=\"https:\/\/www.europesays.com\/no\/wp-content\/uploads\/2025\/12\/1766529558_641_83858844.webp\" width=\"980\" height=\"441\" title=\"- Favorittbarnet ble beskyttet\" alt=\"\" class=\"lazyload\" style=\"--aspect-ratio-image: 2.22; \"\/><\/p>\n<p>        &#8211; Favorittbarnet ble beskyttet<\/p>\n<p>    <\/a><\/p>\n<p>I februar og mars i 2002 diskuteres det en planlagt reise til Peru.\u00a0\u00a0<\/p>\n<p>        <img loading=\"lazy\" decoding=\"async\" src=\"https:\/\/www.europesays.com\/no\/wp-content\/uploads\/2025\/12\/84024541.webp\" width=\"667\" height=\"808\" title=\"PERU: Et dokument viser Ghislaine Maxwell videresende en mail til \u00abThe Invisible Man\u00bb, der hun forklarer kj\u00f8replanen for en reise. Foto: U.S. Justice Department \/ NTB\" alt=\"\" class=\"\" style=\"--aspect-ratio-image: 0.83; \"\/><\/p>\n<p>\n        PERU: Et dokument viser Ghislaine Maxwell videresende en mail til \u00abThe Invisible Man\u00bb, der hun forklarer kj\u00f8replanen for en reise. Foto: U.S. Justice Department \/ NTB\n    <\/p>\n<p>I meldingene omtales \u00ab2 legged sight seeing\u00bb, som m\u00e5 v\u00e6re intelligente, pene, morsomme og fra gode familier.\u00a0<\/p>\n<p>Maxwell videresender forslag til \u00abThe Invisible Man\u00bb med sp\u00f8rsm\u00e5l om hva han mener. I ett svar skriver avsenderen at han overlater sp\u00f8rsm\u00e5let om jenter \u00abfullstendig\u00bb til Maxwell og en lokal kontakt, skriver BBC.\u00a0<\/p>\n<p> I en annen e-post skriver Maxwell at hun har gitt Andrew telefonnummeret til kontakten i Peru, og omtaler sightseeing, diskresjon og at han ikke \u00f8nsker omtale i pressen. <\/p>\n<p>        <img loading=\"lazy\" decoding=\"async\" src=\"https:\/\/www.europesays.com\/no\/wp-content\/uploads\/2025\/12\/84024538.webp\" width=\"686\" height=\"446\" title=\"P\u00c5 REISE: Dav\u00e6rende prins Andrew avbildet i april 2002, like etter den angivelige turen til Peru der Maxwell \u00abordnet jenter\u00bb til ham. Foto: David Hartley\/REX\" alt=\"\" class=\"\" style=\"--aspect-ratio-image: 1.54; \"\/><\/p>\n<p>\n        P\u00c5 REISE: Dav\u00e6rende prins Andrew avbildet i april 2002, like etter den angivelige turen til Peru der Maxwell \u00abordnet jenter\u00bb til ham. Foto: David Hartley\/REX\n    <\/p>\n<p>Et annet dokument viser at USAs justisdepartement ba britiske myndigheter om hjelp til \u00e5 avh\u00f8re Andrew i Epstein-etterforskningen i 2020.\u00a0\u00a0<\/p>\n<p>I brevet het det at han kunne ha v\u00e6rt vitne til sentrale hendelser, men samtidig ble det understreket at han ikke var mistenkt og at det ikke fantes bevis for at han hadde beg\u00e5tt lovbrudd. <\/p>\n","protected":false},"excerpt":{"rendered":"Andrew Mountbatten Windsor:\u00a0 Sandringham House er samlingspunktet for den britiske kongefamilien hver jul. N\u00e5 trekkes godset inn i&hellip;\n","protected":false},"author":2,"featured_media":120728,"comment_status":"","ping_status":"","sticky":false,"template":"","format":"standard","meta":{"footnotes":""},"categories":[12],"tags":[20,21,24,25,92,15,22,23,671,13,30,28,29,14,16,83,26,27,42,43,44,45],"class_list":{"0":"post-120727","1":"post","2":"type-post","3":"status-publish","4":"format-standard","5":"has-post-thumbnail","7":"category-verden","8":"tag-breaking-news","9":"tag-breakingnews","10":"tag-featured-news","11":"tag-featurednews","12":"tag-fotball","13":"tag-headlines","14":"tag-latest-news","15":"tag-latestnews","16":"tag-manchester-city","17":"tag-news","18":"tag-no","19":"tag-norge","20":"tag-norway","21":"tag-nyheter","22":"tag-overskrifter","23":"tag-sport","24":"tag-top-stories","25":"tag-topstories","26":"tag-verden","27":"tag-world","28":"tag-world-news","29":"tag-worldnews"},"share_on_mastodon":{"url":"https:\/\/pubeurope.com\/@no\/115771288450310081","error":""},"_links":{"self":[{"href":"https:\/\/www.europesays.com\/no\/wp-json\/wp\/v2\/posts\/120727","targetHints":{"allow":["GET"]}}],"collection":[{"href":"https:\/\/www.europesays.com\/no\/wp-json\/wp\/v2\/posts"}],"about":[{"href":"https:\/\/www.europesays.com\/no\/wp-json\/wp\/v2\/types\/post"}],"author":[{"embeddable":true,"href":"https:\/\/www.europesays.com\/no\/wp-json\/wp\/v2\/users\/2"}],"replies":[{"embeddable":true,"href":"https:\/\/www.europesays.com\/no\/wp-json\/wp\/v2\/comments?post=120727"}],"version-history":[{"count":0,"href":"https:\/\/www.europesays.com\/no\/wp-json\/wp\/v2\/posts\/120727\/revisions"}],"wp:featuredmedia":[{"embeddable":true,"href":"https:\/\/www.europesays.com\/no\/wp-json\/wp\/v2\/media\/120728"}],"wp:attachment":[{"href":"https:\/\/www.europesays.com\/no\/wp-json\/wp\/v2\/media?parent=120727"}],"wp:term":[{"taxonomy":"category","embeddable":true,"href":"https:\/\/www.europesays.com\/no\/wp-json\/wp\/v2\/categories?post=120727"},{"taxonomy":"post_tag","embeddable":true,"href":"https:\/\/www.europesays.com\/no\/wp-json\/wp\/v2\/tags?post=120727"}],"curies":[{"name":"wp","href":"https:\/\/api.w.org\/{rel}","templated":true}]}}