{"id":120729,"date":"2025-12-23T22:40:15","date_gmt":"2025-12-23T22:40:15","guid":{"rendered":"https:\/\/www.europesays.com\/no\/120729\/"},"modified":"2025-12-23T22:40:15","modified_gmt":"2025-12-23T22:40:15","slug":"nisse-asnes-supernissen-har-roet-seg-ned-men-oppdragene-star-i-ko","status":"publish","type":"post","link":"https:\/\/www.europesays.com\/no\/120729\/","title":{"rendered":"Nisse, \u00c5snes | Supernissen har roet seg ned \u2013 men oppdragene st\u00e5r i k\u00f8"},"content":{"rendered":"\n<p><b>\u2013 Jeg har roet ned n\u00e5, men har sagt ja til sju-\u00e5tte steder i Sol\u00f8r og p\u00e5 Roverud hvor jeg skal v\u00e6re nisse. Jeg fikk hjertesvikt for noen uker siden, s\u00e5 jeg m\u00e5 roe ned, sier Morten Larsen fra Arneberg til Gl\u00e5mdalen.<\/b><\/p>\n<p>I fjor la han ut p\u00e5 sosiale medier at han tok p\u00e5 seg nisseoppdrag, og responsen lot ikke vente. Da han hadde v\u00e6rt hos 38 stykker og spredt glede med juleantrekk, hvitt skjegg og en pakkesekk, sa han stopp. Da var klokka nesten ti p\u00e5 kvelden.<\/p>\n<p>\u2013 Egentlig var jeg ferdig klokka ni, men s\u00e5 var det en til som ringte, og jeg klarte ikke \u00e5 si nei, sier Morten Larsen p\u00e5 telefon fra Bergen.<\/p>\n<p><a href=\"https:\/\/www.glomdalen.no\/morten-kjorer-tusenvis-av-kilometer-for-a-hjelpe-andre\/s\/5-19-1660334\" rel=\"Follow nofollow noopener\" target=\"_blank\">Gl\u00e5mdalen skrev om b\u00e5de kj\u00f8regleden og nisseinnsatsen i fjor.<\/a><\/p>\n<p>Hjelper mot angst<\/p>\n<p>Han er fortsatt like glad i kj\u00f8re bil, og tar p\u00e5 seg kj\u00f8reoppdrag landet rundt for folk som skal levere biler. Forrige uke var han i Bardufoss p\u00e5 kj\u00f8reoppdrag.<\/p>\n<p>\u2013 Jeg sliter s\u00e5 f\u00e6lt med angst, og n\u00e5r jeg kj\u00f8rer bil, s\u00e5 hjelper dette p\u00e5, sier Larsen, som n\u00e5 m\u00e5 tenke p\u00e5 helsa og hjertet n\u00e5r han er ute p\u00e5 nisseoppdrag.<\/p>\n<p>   <img decoding=\"async\" width=\"479\" height=\"1065\" fetchpriority=\"low\"  loading=\"lazy\"  src=\"https:\/\/www.europesays.com\/no\/wp-content\/uploads\/2025\/12\/0.png\" alt=\"\" class=\"brick-c-cFOWSL\" style=\"--brick-image-ratio: 479 \/ 1065;\"\/><\/p>\n<p>      TAKKNEMLIG: Morten Larsen reiste til brannvesenet i Elverum med kake, som takk for innsatsen deres.<br \/>\n      Foto: Privat\n    <\/p>\n<p>\u2013 I fjor fikk jeg 122 oppringninger p\u00e5 en halvtime. Men det var moro, og det var s\u00e5 fint \u00e5 se alle de glade ungene da nissen kom med pakker. Det reddet nok jula til mange. Jeg husker fra jeg var liten selv, at det var stas med nisse og pakker, sier Larsen, som regner med at det blir noen glade unger i \u00e5r ogs\u00e5.<\/p>\n<p>   <img decoding=\"async\" width=\"1200\" height=\"900\" fetchpriority=\"low\"  loading=\"lazy\"  src=\"https:\/\/www.europesays.com\/no\/wp-content\/uploads\/2025\/12\/37f29ef5-d4e7-410a-9e4f-98a00f4ecf40.jpeg\" alt=\"\" class=\"brick-c-cFOWSL\" style=\"--brick-image-ratio: 1200 \/ 900;\"\/><\/p>\n<p>      NYE OPPDRAG: Morten Larsen vet ikke n\u00e5r eller hvor neste kj\u00f8retur blir. Det eneste han vet, er at han tar p\u00e5 seg kj\u00f8reoppdrag og at de vil komme. Gjerne en langtur til Nord-Norge.<br \/>\n      Foto: Kenneth Mellem\n    <\/p>\n<p>\u2013 Nylig var jeg ogs\u00e5 hos brannvesenet i Elverum med kake. Det synes jeg de fortjente. De redder liv, og setter ofte sitt eget liv i fare for \u00e5 hjelpe andre. Det kom noen t\u00e5rer da jeg overleverte kaken til dem, og de var veldig takknemlige. Da kunne jeg reise hjem med en veldig god f\u00f8lelse, sier Morten Larsen.<\/p>\n<p>Noen vippser<\/p>\n<p>\u2013 Jeg gj\u00f8r ikke dette for \u00e5 tjene penger, men noen av dem jeg var nisse hos i fjor, ville absolutt gi noe tilbake og vippse meg. Men jeg vil jo gj\u00f8re dette gratis, det er det som er gleden og drivkraften min. I \u00e5r er det bare mamma og meg p\u00e5 julaften, s\u00e5 da er jeg der og spiser f\u00f8r jeg er ute p\u00e5 nisseoppdrag, sier Larsen.<\/p>\n<p>\u2013 Da setter jeg p\u00e5 meg nissedrakten og reiser ut. Jeg var julenisse p\u00e5 Langeland for noen uker siden ogs\u00e5, da var jeg der og delte ut godteposer til ungene. De lurte p\u00e5 om jeg hadde mulighet, og det hadde jeg jo. Det gir meg s\u00e5 mye glede \u00e5 se at andre blir glade for det jeg gj\u00f8r, sier Larsen, som regner med at han kommer til \u00e5 bli en sliten nisse p\u00e5 julaften i \u00e5r ogs\u00e5.<\/p>\n<p>   <img decoding=\"async\" width=\"720\" height=\"959\" fetchpriority=\"low\"  loading=\"lazy\"  src=\"https:\/\/www.europesays.com\/no\/wp-content\/uploads\/2025\/12\/image_D71FFDC9-9E02-46A5-B641-AC71AB92D89C_1766409149_1.jpeg\" alt=\"\" class=\"brick-c-cFOWSL\" style=\"--brick-image-ratio: 720 \/ 959;\"\/><\/p>\n<p>      OPPDRAG: Morten Larsen har tatt p\u00e5 seg noen nisseoppdrag p\u00e5 julaften i \u00e5r ogs\u00e5, men betraktelig f\u00e6rre enn i fjor.<br \/>\n      Foto: privat\n    <\/p>\n<p>Og at det ratt vil komme inn flere foresp\u00f8rsler enn de sju-\u00e5tte han har tatt p\u00e5 seg.<\/p>\n<p>\u2013 Men jeg skal v\u00e6re nisse igjen i romjula. Jeg kommer til \u00e5 fortsette med dette her, s\u00e5 lenge hjertet mitt sl\u00e5r. Og bestemor ble 102, s\u00e5 jeg h\u00e5per jeg har de sterke genene og kan holde p\u00e5 i mange \u00e5r til, sier Larsen.<\/p>\n<p>I fjor havnet han ogs\u00e5 i rikspressen med sin hjelpsomhet som nisse.<\/p>\n","protected":false},"excerpt":{"rendered":"\u2013 Jeg har roet ned n\u00e5, men har sagt ja til sju-\u00e5tte steder i Sol\u00f8r og p\u00e5 Roverud&hellip;\n","protected":false},"author":2,"featured_media":120730,"comment_status":"","ping_status":"","sticky":false,"template":"","format":"standard","meta":{"footnotes":""},"categories":[10],"tags":[36,575,1301,20,21,24,25,8138,15,13395,14370,551,22,23,13,12201,30,28,29,14,16,1510,26,27],"class_list":{"0":"post-120729","1":"post","2":"type-post","3":"status-publish","4":"format-standard","5":"has-post-thumbnail","7":"category-norge","8":"tag-art","9":"tag-asnes","10":"tag-barn","11":"tag-breaking-news","12":"tag-breakingnews","13":"tag-featured-news","14":"tag-featurednews","15":"tag-grue","16":"tag-headlines","17":"tag-julaften","18":"tag-julenisse","19":"tag-kongsvinger","20":"tag-latest-news","21":"tag-latestnews","22":"tag-news","23":"tag-nisse","24":"tag-no","25":"tag-norge","26":"tag-norway","27":"tag-nyheter","28":"tag-overskrifter","29":"tag-story","30":"tag-top-stories","31":"tag-topstories"},"share_on_mastodon":{"url":"https:\/\/pubeurope.com\/@no\/115771292189661891","error":""},"_links":{"self":[{"href":"https:\/\/www.europesays.com\/no\/wp-json\/wp\/v2\/posts\/120729","targetHints":{"allow":["GET"]}}],"collection":[{"href":"https:\/\/www.europesays.com\/no\/wp-json\/wp\/v2\/posts"}],"about":[{"href":"https:\/\/www.europesays.com\/no\/wp-json\/wp\/v2\/types\/post"}],"author":[{"embeddable":true,"href":"https:\/\/www.europesays.com\/no\/wp-json\/wp\/v2\/users\/2"}],"replies":[{"embeddable":true,"href":"https:\/\/www.europesays.com\/no\/wp-json\/wp\/v2\/comments?post=120729"}],"version-history":[{"count":0,"href":"https:\/\/www.europesays.com\/no\/wp-json\/wp\/v2\/posts\/120729\/revisions"}],"wp:featuredmedia":[{"embeddable":true,"href":"https:\/\/www.europesays.com\/no\/wp-json\/wp\/v2\/media\/120730"}],"wp:attachment":[{"href":"https:\/\/www.europesays.com\/no\/wp-json\/wp\/v2\/media?parent=120729"}],"wp:term":[{"taxonomy":"category","embeddable":true,"href":"https:\/\/www.europesays.com\/no\/wp-json\/wp\/v2\/categories?post=120729"},{"taxonomy":"post_tag","embeddable":true,"href":"https:\/\/www.europesays.com\/no\/wp-json\/wp\/v2\/tags?post=120729"}],"curies":[{"name":"wp","href":"https:\/\/api.w.org\/{rel}","templated":true}]}}