{"id":120733,"date":"2025-12-23T22:48:38","date_gmt":"2025-12-23T22:48:38","guid":{"rendered":"https:\/\/www.europesays.com\/no\/120733\/"},"modified":"2025-12-23T22:48:38","modified_gmt":"2025-12-23T22:48:38","slug":"vaer-trafikk-sender-ut-farevarsel-for-is-og-snoskred-pa-julaften","status":"publish","type":"post","link":"https:\/\/www.europesays.com\/no\/120733\/","title":{"rendered":"V\u00e6r, Trafikk | Sender ut farevarsel for is og sn\u00f8skred p\u00e5 julaften"},"content":{"rendered":"\n<p>Meteorologisk Institutt har sendt ut flere farevarsler for onsdag 24. desember som ber\u00f8rer Tr\u00f8ndelag og Helgeland. Det er gult farevarsel for is, og betydelig sn\u00f8skredfare i region Svartisen, samt moderat sn\u00f8skredfare i region Helgeland.<\/p>\n<p>Det er gult farevarsel for is p\u00e5 Helgeland og i deler av Tr\u00f8ndelag fra midnatt natt til onsdag og frem til klokken 17.00.\u00a0<\/p>\n<p>   <img decoding=\"async\" width=\"1200\" height=\"675\" fetchpriority=\"low\"  loading=\"lazy\"  src=\"https:\/\/www.europesays.com\/no\/wp-content\/uploads\/2025\/12\/03a68880-b372-4d7e-bd0b-e1b15c0075ef.png\" alt=\"\" class=\"brick-c-cFOWSL\" style=\"--brick-image-ratio: 1200 \/ 675;\"\/><\/p>\n<p>      Kart over Is, gult niv\u00e5, Deler av Tr\u00f8ndelag og Helgeland. Illustrasjon: Meteorologisk Institutt<\/p>\n<p>Varselet skyldes ventet mildv\u00e6r som kan f\u00f8re til at regn fryser p\u00e5 kald bakke, eller at det oppst\u00e5r underkj\u00f8lt regn. Dette kan skape lokalt vanskelige kj\u00f8reforhold med v\u00e5t is i veibanen, og transporttjenester kan bli p\u00e5virket.\u00a0<\/p>\n<p>Det er ogs\u00e5 meldt om sn\u00f8skredfare i region Svartisen. Det er varslet faregrad 3 \u2013 betydelig sn\u00f8skredfare \u2013 onsdag 24. desember. Skred kan l\u00f8sne av seg selv p\u00e5 grunn av nedb\u00f8r, vind og mildv\u00e6r. Det anbefales sterkt \u00e5 unng\u00e5 skredterreng.<\/p>\n<p>Det er ogs\u00e5 meldt om sn\u00f8skredfare p\u00e5 Helgeland. Samme dag er det varslet faregrad 2 \u2013 moderat sn\u00f8skredfare. Ogs\u00e5 her kan skred l\u00f8sne av seg selv, og det advares mot \u00e5 ferdes i skredterreng.<\/p>\n","protected":false},"excerpt":{"rendered":"Meteorologisk Institutt har sendt ut flere farevarsler for onsdag 24. desember som ber\u00f8rer Tr\u00f8ndelag og Helgeland. Det er&hellip;\n","protected":false},"author":2,"featured_media":5826,"comment_status":"","ping_status":"","sticky":false,"template":"","format":"standard","meta":{"footnotes":""},"categories":[10],"tags":[36,20,21,24,25,15,7725,22,23,13,30,28,29,14,16,14371,1510,26,27,224,553],"class_list":{"0":"post-120733","1":"post","2":"type-post","3":"status-publish","4":"format-standard","5":"has-post-thumbnail","7":"category-norge","8":"tag-art","9":"tag-breaking-news","10":"tag-breakingnews","11":"tag-featured-news","12":"tag-featurednews","13":"tag-headlines","14":"tag-is","15":"tag-latest-news","16":"tag-latestnews","17":"tag-news","18":"tag-no","19":"tag-norge","20":"tag-norway","21":"tag-nyheter","22":"tag-overskrifter","23":"tag-snoskredvarsel","24":"tag-story","25":"tag-top-stories","26":"tag-topstories","27":"tag-trafikk","28":"tag-vaer"},"share_on_mastodon":{"url":"https:\/\/pubeurope.com\/@no\/115771323701910733","error":""},"_links":{"self":[{"href":"https:\/\/www.europesays.com\/no\/wp-json\/wp\/v2\/posts\/120733","targetHints":{"allow":["GET"]}}],"collection":[{"href":"https:\/\/www.europesays.com\/no\/wp-json\/wp\/v2\/posts"}],"about":[{"href":"https:\/\/www.europesays.com\/no\/wp-json\/wp\/v2\/types\/post"}],"author":[{"embeddable":true,"href":"https:\/\/www.europesays.com\/no\/wp-json\/wp\/v2\/users\/2"}],"replies":[{"embeddable":true,"href":"https:\/\/www.europesays.com\/no\/wp-json\/wp\/v2\/comments?post=120733"}],"version-history":[{"count":0,"href":"https:\/\/www.europesays.com\/no\/wp-json\/wp\/v2\/posts\/120733\/revisions"}],"wp:featuredmedia":[{"embeddable":true,"href":"https:\/\/www.europesays.com\/no\/wp-json\/wp\/v2\/media\/5826"}],"wp:attachment":[{"href":"https:\/\/www.europesays.com\/no\/wp-json\/wp\/v2\/media?parent=120733"}],"wp:term":[{"taxonomy":"category","embeddable":true,"href":"https:\/\/www.europesays.com\/no\/wp-json\/wp\/v2\/categories?post=120733"},{"taxonomy":"post_tag","embeddable":true,"href":"https:\/\/www.europesays.com\/no\/wp-json\/wp\/v2\/tags?post=120733"}],"curies":[{"name":"wp","href":"https:\/\/api.w.org\/{rel}","templated":true}]}}