{"id":120736,"date":"2025-12-23T22:55:00","date_gmt":"2025-12-23T22:55:00","guid":{"rendered":"https:\/\/www.europesays.com\/no\/120736\/"},"modified":"2025-12-23T22:55:00","modified_gmt":"2025-12-23T22:55:00","slug":"nasa-forsker-lanserer-ny-teori-som-kan-forklare-betlehemsstjernen","status":"publish","type":"post","link":"https:\/\/www.europesays.com\/no\/120736\/","title":{"rendered":"NASA-forsker lanserer ny teori som kan forklare Betlehemsstjernen"},"content":{"rendered":"<p>\n        STJERNE: Mark Matney er planetforsker ved NASA og ekspert p\u00e5 himmellegemers bevegelser i verdensrommet.<br \/>\n        Nasa \/ NTB\n    <\/p>\n<p>    En gammel kinesisk kr\u00f8nike kan kaste nytt lys over hvordan en stjerne kunne lede vise menn til Judea. Det skriver planetforskeren Mark Matney i en ny rapport.<\/p>\n<p>Mer enn 400 b\u00f8ker og tekster er skrevet om Betlehemsstjernen som if\u00f8lge evangelisten Matteus ledet vise menn fra \u00d8sten til Israel. Noen mener at det kan ha v\u00e6rt en konstellasjon av ulike planeter, andre en supernova eller en vandrestjerne som viste seg p\u00e5 nattehimmelen.<\/p>\n<p>N\u00e5 har Mark Matney, som til vanlig er planetforsker ved romfartsorganisasjonen Nasa, kommet med sin teori i nyeste utgaven av <a href=\"https:\/\/britastro.org\/journal_contents_ite\/the-star-that-stopped-the-star-of-bethlehem-the-comet-of-5-bce\" target=\"_blank\" rel=\"nofollow noopener\">Journal of the British Astronomical Association<\/a>.<\/p>\n<p>En 2000 \u00e5r gammel kinesisk tekst<\/p>\n","protected":false},"excerpt":{"rendered":"STJERNE: Mark Matney er planetforsker ved NASA og ekspert p\u00e5 himmellegemers bevegelser i verdensrommet. Nasa \/ NTB En&hellip;\n","protected":false},"author":2,"featured_media":120737,"comment_status":"","ping_status":"","sticky":false,"template":"","format":"standard","meta":{"footnotes":""},"categories":[12],"tags":[20,21,24,25,15,22,23,13,30,28,29,14,16,26,27,42,43,44,45],"class_list":{"0":"post-120736","1":"post","2":"type-post","3":"status-publish","4":"format-standard","5":"has-post-thumbnail","7":"category-verden","8":"tag-breaking-news","9":"tag-breakingnews","10":"tag-featured-news","11":"tag-featurednews","12":"tag-headlines","13":"tag-latest-news","14":"tag-latestnews","15":"tag-news","16":"tag-no","17":"tag-norge","18":"tag-norway","19":"tag-nyheter","20":"tag-overskrifter","21":"tag-top-stories","22":"tag-topstories","23":"tag-verden","24":"tag-world","25":"tag-world-news","26":"tag-worldnews"},"share_on_mastodon":{"url":"https:\/\/pubeurope.com\/@no\/115771350894928389","error":""},"_links":{"self":[{"href":"https:\/\/www.europesays.com\/no\/wp-json\/wp\/v2\/posts\/120736","targetHints":{"allow":["GET"]}}],"collection":[{"href":"https:\/\/www.europesays.com\/no\/wp-json\/wp\/v2\/posts"}],"about":[{"href":"https:\/\/www.europesays.com\/no\/wp-json\/wp\/v2\/types\/post"}],"author":[{"embeddable":true,"href":"https:\/\/www.europesays.com\/no\/wp-json\/wp\/v2\/users\/2"}],"replies":[{"embeddable":true,"href":"https:\/\/www.europesays.com\/no\/wp-json\/wp\/v2\/comments?post=120736"}],"version-history":[{"count":0,"href":"https:\/\/www.europesays.com\/no\/wp-json\/wp\/v2\/posts\/120736\/revisions"}],"wp:featuredmedia":[{"embeddable":true,"href":"https:\/\/www.europesays.com\/no\/wp-json\/wp\/v2\/media\/120737"}],"wp:attachment":[{"href":"https:\/\/www.europesays.com\/no\/wp-json\/wp\/v2\/media?parent=120736"}],"wp:term":[{"taxonomy":"category","embeddable":true,"href":"https:\/\/www.europesays.com\/no\/wp-json\/wp\/v2\/categories?post=120736"},{"taxonomy":"post_tag","embeddable":true,"href":"https:\/\/www.europesays.com\/no\/wp-json\/wp\/v2\/tags?post=120736"}],"curies":[{"name":"wp","href":"https:\/\/api.w.org\/{rel}","templated":true}]}}