{"id":120742,"date":"2025-12-23T23:02:15","date_gmt":"2025-12-23T23:02:15","guid":{"rendered":"https:\/\/www.europesays.com\/no\/120742\/"},"modified":"2025-12-23T23:02:15","modified_gmt":"2025-12-23T23:02:15","slug":"dirty-december","status":"publish","type":"post","link":"https:\/\/www.europesays.com\/no\/120742\/","title":{"rendered":"Dirty December"},"content":{"rendered":"\n<p class=\"_paragraph_o9xde_4 _paragraph_xtcu6_10 layout-component text-serif-m layout-normal text-serif-m layout-padded _medium_xtcu6_25\">\u00abDetty December\u00bb \u2013 som betyr \u00abskittent\u00bb p\u00e5 vest-afrikansk slang \u2013 er en m\u00e5nedslang feiring som trekker tusenvis av lokale og diasporaerdiasporaerEn gruppe mennesker som lever spredt utenfor sitt opprinnelige hjemland, men som fortsatt har sterke b\u00e5nd til det gjennom kultur, spr\u00e5k eller religion. til Lagos i <a href=\"https:\/\/www.vg.no\/tag\/nigeria?utm_source=vg-article&amp;utm_medium=auto-tagger&amp;utm_campaign=0pnv8G\" class=\"_link_o9xde_39\" rel=\"nofollow noopener\" target=\"_blank\">Nigeria<\/a>, for \u00e5 feire jul p\u00e5 ekstravagant vis.<\/p>\n<p><img alt=\"\" class=\"_image_qp4xg_65 layout-component layout-left\" data-fullscreen- data-track-element-type=\"Article image fullscreen\" data-track-name=\"ImageFullscreen\" decoding=\"async\" loading=\"lazy\" height=\"2800\" itemprop=\"image\"  src=\"https:\/\/www.europesays.com\/no\/wp-content\/uploads\/2025\/12\/b666ab2c-3a32-4a72-a9d2-f34eca02c37f\"  style=\"object-position:0% 0%\" width=\"4200\"\/><img alt=\"\" class=\"_image_qp4xg_65 layout-component layout-right\" data-fullscreen- data-track-element-type=\"Article image fullscreen\" data-track-name=\"ImageFullscreen\" decoding=\"async\" loading=\"lazy\" height=\"2800\" itemprop=\"image\"  src=\"https:\/\/www.europesays.com\/no\/wp-content\/uploads\/2025\/12\/c7d69fef-11a0-4038-b608-62199726f3c9\"  style=\"object-position:0% 0%\" width=\"4200\"\/><\/p>\n<p class=\"_paragraph_o9xde_4 _paragraph_xtcu6_10 layout-component text-serif-m layout-normal text-serif-m layout-padded\">Alle bilder: Olympia De Maismont \/ AFP.<\/p>\n<p class=\"_paragraph_o9xde_4 _paragraph_xtcu6_10 layout-component text-serif-m layout-normal text-serif-m layout-padded _medium_xtcu6_25\">Lagos, som normalt har 15 millioner innbyggere, sveller opp n\u00e5r de nye ankomstene str\u00f8mmer til byen. Gatene fylles med blinkende lys og dunkende musikk fra nattklubber, barer og gater.<\/p>\n<p><img alt=\"\" class=\"_image_qp4xg_65 layout-component layout-left\" data-fullscreen- data-track-element-type=\"Article image fullscreen\" data-track-name=\"ImageFullscreen\" decoding=\"async\" loading=\"lazy\" height=\"2800\" itemprop=\"image\"  src=\"https:\/\/www.europesays.com\/no\/wp-content\/uploads\/2025\/12\/ebf9593c-6f57-4eaa-ad75-f9e2e90faf6c\"  style=\"object-position:0% 0%\" width=\"4200\"\/><img alt=\"\" class=\"_image_qp4xg_65 layout-component layout-right\" data-fullscreen- data-track-element-type=\"Article image fullscreen\" data-track-name=\"ImageFullscreen\" decoding=\"async\" loading=\"lazy\" height=\"2800\" itemprop=\"image\"  src=\"https:\/\/www.europesays.com\/no\/wp-content\/uploads\/2025\/12\/1908576e-4e46-46f3-a251-14b16eddba95\"  style=\"object-position:0% 0%\" width=\"4200\"\/><\/p>\n<p class=\"_paragraph_o9xde_4 _paragraph_xtcu6_10 layout-component text-serif-m layout-normal text-serif-m layout-padded _medium_xtcu6_25\">Festivalen varer fra 6. desember til nytt\u00e5r, og noen ganger inn i januar. H\u00f8ytiden feires med fester, konserter og luksus. De siste \u00e5rene har ogs\u00e5 festen spredt seg til Ghana.<\/p>\n<p><img alt=\"\" class=\"_image_qp4xg_65 layout-component layout-fullscreen\" data-fullscreen- data-track-element-type=\"Article image fullscreen\" data-track-name=\"ImageFullscreen\" decoding=\"async\" loading=\"lazy\" height=\"2800\" itemprop=\"image\"  src=\"https:\/\/www.europesays.com\/no\/wp-content\/uploads\/2025\/12\/a1edb833-ba37-4cd1-b73d-bb80efb1af47\"  style=\"object-position:53.41666666666667% 53.87499999999999%\" width=\"4200\"\/><\/p>\n<p class=\"_paragraph_o9xde_4 _paragraph_xtcu6_10 layout-component text-serif-m layout-normal text-serif-m layout-padded _medium_xtcu6_25\">De som kommer hjem kalles \u00abIJGBs\u00bb \u2013 \u00abI Just Got Back\u00bb. De bringer med seg juleglede og fulle bankkontoer.<\/p>\n<p><img alt=\"\" class=\"_image_qp4xg_65 layout-component layout-left\" data-fullscreen- data-track-element-type=\"Article image fullscreen\" data-track-name=\"ImageFullscreen\" decoding=\"async\" loading=\"lazy\" height=\"2800\" itemprop=\"image\"  src=\"https:\/\/www.europesays.com\/no\/wp-content\/uploads\/2025\/12\/6310ca96-e5d2-4b2e-81e2-10a191499a3d\"  style=\"object-position:0% 0%\" width=\"4200\"\/><\/p>\n<p class=\"_paragraph_o9xde_4 _paragraph_xtcu6_10 layout-component text-serif-m layout-normal text-serif-m layout-padded _medium_xtcu6_25\">P\u00e5 strippeklubben Vein hjelper d\u00f8rvaktene en Lamborghini med \u00e5 ankomme med stil.<\/p>\n<p><img alt=\"\" class=\"_image_qp4xg_65 layout-component layout-right\" data-fullscreen- data-track-element-type=\"Article image fullscreen\" data-track-name=\"ImageFullscreen\" decoding=\"async\" loading=\"lazy\" height=\"2800\" itemprop=\"image\"  src=\"https:\/\/www.europesays.com\/no\/wp-content\/uploads\/2025\/12\/c60e6c63-5e85-4546-8bf1-1e617af5f42e\"  style=\"object-position:57.333333333333336% 29.732142857142858%\" width=\"4200\"\/><img alt=\"\" class=\"_image_qp4xg_65 layout-component layout-left\" data-fullscreen- data-track-element-type=\"Article image fullscreen\" data-track-name=\"ImageFullscreen\" decoding=\"async\" loading=\"lazy\" height=\"2800\" itemprop=\"image\"  src=\"https:\/\/www.europesays.com\/no\/wp-content\/uploads\/2025\/12\/3ab0c03e-d481-481c-a115-101bc6fc27f8\"  style=\"object-position:0% 0%\" width=\"4200\"\/><\/p>\n<p class=\"_paragraph_o9xde_4 _paragraph_xtcu6_10 layout-component text-serif-m layout-normal text-serif-m layout-padded _medium_xtcu6_25\">Bilder fra nattklubben 2:45 i Lagos viser en havfrue som sv\u00f8mmer rundt i et akvarium. Kanskje hun ringer julen inn.<\/p>\n<p><img alt=\"\" class=\"_image_qp4xg_65 layout-component layout-left\" data-fullscreen- data-track-element-type=\"Article image fullscreen\" data-track-name=\"ImageFullscreen\" decoding=\"async\" loading=\"lazy\" height=\"2800\" itemprop=\"image\"  src=\"https:\/\/www.europesays.com\/no\/wp-content\/uploads\/2025\/12\/cf27d8cf-abb8-4564-b615-71592f38435d\"  style=\"object-position:0% 0%\" width=\"4200\"\/><img alt=\"\" class=\"_image_qp4xg_65 layout-component layout-right\" data-fullscreen- data-track-element-type=\"Article image fullscreen\" data-track-name=\"ImageFullscreen\" decoding=\"async\" loading=\"lazy\" height=\"2800\" itemprop=\"image\"  src=\"https:\/\/www.europesays.com\/no\/wp-content\/uploads\/2025\/12\/29bbe085-f1e6-492e-b1e1-3ece37602ca2\"  style=\"object-position:0% 0%\" width=\"4200\"\/><\/p>\n<p class=\"_paragraph_o9xde_4 _paragraph_xtcu6_10 layout-component text-serif-m layout-normal text-serif-m layout-padded _medium_xtcu6_25\">Lagos-regjeringen tjente over 71,6 millioner dollar p\u00e5 turisme under fjor\u00e5rets Detty December, if\u00f8lge\u00a0<a href=\"https:\/\/punchng.com\/enjoy-detty-december-in-south-west-nigeria\/\" class=\"_link_o9xde_39\" rel=\"nofollow noopener\" target=\"_blank\">Punch<\/a>.<\/p>\n<p><img alt=\"\" class=\"_image_qp4xg_65 layout-component layout-fullscreen\" data-fullscreen- data-track-element-type=\"Article image fullscreen\" data-track-name=\"ImageFullscreen\" decoding=\"async\" loading=\"lazy\" height=\"2354\" itemprop=\"image\"  src=\"https:\/\/www.europesays.com\/no\/wp-content\/uploads\/2025\/12\/828e8270-408f-4b48-80ec-f39b3a7e1a77\"  style=\"object-position:54.418011894647414% 28.86576040781648%\" width=\"3531\"\/> Gabriel Aas Sk\u00e5levik (foto)<\/p>\n<p class=\"text-sans-s\">Fotojournalist<\/p>\n<p><img decoding=\"async\" alt=\"Gabriel Aas Sk\u00e5levik (foto)\" class=\"_image_uv074_179\" src=\"https:\/\/www.europesays.com\/no\/wp-content\/uploads\/2025\/12\/a2b2f1aa-b0ea-48dd-99b1-f73c3877edc3\" width=\"480\"\/>Kontakt Gabriel Aas Sk\u00e5levik (foto)     <\/p>\n","protected":false},"excerpt":{"rendered":"\u00abDetty December\u00bb \u2013 som betyr \u00abskittent\u00bb p\u00e5 vest-afrikansk slang \u2013 er en m\u00e5nedslang feiring som trekker tusenvis av&hellip;\n","protected":false},"author":2,"featured_media":120743,"comment_status":"","ping_status":"","sticky":false,"template":"","format":"standard","meta":{"footnotes":""},"categories":[12],"tags":[20,21,6645,24,25,1176,497,15,13184,5593,14372,22,23,13,9949,30,28,29,14,16,26,27,42,43,44,45],"class_list":{"0":"post-120742","1":"post","2":"type-post","3":"status-publish","4":"format-standard","5":"has-post-thumbnail","7":"category-verden","8":"tag-breaking-news","9":"tag-breakingnews","10":"tag-desember","11":"tag-featured-news","12":"tag-featurednews","13":"tag-fest","14":"tag-festival","15":"tag-headlines","16":"tag-hoytider","17":"tag-jul","18":"tag-juletrefest","19":"tag-latest-news","20":"tag-latestnews","21":"tag-news","22":"tag-nigeria","23":"tag-no","24":"tag-norge","25":"tag-norway","26":"tag-nyheter","27":"tag-overskrifter","28":"tag-top-stories","29":"tag-topstories","30":"tag-verden","31":"tag-world","32":"tag-world-news","33":"tag-worldnews"},"share_on_mastodon":{"url":"https:\/\/pubeurope.com\/@no\/115771378931071672","error":""},"_links":{"self":[{"href":"https:\/\/www.europesays.com\/no\/wp-json\/wp\/v2\/posts\/120742","targetHints":{"allow":["GET"]}}],"collection":[{"href":"https:\/\/www.europesays.com\/no\/wp-json\/wp\/v2\/posts"}],"about":[{"href":"https:\/\/www.europesays.com\/no\/wp-json\/wp\/v2\/types\/post"}],"author":[{"embeddable":true,"href":"https:\/\/www.europesays.com\/no\/wp-json\/wp\/v2\/users\/2"}],"replies":[{"embeddable":true,"href":"https:\/\/www.europesays.com\/no\/wp-json\/wp\/v2\/comments?post=120742"}],"version-history":[{"count":0,"href":"https:\/\/www.europesays.com\/no\/wp-json\/wp\/v2\/posts\/120742\/revisions"}],"wp:featuredmedia":[{"embeddable":true,"href":"https:\/\/www.europesays.com\/no\/wp-json\/wp\/v2\/media\/120743"}],"wp:attachment":[{"href":"https:\/\/www.europesays.com\/no\/wp-json\/wp\/v2\/media?parent=120742"}],"wp:term":[{"taxonomy":"category","embeddable":true,"href":"https:\/\/www.europesays.com\/no\/wp-json\/wp\/v2\/categories?post=120742"},{"taxonomy":"post_tag","embeddable":true,"href":"https:\/\/www.europesays.com\/no\/wp-json\/wp\/v2\/tags?post=120742"}],"curies":[{"name":"wp","href":"https:\/\/api.w.org\/{rel}","templated":true}]}}