{"id":120746,"date":"2025-12-23T23:05:10","date_gmt":"2025-12-23T23:05:10","guid":{"rendered":"https:\/\/www.europesays.com\/no\/120746\/"},"modified":"2025-12-23T23:05:10","modified_gmt":"2025-12-23T23:05:10","slug":"stabaek-abel-cedergren-slavia-praha-vil-hente-stabaek-talent-abel-cedergren","status":"publish","type":"post","link":"https:\/\/www.europesays.com\/no\/120746\/","title":{"rendered":"Stab\u00e6k, Abel Cedergren | Slavia Praha vil hente Stab\u00e6k-talent Abel Cedergren"},"content":{"rendered":"\n<p>Det n\u00e6rmer seg et nytt overgangsmarked, og n\u00e5 kan en sv\u00e6rt talentfull nordmann bytte klubb.<\/p>\n<p>Nettavisen kan nemlig erfare at Slavia Praha vil kj\u00f8pe Abel Cedergren (16) fra Stab\u00e6k.<\/p>\n<p>Den tsjekkiske storklubben har lagt inn bud og forhandlet med Stab\u00e6k den siste tiden. Obos-klubben skal v\u00e6re sikret over 15 millioner kroner i sikre penger, mens totalpakken kan vokse seg vesentlig st\u00f8rre om en avtale g\u00e5r i boks mellom klubbene, f\u00e5r Nettavisen opplyst.<\/p>\n<p><b>Les ogs\u00e5: <\/b><a rel=\"Follow nofollow noopener\" href=\"https:\/\/www.nettavisen.no\/sport\/disse-vinner-nettavisen-prisen-2025\/s\/5-95-2794786\" target=\"_blank\">Disse vinner Nettavisen-prisen 2025<\/a><\/p>\n<p>Etter det Nettavisen kjenner til har klubbene forhandlet i en god stund allerede.<\/p>\n<p>Stab\u00e6k vil naturlig nok ogs\u00e5 ha gode prosenter ved et eventuelt videresalg.<\/p>\n<p>16 \u00e5r gamle Cedergren anses som et stort talent og er i en ny generasjon store norske talenter p\u00e5 vei opp og frem.<\/p>\n<p>Han har tidligere v\u00e6rt p\u00e5 treningsopphold hos Chelsea.<\/p>\n<p>   <img decoding=\"async\" width=\"5588\" height=\"3902\" fetchpriority=\"low\"  loading=\"lazy\"  src=\"https:\/\/www.europesays.com\/no\/wp-content\/uploads\/2025\/12\/NTB_oVbhuJZGp78.jpg\" alt=\"CALCIO - UEFA Champions League - Slavia Praha vs Arsenal. Arsenal away victory 3-0 against Slavia Praha during the UEFA Champions League at the Fortuna Arena (also known as Eden Arena stadium) in Prague. during Slavia Praha vs Arsenal, UEFA Champions League football match in Prague, Czech Republic, November 04 2025 URN:82294977\" class=\"brick-c-cFOWSL\" style=\"--brick-image-ratio: 5588 \/ 3902;\"\/><\/p>\n<p>      CL-LAG: Slavia Praha har spilt seriespill i Champions League.<br \/>\n      Foto: Gregorio Gastaldi Llames Massini (Pa Photos)\n    <\/p>\n<p>Slavia Praha h\u00e5per \u00e5 sikre seg stortalentet raskt, etter at han fikk spilletid i Obos-ligaen denne sesongen.<\/p>\n<p>De har presentert sin plan for 16-\u00e5ringen og mye st\u00e5r n\u00e5 og faller p\u00e5 om Cedergren \u00f8nsker \u00e5 flytte til Tsjekkia og fortsette utviklingen sin der.<\/p>\n<p><b>Les ogs\u00e5: <\/b><a rel=\"Follow nofollow noopener\" href=\"https:\/\/www.nettavisen.no\/sport\/ryktene-herjer-velger-liverpool\/s\/5-95-2795276\" target=\"_blank\">Hevdet Liverpool var favoritt \u2013 s\u00e5 kom kontrabeskjeden<\/a><\/p>\n<p>Det skal v\u00e6re n\u00e6r en enighet mellom partene, og en avtale kan fort falle p\u00e5 plass om Cedergren selv \u00f8nsker \u00e5 flytte utenlands.<\/p>\n<p>Slavia Praha spiller for tiden Champions League, og har fostret opp flere spillere som har dratt til st\u00f8rre klubber p\u00e5 et senere tidspunkt.<\/p>\n","protected":false},"excerpt":{"rendered":"Det n\u00e6rmer seg et nytt overgangsmarked, og n\u00e5 kan en sv\u00e6rt talentfull nordmann bytte klubb. Nettavisen kan nemlig&hellip;\n","protected":false},"author":2,"featured_media":120747,"comment_status":"","ping_status":"","sticky":false,"template":"","format":"standard","meta":{"footnotes":""},"categories":[59],"tags":[30,28,29,83,82],"class_list":{"0":"post-120746","1":"post","2":"type-post","3":"status-publish","4":"format-standard","5":"has-post-thumbnail","7":"category-sport","8":"tag-no","9":"tag-norge","10":"tag-norway","11":"tag-sport","12":"tag-sports"},"share_on_mastodon":{"url":"https:\/\/pubeurope.com\/@no\/115771390429888202","error":""},"_links":{"self":[{"href":"https:\/\/www.europesays.com\/no\/wp-json\/wp\/v2\/posts\/120746","targetHints":{"allow":["GET"]}}],"collection":[{"href":"https:\/\/www.europesays.com\/no\/wp-json\/wp\/v2\/posts"}],"about":[{"href":"https:\/\/www.europesays.com\/no\/wp-json\/wp\/v2\/types\/post"}],"author":[{"embeddable":true,"href":"https:\/\/www.europesays.com\/no\/wp-json\/wp\/v2\/users\/2"}],"replies":[{"embeddable":true,"href":"https:\/\/www.europesays.com\/no\/wp-json\/wp\/v2\/comments?post=120746"}],"version-history":[{"count":0,"href":"https:\/\/www.europesays.com\/no\/wp-json\/wp\/v2\/posts\/120746\/revisions"}],"wp:featuredmedia":[{"embeddable":true,"href":"https:\/\/www.europesays.com\/no\/wp-json\/wp\/v2\/media\/120747"}],"wp:attachment":[{"href":"https:\/\/www.europesays.com\/no\/wp-json\/wp\/v2\/media?parent=120746"}],"wp:term":[{"taxonomy":"category","embeddable":true,"href":"https:\/\/www.europesays.com\/no\/wp-json\/wp\/v2\/categories?post=120746"},{"taxonomy":"post_tag","embeddable":true,"href":"https:\/\/www.europesays.com\/no\/wp-json\/wp\/v2\/tags?post=120746"}],"curies":[{"name":"wp","href":"https:\/\/api.w.org\/{rel}","templated":true}]}}