{"id":120758,"date":"2025-12-23T23:59:29","date_gmt":"2025-12-23T23:59:29","guid":{"rendered":"https:\/\/www.europesays.com\/no\/120758\/"},"modified":"2025-12-23T23:59:29","modified_gmt":"2025-12-23T23:59:29","slug":"kun-ett-sted-holder-apent-dette-er-status-for-jula-fvn-no","status":"publish","type":"post","link":"https:\/\/www.europesays.com\/no\/120758\/","title":{"rendered":"(+) Kun ett sted holder \u00e5pent. Dette er status for jula. &#8211; fvn.no"},"content":{"rendered":"<ol>\n<li><a href=\"https:\/\/news.google.com\/rss\/articles\/CBMigAFBVV95cUxQX21JclRHUHQxTHVkRGxrRjhVeXBvOUNsSWVuN2ZpZGF2UzhyWlZodjZyd3ZKTFg5TGRvN25mNG1ONTZrNVFvb2ZTYjdoZDFJbVotWXg2MTlZblFVX191NUVCd2VxU3BxSURXdVlITGtmYzJMVTFRSW8zdUpwMDlOVw?oc=5\" target=\"_blank\" rel=\"nofollow noopener\">(+) Kun ett sted holder \u00e5pent. Dette er status for jula.<\/a>&nbsp;&nbsp;fvn.no<\/li>\n<li><a href=\"https:\/\/news.google.com\/rss\/articles\/CBMiigFBVV95cUxOcmF6Sno1M0dXT0JJVkxxLUhDaTBhb0dzVHFjWjJwTFh5NS1DQjZ4V01idDhEbHlfdHdUN05HaHAtMXlOR0VqQzB1WTcwU3JEb3FUNmVER01YZjJnUm9pU3JwWTBRREs1VG0wUjlhUkZCY0JQSnNXdklLcWpfSmR3ZVlrazJEQWRuRWc?oc=5\" target=\"_blank\" rel=\"nofollow noopener\">Her kan du st\u00e5 p\u00e5 ski i S\u00f8r-Norge<\/a>&nbsp;&nbsp;NRK<\/li>\n<li><a href=\"https:\/\/news.google.com\/rss\/articles\/CBMicEFVX3lxTE84WExOdU1Sc1RFTWFsNDFKSm9XR2RMS05JYmRkZXIyVjVNNGJlRXVZSEJxRFEwYjN4Vk1EcUJqWGRiSUx0R1NuZ0xycnJrMDZ1NTU0ZHVheDZYdXNkdENNY0M5bjdMbDVtNEo4NnY5czQ?oc=5\" target=\"_blank\" rel=\"nofollow noopener\">&#8211; Aldri opplevd maken<\/a>&nbsp;&nbsp;DinSide<\/li>\n<li><a href=\"https:\/\/news.google.com\/rss\/articles\/CBMijAFBVV95cUxOSGx3eTJmRnp2cTZ1eHUyLWJUY2p1VmpZV1QtR040SHR1RXRfdjh5MGFodGV3VC1qYmVLUVgtVGpfbGlxMHZJVnZzT21OZjVpN1cxUkMwTzRVQkNIbl84NWo5WGlSelM5VTNsaE9Wd1lpZzhXQ1VLbklMeFk0ZFZENnlPLXBtc0ZoWHU5Ng?oc=5\" target=\"_blank\" rel=\"nofollow noopener\">\u00c5ssiden, V\u00e6ret | Ingen drift f\u00f8r nytt\u00e5r: \u2013 Vi pr\u00f8ver, men f\u00e5r bare slaps<\/a>&nbsp;&nbsp;Drammens Tidende<\/li>\n<li><a href=\"https:\/\/news.google.com\/rss\/articles\/CBMiqgFBVV95cUxNb2lGdjR6RXYxRWtHSXdoSmxHcVU4aUl1UGVVY3hqcm1oeDVfMHVzTkVUek1XcXdxYjJSakcxN0Naclh4LXJHdnVhS002Tk1zNi1NLUNNVXAtMGlGM1V0MV9BaUVGSHoxR3o0MTZYYVM0cWZhV2E0STQwMGFlLWRLbUhUOG94ODlIekhXcHJqS1NoNk5Tb3BNbW94b1VYSUp5S1RWQ01jWUZzdw?oc=5\" target=\"_blank\" rel=\"nofollow noopener\">Fritid, N\u00e6ringsliv | Kjemper mot v\u00e6rgudene: Mangler ikke s\u00e5 fryktelig mye for \u00e5 \u00e5pne<\/a>&nbsp;&nbsp;Mer\u00e5kerposten<\/li>\n<\/ol>\n","protected":false},"excerpt":{"rendered":"(+) Kun ett sted holder \u00e5pent. Dette er status for jula.&nbsp;&nbsp;fvn.no Her kan du st\u00e5 p\u00e5 ski i&hellip;\n","protected":false},"author":2,"featured_media":120759,"comment_status":"","ping_status":"","sticky":false,"template":"","format":"standard","meta":{"footnotes":""},"categories":[10],"tags":[11994,14374,20,21,24,25,15,22,23,13,30,28,29,14,16,9119,2985,3650,26,27],"class_list":{"0":"post-120758","1":"post","2":"type-post","3":"status-publish","4":"format-standard","5":"has-post-thumbnail","7":"category-norge","8":"tag-alpinanlegg","9":"tag-aseral","10":"tag-breaking-news","11":"tag-breakingnews","12":"tag-featured-news","13":"tag-featurednews","14":"tag-headlines","15":"tag-latest-news","16":"tag-latestnews","17":"tag-news","18":"tag-no","19":"tag-norge","20":"tag-norway","21":"tag-nyheter","22":"tag-overskrifter","23":"tag-setesdal","24":"tag-sirdal","25":"tag-ski","26":"tag-top-stories","27":"tag-topstories"},"share_on_mastodon":{"url":"https:\/\/pubeurope.com\/@no\/115771602568473449","error":""},"_links":{"self":[{"href":"https:\/\/www.europesays.com\/no\/wp-json\/wp\/v2\/posts\/120758","targetHints":{"allow":["GET"]}}],"collection":[{"href":"https:\/\/www.europesays.com\/no\/wp-json\/wp\/v2\/posts"}],"about":[{"href":"https:\/\/www.europesays.com\/no\/wp-json\/wp\/v2\/types\/post"}],"author":[{"embeddable":true,"href":"https:\/\/www.europesays.com\/no\/wp-json\/wp\/v2\/users\/2"}],"replies":[{"embeddable":true,"href":"https:\/\/www.europesays.com\/no\/wp-json\/wp\/v2\/comments?post=120758"}],"version-history":[{"count":0,"href":"https:\/\/www.europesays.com\/no\/wp-json\/wp\/v2\/posts\/120758\/revisions"}],"wp:featuredmedia":[{"embeddable":true,"href":"https:\/\/www.europesays.com\/no\/wp-json\/wp\/v2\/media\/120759"}],"wp:attachment":[{"href":"https:\/\/www.europesays.com\/no\/wp-json\/wp\/v2\/media?parent=120758"}],"wp:term":[{"taxonomy":"category","embeddable":true,"href":"https:\/\/www.europesays.com\/no\/wp-json\/wp\/v2\/categories?post=120758"},{"taxonomy":"post_tag","embeddable":true,"href":"https:\/\/www.europesays.com\/no\/wp-json\/wp\/v2\/tags?post=120758"}],"curies":[{"name":"wp","href":"https:\/\/api.w.org\/{rel}","templated":true}]}}