{"id":120762,"date":"2025-12-24T00:06:39","date_gmt":"2025-12-24T00:06:39","guid":{"rendered":"https:\/\/www.europesays.com\/no\/120762\/"},"modified":"2025-12-24T00:06:39","modified_gmt":"2025-12-24T00:06:39","slug":"juletrafikk-jul-lille-julaften-er-den-store-utfartsdagen-dra-tidlig","status":"publish","type":"post","link":"https:\/\/www.europesays.com\/no\/120762\/","title":{"rendered":"Juletrafikk, Jul | Lille julaften er den store utfartsdagen: \u2013 Dra tidlig"},"content":{"rendered":"\n<p>P\u00e5 Jernbanestasjonen er det mange som er ute og reiser 22. og 23 desember.<\/p>\n<p>Marina Barthel og Kristoffer Nerhus har allerede reist et stykke da de kom trillende med sin bagasje inn p\u00e5 jernbanestasjonen mandag kveld.<\/p>\n<p><b>\u2013 Jeg skal hjem til mor, sier Kristoffer Nerhus med et smil.<\/b><\/p>\n<p>Paret fra \u00d8lve i Kvinnherad skal bes\u00f8ke Nerhus sin familie p\u00e5 Rykkinn i B\u00e6rum.<\/p>\n<p>Paret har kj\u00f8rt fra \u00d8lve, tatt fergen til Halhjem og stoppet innom Lagunen Storsenter. S\u00e5 var de innom for middag hos broren til Nerheim, som bor p\u00e5 Midtun. Videre tar de nattoget \u00f8stover.<\/p>\n<p>   <img decoding=\"async\" width=\"6192\" height=\"4128\" fetchpriority=\"low\"  loading=\"lazy\"  src=\"https:\/\/www.europesays.com\/no\/wp-content\/uploads\/2025\/12\/DSC_4853.jpg\" alt=\"\" class=\"brick-c-cFOWSL\" style=\"--brick-image-ratio: 6192 \/ 4128;\"\/><\/p>\n<p>      Jonathan Paranoan, konen Dinda Putri Amir og deres lille hund, Chester. Paranoan tar en mastergrad ved universitetet.<br \/>\n      Foto: ANDERS KJ\u00d8LEN\n    <\/p>\n<p>Jonathan Paranoan er student i Bergen, og har bodd her i snart et \u00e5r med konen Dinda Putri Amir. Paret er fra Indonesia, og skal feire sin f\u00f8rste jul i Norge.<\/p>\n<p>\u2013 En venninne inviterte oss hjem til seg i B\u00f8 i Telemark, sier Paranoan.<\/p>\n<p>Der h\u00e5per paret p\u00e5 \u00e5 oppleve en tradisjonell norsk jul, med venner.<\/p>\n<p>Kom deg ut tidlig<\/p>\n<p>If\u00f8lge Statens vegvesen startet juleutfarten fredag 19. desember, men den travleste dagen i trafikken er ventet \u00e5 v\u00e6re lille julaften.<\/p>\n<p>Trafikkoperat\u00f8ren har et r\u00e5d til de som skal hjem til jul.<\/p>\n<p><b>\u2013 De fleste vil nok fors\u00f8ke \u00e5 kj\u00f8re tidlig fra jobb og komme seg av g\u00e5rde. Jeg tipper at trafikken vil ta seg opp s\u00e6rlig fra klokken 14 og utover, sier trafikkoperat\u00f8r Marianne Hove.<\/b><\/p>\n<p>\u2013 Beregn god tid<\/p>\n<p>Hove nevner ogs\u00e5 at juleutfarten trolig kombineres med ettermiddagsrushet og julehandelen i tillegg.<\/p>\n<p><b>Hun anbefaler \u00e5 dra tidlig p\u00e5 lille julaften, om man har mulighet til det.<\/b><\/p>\n<p>\u2013 Det er ikke meldt om noe uv\u00e6r i fjellene, s\u00e5 de som skal over fjellene kan forvente seg en fin tur, sier Hove.<\/p>\n<p>\u2013 N\u00e5r man kommer seg utenfor bykjernen, s\u00e5 skal trafikken g\u00e5 greit.<\/p>\n<p>   <img decoding=\"async\" width=\"8249\" height=\"5499\" fetchpriority=\"low\"  loading=\"lazy\"  src=\"https:\/\/www.europesays.com\/no\/wp-content\/uploads\/2025\/12\/5_8_2107540_3.jpg\" alt=\"Vi sjekket om det var kaos i forbindelse med julehandel p\u00e5 Lagunen og Horisont.Lagunen\" class=\"brick-c-cFOWSL\" style=\"--brick-image-ratio: 8249 \/ 5499;\"\/><\/p>\n<p>      Spesielt rundt kj\u00f8pesentrene er det mye trafikk og folk som er ute og handler, sier Hove.<br \/>\n      Foto: ANDERS KJ\u00d8LEN (Arkivfoto).\n    <\/p>\n<p>Hove minner om at det kan v\u00e6re ekstra k\u00f8er p\u00e5 fergesamband.<\/p>\n<p><b>\u2013 Beregn god tid. Det er en del biler p\u00e5 veiene. Det tar den tiden det tar n\u00e5r man skal ut p\u00e5 en utfartsdag.<\/b><\/p>\n<p>  <a href=\"https:\/\/www.ba.no\/5-8-3258689\" class=\"related-teaser has-image default-story-teaser article--c-eRUmMG article--c-eRUmMG-jKCPdD-design-default\" rel=\"nofollow noopener\" target=\"_blank\"><\/p>\n<p>    <img decoding=\"async\" loading=\"lazy\"  src=\"https:\/\/www.europesays.com\/no\/wp-content\/uploads\/2025\/12\/EH9_9256_behandlet.jpg\" alt=\"\" class=\"brick-c-cFOWSL\" style=\"\"\/><\/p>\n<p>\n            Les ogs\u00e5<\/p>\n<p>              Juleutfarten tar seg opp. Dette er de travleste dagene.\n        <\/p>\n<p>  <\/a><\/p>\n<p>  <a href=\"https:\/\/www.ba.no\/5-8-3264979\" class=\"related-teaser has-image default-story-teaser article--c-eRUmMG article--c-eRUmMG-jKCPdD-design-default\" rel=\"nofollow noopener\" target=\"_blank\"><\/p>\n<p>    <img decoding=\"async\" loading=\"lazy\"  src=\"https:\/\/www.europesays.com\/no\/wp-content\/uploads\/2025\/12\/evanger%2Bkopi.jpg\" alt=\"\" class=\"brick-c-cFOWSL\" style=\"\"\/><\/p>\n<p>\n            Les ogs\u00e5<\/p>\n<p>              Trafikkulykke p\u00e5 Evanger: \u2013 Store materielle skader\n        <\/p>\n<p>  <\/a><\/p>\n","protected":false},"excerpt":{"rendered":"P\u00e5 Jernbanestasjonen er det mange som er ute og reiser 22. og 23 desember. Marina Barthel og Kristoffer&hellip;\n","protected":false},"author":2,"featured_media":120763,"comment_status":"","ping_status":"","sticky":false,"template":"","format":"standard","meta":{"footnotes":""},"categories":[10],"tags":[36,20,21,24,25,15,5593,13080,22,23,14375,13,30,28,29,14,16,1510,26,27,224],"class_list":{"0":"post-120762","1":"post","2":"type-post","3":"status-publish","4":"format-standard","5":"has-post-thumbnail","7":"category-norge","8":"tag-art","9":"tag-breaking-news","10":"tag-breakingnews","11":"tag-featured-news","12":"tag-featurednews","13":"tag-headlines","14":"tag-jul","15":"tag-juletrafikk","16":"tag-latest-news","17":"tag-latestnews","18":"tag-lille-julaften","19":"tag-news","20":"tag-no","21":"tag-norge","22":"tag-norway","23":"tag-nyheter","24":"tag-overskrifter","25":"tag-story","26":"tag-top-stories","27":"tag-topstories","28":"tag-trafikk"},"share_on_mastodon":{"url":"https:\/\/pubeurope.com\/@no\/115771630322482189","error":""},"_links":{"self":[{"href":"https:\/\/www.europesays.com\/no\/wp-json\/wp\/v2\/posts\/120762","targetHints":{"allow":["GET"]}}],"collection":[{"href":"https:\/\/www.europesays.com\/no\/wp-json\/wp\/v2\/posts"}],"about":[{"href":"https:\/\/www.europesays.com\/no\/wp-json\/wp\/v2\/types\/post"}],"author":[{"embeddable":true,"href":"https:\/\/www.europesays.com\/no\/wp-json\/wp\/v2\/users\/2"}],"replies":[{"embeddable":true,"href":"https:\/\/www.europesays.com\/no\/wp-json\/wp\/v2\/comments?post=120762"}],"version-history":[{"count":0,"href":"https:\/\/www.europesays.com\/no\/wp-json\/wp\/v2\/posts\/120762\/revisions"}],"wp:featuredmedia":[{"embeddable":true,"href":"https:\/\/www.europesays.com\/no\/wp-json\/wp\/v2\/media\/120763"}],"wp:attachment":[{"href":"https:\/\/www.europesays.com\/no\/wp-json\/wp\/v2\/media?parent=120762"}],"wp:term":[{"taxonomy":"category","embeddable":true,"href":"https:\/\/www.europesays.com\/no\/wp-json\/wp\/v2\/categories?post=120762"},{"taxonomy":"post_tag","embeddable":true,"href":"https:\/\/www.europesays.com\/no\/wp-json\/wp\/v2\/tags?post=120762"}],"curies":[{"name":"wp","href":"https:\/\/api.w.org\/{rel}","templated":true}]}}