{"id":120775,"date":"2025-12-24T00:27:13","date_gmt":"2025-12-24T00:27:13","guid":{"rendered":"https:\/\/www.europesays.com\/no\/120775\/"},"modified":"2025-12-24T00:27:13","modified_gmt":"2025-12-24T00:27:13","slug":"a-fra-balmoral-ba-om-upassende-venner","status":"publish","type":"post","link":"https:\/\/www.europesays.com\/no\/120775\/","title":{"rendered":"\u00abA\u00bb fra Balmoral ba om \u00abupassende venner\u00bb"},"content":{"rendered":"\n<p class=\"_lead_o9xde_2 _lead_xtcu6_50 layout-component text-serif-m layout-normal text-serif-l layout-component layout-wide layout-padded _wide_17hqh_1 layout-padded\">Blant de 11.000 nylig offentliggjorte dokumentene nevnes ogs\u00e5 Donald Trump flere ganger. <\/p>\n<p><img alt=\"Jeffrey Epstein ble siktet for flere overgrep mot mindre\u00e5rige jenter i 2019. Foto: New York State Sex Offender Registry via AP \/ NTB\" class=\"_image_qp4xg_65 layout-component layout-wide\" data-fullscreen- data-track-element-type=\"Article image fullscreen\" data-track-name=\"ImageFullscreen\" fetchpriority=\"high\" decoding=\"sync\" loading=\"eager\" height=\"1997\" itemprop=\"image\"  src=\"https:\/\/www.europesays.com\/no\/wp-content\/uploads\/2025\/12\/7bca0798-9a63-4e28-a02d-803c92e212cf\"  style=\"object-position:0% 0%\" width=\"2995\"\/>Jeffrey Epstein ble siktet for flere overgrep mot mindre\u00e5rige jenter i 2019. Foto: New York State Sex Offender Registry via AP \/ NTB<\/p>\n<ul aria-hidden=\"true\" class=\"_images_ntbth_112\">\n<li><a class=\"_link_ntbth_117\" href=\"https:\/\/www.vg.no\/forfatter\/anja-ariel-toernes-brekke\" style=\"z-index:2\" title=\"Anja A. T. Brekke\" rel=\"nofollow noopener\" target=\"_blank\"><img alt=\"Bilde av Anja A. T. Brekke\" class=\"_image_ntbth_93\" fetchpriority=\"low\" loading=\"lazy\" decoding=\"async\" itemprop=\"image\"  src=\"https:\/\/www.europesays.com\/no\/wp-content\/uploads\/2025\/12\/1766536030_259_064db0a6-f784-4fee-a84a-81e3f5807bb6\"  width=\"480\"\/><\/a><\/li>\n<li><a class=\"_link_ntbth_117\" href=\"https:\/\/www.vg.no\/forfatter\/hanna-espevik\" style=\"z-index:1\" title=\"Hanna Espevik\" rel=\"nofollow noopener\" target=\"_blank\"><img alt=\"Bilde av Hanna Espevik\" class=\"_image_ntbth_93\" fetchpriority=\"low\" loading=\"lazy\" decoding=\"async\" itemprop=\"image\"  src=\"https:\/\/www.europesays.com\/no\/wp-content\/uploads\/2025\/12\/7d09952f-c496-4be9-9231-2e71060fc939\"  width=\"480\"\/><\/a><\/li>\n<\/ul>\n<p> Oppdatert onsdag 24. desember kl. 00:56     <\/p>\n<p class=\"_paragraph_o9xde_4 _paragraph_xtcu6_10 layout-component text-serif-m layout-normal text-serif-m layout-padded\">Lille julaften er flere tusen nye dokumenter og videofiler er offentliggjort fra Epstein-etterforskningen av det amerikanske justisdepartementet.<\/p>\n<p class=\"_paragraph_o9xde_4 _paragraph_xtcu6_10 layout-component text-serif-m layout-normal text-serif-m layout-padded\">I de nye dokumentene kommer det frem en e-post sendt til Ghislaine Maxwell, sexforbryter Jeffrey Epsteins n\u00e6re partner, 16. august 2001. <\/p>\n<p>\u00abDen usynlige mannen\u00bb <\/p>\n<p class=\"_paragraph_o9xde_4 _paragraph_xtcu6_10 layout-component text-serif-m layout-normal text-serif-m layout-padded\">Avsenderen bruker aliaset \u00abDen usynlige mannnen\u00bb og e-postadresse abx17@dial.pipex.com. <\/p>\n<p class=\"_paragraph_o9xde_4 _paragraph_xtcu6_10 layout-component text-serif-m layout-normal text-serif-m layout-padded\">Mye tyder p\u00e5 at dette kan v\u00e6re Andrew Mountbatten-Windsor, tidligere prins Andrew, hertug av York. Han har tidligere nektet for \u00e5 ha gjort noe galt i tilknytning Jeffrey Epstein. <\/p>\n<p class=\"_paragraph_o9xde_4 _paragraph_xtcu6_10 layout-component text-serif-m layout-normal text-serif-m layout-padded\"><strong class=\"_strong_o9xde_25\">Her er hele meldingen:<\/strong><\/p>\n<p><img alt=\"Foto: Department of Justice\" class=\"_image_qp4xg_65 layout-component layout-normal\" data-fullscreen- data-track-element-type=\"Article image fullscreen\" data-track-name=\"ImageFullscreen\" decoding=\"async\" loading=\"lazy\" height=\"268\" itemprop=\"image\"  src=\"https:\/\/www.europesays.com\/no\/wp-content\/uploads\/2025\/12\/fe9663f6-359c-45bb-8fd8-1901dad9485c\"  style=\"object-position:0% 0%\" width=\"541\"\/>Foto: Department of Justice<\/p>\n<p class=\"_paragraph_o9xde_4 _paragraph_xtcu6_10 layout-component text-serif-m layout-normal text-serif-m layout-padded\">E-posten starter slik: \u00abJeg er her oppe p\u00e5 BalmoralBalmoralBalmoral er et slott i Skottland som fungerer som den britiske kongefamiliens private ferieresidens. summer camp for kongefamilien\u00bb. <\/p>\n<p class=\"_paragraph_o9xde_4 _paragraph_xtcu6_10 layout-component text-serif-m layout-normal text-serif-m layout-padded\"><strong class=\"_strong_o9xde_25\">Videre sp\u00f8r personen: \u00abHar du funnet noen nye upassende venner til meg?\u00bb. F\u00f8r den avslutter med: \u00abVi sees A xxx\u00bb <\/strong><\/p>\n<p class=\"_paragraph_o9xde_4 _paragraph_xtcu6_10 layout-component text-serif-m layout-normal text-serif-m layout-padded\">En lignende e-postadresse \u00abaace@dial.pipex.com\u00bb har i tidligere dokumenter vist seg \u00e5 ligge i Epsteins kontakter under navnet \u00abHertugen av York\u00bb, skriver <a href=\"https:\/\/www.bbc.com\/news\/live\/c3e0y1vqj09t\" class=\"_link_o9xde_39\" rel=\"nofollow noopener\" target=\"_blank\">BBC<\/a>.<\/p>\n<p class=\"_paragraph_o9xde_4 _paragraph_xtcu6_10 layout-component text-serif-m layout-normal text-serif-m layout-padded\">Begge e-postene bruker aliaset \u00abDen usynlige mannen\u00bb, inkludert en sendt 28. februar 2002 som ble signert med: \u00abMasse kj\u00e6rlighet A xx\u00bb.<\/p>\n<p>F\u00e5 oversikt:Hvem var Jeffrey Epstein?<\/p>\n<p class=\"_paragraph_o9xde_4 _paragraph_xtcu6_10 _paragraph_16v91_10 layout-component text-serif-m layout-normal text-sans-m layout-padded\" itemprop=\"text\">Jeffrey Epstein var en amerikansk finansmann og en straffed\u00f8mt sexforbryter. Han var styrtrik og hadde forbindelser til mange mektige personer over hele verden.<\/p>\n<p>N\u00e5r d\u00f8de han?<\/p>\n<ul class=\"_list_o9xde_3 _list_xtcu6_9 _list_16v91_9 _unordered_o9xde_106 layout-component text-serif-m layout-normal text-sans-m layout-padded\" itemprop=\"text\">\n<li class=\"_item_o9xde_30\">Epstein ble funnet d\u00f8d i fengselet i august 2019. If\u00f8lge amerikanske myndigheter tok han sitt eget liv.<\/li>\n<li class=\"_item_o9xde_30\">D\u00f8dsfallet har blitt gjenstand for en av Maga-bevegelsens mest yndede og hardnakkede konspirasjonsteorier. <\/li>\n<li class=\"_item_o9xde_30\">De er overbevist om at Epstein ble drept og at dette viser hvor langt USAs eliter \u2013 med hjelp fra \u00abden dype staten\u00bb \u2013 er villig til \u00e5 g\u00e5 for \u00e5 dekke over sine forbrytelser og umoral.<\/li>\n<\/ul>\n<p>Hvem er Ghislaine Maxwell?<\/p>\n<p class=\"_paragraph_o9xde_4 _paragraph_xtcu6_10 _paragraph_16v91_10 layout-component text-serif-m layout-normal text-sans-m layout-padded\" itemprop=\"text\">Britisk samfunnsfigur og Epsteins n\u00e6re partner. Hun ble i 2021 d\u00f8mt til 20 \u00e5rs fengsel for \u00e5 ha rekruttert og bist\u00e5tt ham i overgrepene mot unge jenter.<\/p>\n<p>Hva handler Epstein-saken om?<\/p>\n<p class=\"_paragraph_o9xde_4 _paragraph_xtcu6_10 _paragraph_16v91_10 layout-component text-serif-m layout-normal text-sans-m layout-padded\" itemprop=\"text\">Anklager, etterforskning og straffeforf\u00f8lgelse av Epsteins omfattende nettverk av seksuelle overgrep og menneskehandel. <\/p>\n<p class=\"_paragraph_o9xde_4 _paragraph_xtcu6_10 _paragraph_16v91_10 layout-component text-serif-m layout-normal text-sans-m layout-padded\" itemprop=\"text\">Over flere \u00e5r ble en rekke mindre\u00e5rige jenter seksuelt utnyttet etter \u00e5 ha blitt lokket med penger og jobber.<\/p>\n<ul class=\"_list_o9xde_3 _list_xtcu6_9 _list_16v91_9 _unordered_o9xde_106 layout-component text-serif-m layout-normal text-sans-m layout-padded\" itemprop=\"text\">\n<li class=\"_item_o9xde_30\">Det hele startet i 2005 da politiet i Florida begynte \u00e5 etterforske ham etter at en 14 \u00e5r gammel jente fortalte at hun var blitt misbrukt. <\/li>\n<li class=\"_item_o9xde_30\">Epstein ble d\u00f8mt i 2008 for \u00e5 ha opps\u00f8kt prostitusjon fra en mindre\u00e5rig, men fikk en mild straff.<\/li>\n<li class=\"_item_o9xde_30\">Det kommende ti\u00e5ret f\u00e5r Epstein anklager fra flere kvinner som hevder \u00e5 v\u00e6re hans ofre.<\/li>\n<li class=\"_item_o9xde_30\">I 2019 ble han p\u00e5grepet igjen, denne gangen for menneskehandel til seksuelle form\u00e5l. Han blir anklaget for \u00e5 ha betalt mindre\u00e5rige jenter for massasje og for \u00e5 ha forgrepet seg p\u00e5 dem. Epstein nekter straffskyld.<\/li>\n<li class=\"_item_o9xde_30\">Han ble d\u00f8mt for sexforbrytelser. Mens han ventet p\u00e5 rettssaken for menneskehandel til seksuelle form\u00e5l, ble han funnet d\u00f8d i fengselet.<\/li>\n<\/ul>\n<p class=\"_paragraph_o9xde_4 _paragraph_xtcu6_10 _paragraph_16v91_10 layout-component text-serif-m layout-normal text-sans-m layout-padded\" itemprop=\"text\">Mange av overgrepene skal ha skjedd i Epsteins luksusboliger i Florida, New York \u2013 og p\u00e5 <a href=\"https:\/\/www.vg.no\/nyheter\/i\/jdpz89\/dette-er-epsteins-private-oey-rykter-om-sexovergrep-i-paradis\" data-track-element-type=\"Link\" data-track-id=\"link:jdpz89\" class=\"_link_o9xde_39\" rel=\"nofollow noopener\" target=\"_blank\">hans private \u00f8y<\/a> i Karibia.<\/p>\n<p class=\"_paragraph_o9xde_4 _paragraph_xtcu6_10 _paragraph_16v91_10 layout-component text-serif-m layout-normal text-sans-m layout-padded\" itemprop=\"text\"><strong class=\"_strong_o9xde_25\">Les mer her: <a href=\"https:\/\/www.vg.no\/nyheter\/i\/8mLVOQ\/dette-er-epstein-saken-ofrene-medhjelperne-skandalene\" data-track-element-type=\"Link\" data-track-id=\"link:8mLVOQ\" class=\"_link_o9xde_39\" rel=\"nofollow noopener\" target=\"_blank\">Ofrene, medhjelperne, skandalene<\/a><\/strong><\/p>\n<p>Hvorfor kommer dokumentene n\u00e5?<\/p>\n<p class=\"_paragraph_o9xde_4 _paragraph_xtcu6_10 _paragraph_16v91_10 layout-component text-serif-m layout-normal text-sans-m layout-padded\" itemprop=\"text\">Rettspapirer og vitneforklaringer frigj\u00f8res gradvis etter rettsavgj\u00f8relser i USA. Materialet stammer fra sivile s\u00f8ksm\u00e5l mot Epstein og Maxwell.<\/p>\n<p>Hvilke kjendiser og maktpersoner kobles til Epstein?<\/p>\n<p class=\"_paragraph_o9xde_4 _paragraph_xtcu6_10 _paragraph_16v91_10 layout-component text-serif-m layout-normal text-sans-m layout-padded\" itemprop=\"text\">Epsteins kontakt med maktpersoner som Bill Clinton, Donald Trump, prins Andrew og Bill Gates har skapt stor oppsikt.<\/p>\n<p class=\"_paragraph_o9xde_4 _paragraph_xtcu6_10 _paragraph_16v91_10 layout-component text-serif-m layout-normal text-sans-m layout-padded\" itemprop=\"text\">Ogs\u00e5 nordmenn har blitt koblet til Epsteins navn. Tidligere statsminister Thorbj\u00f8rn Jagland, toppdiplomat Terje R\u00f8d-Larsen og prinsesse Mette-Marit har alle m\u00f8tt ham. Samtlige tar avstand fra de grove forbrytelsene han ble anklaget for.<\/p>\n<p class=\"_paragraph_o9xde_4 _paragraph_xtcu6_10 layout-component text-serif-m layout-normal text-serif-m layout-padded\">I et svar skriver Ghislaine Maxwell: \u00abBeklager \u00e5 m\u00e5tte skuffe deg, likevel, sannheten m\u00e5 bli fortalt. Jeg har kun klart \u00e5 finne passende venner\u00bb. <\/p>\n<p class=\"_paragraph_o9xde_4 _paragraph_xtcu6_10 layout-component text-serif-m layout-normal text-serif-m layout-padded\"><a href=\"https:\/\/www.bbc.com\/news\/live\/c3e0y1vqj09t\" class=\"_link_o9xde_39\" rel=\"nofollow noopener\" target=\"_blank\">BBC<\/a> har kontaktet Mountbatten-Windsors apparat for en kommentar, uten \u00e5 f\u00e5 svar.<\/p>\n<p class=\"_paragraph_o9xde_4 _paragraph_xtcu6_10 layout-component text-serif-m layout-normal text-serif-m layout-padded\"><strong class=\"_strong_o9xde_25\">Dette <a href=\"https:\/\/www.vg.no\/nyheter\/i\/V6b1bd\/epstein-bildene-eksprins-andrew-avbildet-paa-fanget-til-flere-kvinner\" data-track-element-type=\"Link\" data-track-id=\"link:V6b1bd\" class=\"_link_o9xde_39\" rel=\"nofollow noopener\" target=\"_blank\">bildet av eksprinsen<\/a> ble frigitt p\u00e5 fredag: <\/strong><\/p>\n<p><img alt=\"Andrew Mountbatten-Windsor ligger p\u00e5 fanget til flere ukjente kvinner. I bakgrunn st\u00e5r Ghislaine Maxwell.   Foto: Department of Justice \/ Department of Justice\" class=\"_image_qp4xg_65 layout-component layout-normal\" data-fullscreen- data-track-element-type=\"Article image fullscreen\" data-track-name=\"ImageFullscreen\" decoding=\"async\" loading=\"lazy\" height=\"2631\" itemprop=\"image\"  src=\"https:\/\/www.europesays.com\/no\/wp-content\/uploads\/2025\/12\/36e46ce8-234d-4b24-a4ae-30720625d573\"  style=\"object-position:0% 0%\" width=\"3300\"\/>Andrew Mountbatten-Windsor ligger p\u00e5 fanget til flere ukjente kvinner. I bakgrunn st\u00e5r Ghislaine Maxwell.   Foto: Department of Justice \/ Department of Justice<\/p>\n<p class=\"_paragraph_o9xde_4 _paragraph_xtcu6_10 layout-component text-serif-m layout-normal text-serif-m layout-padded\">I oktober valgte hans bror kong Charles\u00a0<a href=\"https:\/\/www.vg.no\/rampelys\/i\/3Mlned\/en-ydmykelse-for-historieboekene\" data-track-element-type=\"Link\" data-track-id=\"link:3Mlned\" class=\"_link_o9xde_39\" rel=\"nofollow noopener\" target=\"_blank\">\u00e5 frata sin bror Andrew alle kongelige titler<\/a>\u00a0og sparke ham ut av Royal Lodge, som var det offentlig eide hjemmet hvor han bodde praktisk talt gratis.<\/p>\n<p>Trump nevnes flere ganger <\/p>\n<p class=\"_paragraph_o9xde_4 _paragraph_xtcu6_10 layout-component text-serif-m layout-normal text-serif-m layout-padded\">I dokumentene nevnes ogs\u00e5 USAs president Donald Trump flere ganger. Blant annet kommer det frem i en av e-postene at Trump reiste med Epsteins privatfly flere ganger enn tidligere kjent. <\/p>\n<p><img alt=\"Foto: Department of Justice\" class=\"_image_qp4xg_65 layout-component layout-normal\" data-fullscreen- data-track-element-type=\"Article image fullscreen\" data-track-name=\"ImageFullscreen\" decoding=\"async\" loading=\"lazy\" height=\"505\" itemprop=\"image\"  src=\"https:\/\/www.europesays.com\/no\/wp-content\/uploads\/2025\/12\/5f25f467-eca4-4bb0-a841-731549527beb\"  style=\"object-position:0% 0%\" width=\"720\"\/>Foto: Department of Justice<\/p>\n<p class=\"_paragraph_o9xde_4 _paragraph_xtcu6_10 layout-component text-serif-m layout-normal text-serif-m layout-padded\">Senderen og mottakeren for e-posten sendt 7. januar 2020 er sladdet, men i bunn st\u00e5r \u00abassisterende statsadvokat, Southern District of New York\u00bb &#8211; med navnet sladdet. <\/p>\n<p class=\"_paragraph_o9xde_4 _paragraph_xtcu6_10 layout-component text-serif-m layout-normal text-serif-m layout-padded\">\u00abHan er oppf\u00f8rt som passasjer p\u00e5 minst \u00e5tte flyvninger mellom 1993 og 1996, inkludert minst fire flyvninger der ogs\u00e5 Maxwell var til stede. Han er registrert som reisende sammen med blant andre, og til ulike tider, Marla Maples, datteren Tiffany og s\u00f8nnen Eric.\u00bb st\u00e5r det i e-posten. <\/p>\n<p><img alt=\"Foto: Department of Justice\" class=\"_image_qp4xg_65 layout-component layout-normal\" data-fullscreen- data-track-element-type=\"Article image fullscreen\" data-track-name=\"ImageFullscreen\" decoding=\"async\" loading=\"lazy\" height=\"338\" itemprop=\"image\"  src=\"https:\/\/www.europesays.com\/no\/wp-content\/uploads\/2025\/12\/bb672469-6d99-4e85-8fe7-f33255a7a00f\"  style=\"object-position:0% 0%\" width=\"736\"\/>Foto: Department of Justice<\/p>\n<p class=\"_paragraph_o9xde_4 _paragraph_xtcu6_10 layout-component text-serif-m layout-normal text-serif-m layout-padded\">Trump hadde i flere \u00e5r tett tilknytning til Epstein, og har lenge motsatt seg frigivelsen av dokumentene. Det finnes\u00a0<a href=\"https:\/\/www.vg.no\/nyheter\/i\/43qBqg\/trump-bilde-ble-fjernet-fra-epstein-filene-naa-er-det-publisert-igjen\" data-track-element-type=\"Link\" data-track-id=\"link:43qBqg\" class=\"_link_o9xde_39\" rel=\"nofollow noopener\" target=\"_blank\">flere bilder av ham<\/a>\u00a0blant de offentliggjorte filene.<\/p>\n<p class=\"_paragraph_o9xde_4 _paragraph_xtcu6_10 layout-component text-serif-m layout-normal text-serif-m layout-padded\">Lenge pr\u00f8vde presidenten \u00e5 avfeie Epstein-filene som en bl\u00f8ff. I flere m\u00e5neder avfeide han frigivelsen av dem, f\u00f8r han i november\u00a0<a href=\"https:\/\/www.vg.no\/nyheter\/i\/kwql3j\/trump-oppfordrer-republikanere-til-aa-offentliggjoere-epstein-filer\" data-track-element-type=\"Link\" data-track-id=\"link:kwql3j\" class=\"_link_o9xde_39\" rel=\"nofollow noopener\" target=\"_blank\">oppfordret republikanerne til \u00e5 offentliggj\u00f8re alt<\/a>.<\/p>\n<p class=\"_paragraph_o9xde_4 _paragraph_xtcu6_10 layout-component text-serif-m layout-normal text-serif-m layout-padded\">I november ble USAs folkevalgte, demokrater og republikanere i begge kamre i\u00a0Kongressen,<a href=\"https:\/\/www.vg.no\/nyheter\/i\/XjGGr7\/epstein-offer-til-vg-trump-kan-ikke-kjempe-mot-oss-lenger\" data-track-element-type=\"Link\" data-track-id=\"link:XjGGr7\" class=\"_link_o9xde_39\" rel=\"nofollow noopener\" target=\"_blank\">\u00a0enige om \u00e5 offentliggj\u00f8re<\/a>\u00a0absolutt\u00a0alle\u00a0rettsdokumenter.<\/p>\n","protected":false},"excerpt":{"rendered":"Blant de 11.000 nylig offentliggjorte dokumentene nevnes ogs\u00e5 Donald Trump flere ganger. Jeffrey Epstein ble siktet for flere&hellip;\n","protected":false},"author":2,"featured_media":120776,"comment_status":"","ping_status":"","sticky":false,"template":"","format":"standard","meta":{"footnotes":""},"categories":[12],"tags":[20,21,2697,24,25,15,22,23,13,30,28,29,14,16,26,27,42,43,44,45],"class_list":{"0":"post-120775","1":"post","2":"type-post","3":"status-publish","4":"format-standard","5":"has-post-thumbnail","7":"category-verden","8":"tag-breaking-news","9":"tag-breakingnews","10":"tag-epstein-dokumentene","11":"tag-featured-news","12":"tag-featurednews","13":"tag-headlines","14":"tag-latest-news","15":"tag-latestnews","16":"tag-news","17":"tag-no","18":"tag-norge","19":"tag-norway","20":"tag-nyheter","21":"tag-overskrifter","22":"tag-top-stories","23":"tag-topstories","24":"tag-verden","25":"tag-world","26":"tag-world-news","27":"tag-worldnews"},"share_on_mastodon":{"url":"https:\/\/pubeurope.com\/@no\/115771712887480836","error":""},"_links":{"self":[{"href":"https:\/\/www.europesays.com\/no\/wp-json\/wp\/v2\/posts\/120775","targetHints":{"allow":["GET"]}}],"collection":[{"href":"https:\/\/www.europesays.com\/no\/wp-json\/wp\/v2\/posts"}],"about":[{"href":"https:\/\/www.europesays.com\/no\/wp-json\/wp\/v2\/types\/post"}],"author":[{"embeddable":true,"href":"https:\/\/www.europesays.com\/no\/wp-json\/wp\/v2\/users\/2"}],"replies":[{"embeddable":true,"href":"https:\/\/www.europesays.com\/no\/wp-json\/wp\/v2\/comments?post=120775"}],"version-history":[{"count":0,"href":"https:\/\/www.europesays.com\/no\/wp-json\/wp\/v2\/posts\/120775\/revisions"}],"wp:featuredmedia":[{"embeddable":true,"href":"https:\/\/www.europesays.com\/no\/wp-json\/wp\/v2\/media\/120776"}],"wp:attachment":[{"href":"https:\/\/www.europesays.com\/no\/wp-json\/wp\/v2\/media?parent=120775"}],"wp:term":[{"taxonomy":"category","embeddable":true,"href":"https:\/\/www.europesays.com\/no\/wp-json\/wp\/v2\/categories?post=120775"},{"taxonomy":"post_tag","embeddable":true,"href":"https:\/\/www.europesays.com\/no\/wp-json\/wp\/v2\/tags?post=120775"}],"curies":[{"name":"wp","href":"https:\/\/api.w.org\/{rel}","templated":true}]}}