{"id":120778,"date":"2025-12-24T00:48:18","date_gmt":"2025-12-24T00:48:18","guid":{"rendered":"https:\/\/www.europesays.com\/no\/120778\/"},"modified":"2025-12-24T00:48:18","modified_gmt":"2025-12-24T00:48:18","slug":"militaersjef-skal-ha-omkommet","status":"publish","type":"post","link":"https:\/\/www.europesays.com\/no\/120778\/","title":{"rendered":"Milit\u00e6rsjef skal ha omkommet"},"content":{"rendered":"<p>  Vladimir Putin (73) skal ha advart dav\u00e6rende USA-president George W. Bush (79) om konsekvensene av ukrainsk Nato-medlemskap allerede for 17 \u00e5r siden.\u00a0<\/p>\n<p>\n    M\u00d8TTES I RUSSLAND: USAs president George W. Bush (t.v.) og hans russiske motpart Vladimir Putin m\u00f8tes i Bocharov Rutsjej-residensen ved Svartehavet i Sotsji i Russland 6. april 2008. Foto: Anatoli Zhdanov \/ UPI \/ Shutterstock \/ NTB\n  <\/p>\n<p>Russlands president Vladimir Putin advarte angivelig i 2008 sin amerikanske motpart George W. Bush om at USAs intensjon om \u00e5 ta opp Ukraina i Nato ville f\u00f8re til en langvarig konfrontasjon mellom Russland og USA, skriver det russiske nyhetsbyr\u00e5et <a href=\"https:\/\/tass.com\/world\/2063819\" rel=\"nofollow noopener\" target=\"_blank\">TASS<\/a>.\u00a0<\/p>\n<p>Det kommer fram etter at\u00a0\u00abNational Security Archive\u00bb\u00a0har f\u00e5tt <a href=\"https:\/\/nsarchive.gwu.edu\/document\/33711-document-3-memorandum-conversation-subject-meeting-president-russia\" rel=\"nofollow noopener\" target=\"_blank\">innsyn i avgraderte amerikanske regjeringsdokumenter.<\/a>\u00a0<\/p>\n<p>    <a itemprop=\"url\" href=\"https:\/\/www.dagbladet.no\/nyheter\/splitter-ekspertene\/84021537\" rel=\"nofollow noopener\" target=\"_blank\"><\/p>\n<p>        <img loading=\"lazy\" decoding=\"async\" src=\"https:\/\/www.europesays.com\/no\/wp-content\/uploads\/2025\/12\/1766537296_899_84021918.webp\" width=\"980\" height=\"441\" title=\"Splitter ekspertene\" alt=\"\" class=\"lazyload\" style=\"--aspect-ratio-image: 2.22; \"\/><\/p>\n<p>        Splitter ekspertene<\/p>\n<p>    <\/a><\/p>\n<p>Institusjonen ba om ordrette utskrifter av Vladimir Putin sine m\u00f8ter og telefonsamtaler med USAs president Bush mellom 2001 og 2008. Tirsdag 23. desember fikk de endelig innsyn, etter dr\u00f8yt to \u00e5rs ventetid.<\/p>\n<p>I april 2008 reiste president Bush til Kyiv og erkl\u00e6rte\u00a0\u00absterk st\u00f8tte\u00bb til Ukrainas Nato-medlemskap, skrev <a href=\"https:\/\/www.theguardian.com\/world\/2008\/apr\/02\/nato.georgia\" rel=\"nofollow noopener\" target=\"_blank\">The Guardian<\/a> den gangen.\u00a0<\/p>\n<p>&#8211; \u00c5 hjelpe Ukraina p\u00e5 veien mot Nato-medlemskap er i alle medlemslandenes interesse og vil bidra til \u00e5 fremme sikkerhet og frihet i denne regionen og i verden for \u00f8vrig, sa Bush.<\/p>\n<p>        <img loading=\"lazy\" decoding=\"async\" src=\"https:\/\/www.europesays.com\/no\/wp-content\/uploads\/2025\/12\/84024877.webp\" width=\"980\" height=\"559\" title=\"DET SISTE PRESIDENTM\u00d8TE: Dav\u00e6rende USA-president George W. Bush (til venstre) og Russlands president Vladimir Putin (til h\u00f8yre) under en pressekonferanse i feriebyen Sotsji ved Svartehavet. Foto: AP Photo \/ Alexander Zemlianichenko \/ NTB\" alt=\"\" class=\"\" style=\"--aspect-ratio-image: 1.75; \"\/><\/p>\n<p>\n        DET SISTE PRESIDENTM\u00d8TE: Dav\u00e6rende USA-president George W. Bush (til venstre) og Russlands president Vladimir Putin (til h\u00f8yre) under en pressekonferanse i feriebyen Sotsji ved Svartehavet. Foto: AP Photo \/ Alexander Zemlianichenko \/ NTB\n    <\/p>\n<p>Putin advarte<\/p>\n<p>Russland var p\u00e5 sin side ikke enig i denne holdningen.\u00a0<\/p>\n<p>&#8211; Jeg vil understreke at et Nato-medlemskap for et land som Ukraina p\u00e5 lang sikt vil skape et konfliktomr\u00e5de for dere og oss &#8211; en langvarig konfrontasjon, ble Putin sitert p\u00e5 av oversettere fra USAs nasjonale sikkerhetsr\u00e5d.<\/p>\n<p>        KJ\u00c6RLIGHET: P\u00e5 Vladimir Putins \u00e5rlige pressekonferanse fikk han blant annet sp\u00f8rsm\u00e5l om kj\u00e6rligheten. Video: AP. Reporter: Anabelle Bruun\/Dagbladet TV<\/p>\n<p class=\"no_italic m-no_italic\" data-lab-italic=\"\">&#8211; Hvorfor? sp\u00f8r Bush angivelig i transkripsjonen som ble avsl\u00f8rt nylig.<\/p>\n<p class=\"font-weight-bold m-font-weight-bold\" data-lab-font_weight=\"font-weight-bold\">&#8211;\u00a0Det skaper en trussel om at milit\u00e6rbaser og nye milit\u00e6re systemer blir utplassert i umiddelbar n\u00e6rhet av Russland. Det skaper usikkerhet og trusler for oss. Og ved \u00e5 st\u00f8tte anti-Nato-krefter i Ukraina, ville Russland arbeide for \u00e5 frata Nato muligheten til \u00e5 utvide seg. Russland ville skape problemer der hele tiden, kontret Putin.<\/p>\n<p class=\"font-weight-normal m-font-weight-normal\" data-lab-font_weight=\"font-weight-normal\">Han argumenterte videre og hevdet at Ukrainas befolkning var sv\u00e6rt splittet i sp\u00f8rsm\u00e5let om \u00e5 bli medlem av Nato. Han mente at det var lurere \u00e5 vente til et flertall av befolkningen var for \u00e5 bli medlem ettersom flere opplevde Nato som en\u00a0\u00absom en fiendtlig organisasjon\u00bb.<\/p>\n<p>Langvarig Nato-\u00f8nske<\/p>\n<p>Fortsatt den dag i dag er det diskuteres det rundt Ukrainas \u00f8nske om medlemskap i Nato.\u00a0<\/p>\n<p>Ukraina, som i godt over tre \u00e5r har forsvart seg mot Russlands fullskala invasjon, har lenge hatt et \u00f8nske om \u00e5 bli en del av alliansen.<\/p>\n<p>Det har i mange \u00e5r v\u00e6rt et russisk krav at Ukraina ikke skal f\u00e5 gjennomslag for sitt \u00f8nske.\u00a0<\/p>\n<p>Russland hevder at\u00a0Nato\u00a0truer deres sikkerhet, og de har rettferdiggjort invasjonskrigen i nabolandet med begrunnelsen at de vil hindre ukrainsk\u00a0medlemskap\u00a0i alliansen.<\/p>\n<p>        <img loading=\"lazy\" decoding=\"async\" src=\"https:\/\/www.europesays.com\/no\/wp-content\/uploads\/2025\/12\/84024868.webp\" width=\"667\" height=\"381\" title=\"FORHANDLINGER: Ukrainas president Volodymyr Zelenskyj og USAs spesialutsending Steve Witkoff jobber hardt for fred i Ukraina-krigen. Foto: Lisi Niesner \/ POOL \/ AFP \/ NTB\" alt=\"\" class=\"\" style=\"--aspect-ratio-image: 1.75; \"\/><\/p>\n<p>\n        FORHANDLINGER: Ukrainas president Volodymyr Zelenskyj og USAs spesialutsending Steve Witkoff jobber hardt for fred i Ukraina-krigen. Foto: Lisi Niesner \/ POOL \/ AFP \/ NTB\n    <\/p>\n<p>Donald Trump uttalte tidligere i \u00e5r at Ukraina kunne <a href=\"https:\/\/www.dagbladet.no\/nyheter\/det-ma-europa-gjore\/82743740\" rel=\"nofollow noopener\" target=\"_blank\">glemme \u00e5 bli med i Nato<\/a> og hevdet at\u00a0\u00abtrolig var grunnen til at det hele startet\u00bb.<\/p>\n<p>Fortsatt p\u00e5g\u00e5r det fredsforhandlinger mellom USA, Ukraina og Russland. I forrige uke p\u00e5sto en amerikansk kilde til nyhetsbyr\u00e5et Reuters at 90 prosent av sp\u00f8rsm\u00e5lene knyttet til Russland og Ukraina var l\u00f8st.\u00a0<\/p>\n<p>I helga beskrev Steve Witkoff helgens fredsforhandlinger i Miamia som\u00a0\u00abproduktive\u00bb.<\/p>\n<p>&#8211; Over de siste tre dagene i Florida har en ukrainsk delegasjon holdt flere produktive og konstruktive m\u00f8ter med amerikanske og europeiske partnere, skriver Witkoff i et innlegg p\u00e5\u00a0<a href=\"https:\/\/x.com\/SEPeaceMissions\/status\/2002826320615444873\" target=\"_blank\" rel=\"nofollow\">X<\/a>.<\/p>\n","protected":false},"excerpt":{"rendered":"Vladimir Putin (73) skal ha advart dav\u00e6rende USA-president George W. Bush (79) om konsekvensene av ukrainsk Nato-medlemskap allerede&hellip;\n","protected":false},"author":2,"featured_media":120779,"comment_status":"","ping_status":"","sticky":false,"template":"","format":"standard","meta":{"footnotes":""},"categories":[5],"tags":[20,21,24,25,15,19,22,23,17,18,13,30,28,29,14,16,26,27,412],"class_list":{"0":"post-120778","1":"post","2":"type-post","3":"status-publish","4":"format-standard","5":"has-post-thumbnail","7":"category-overskrifter","8":"tag-breaking-news","9":"tag-breakingnews","10":"tag-featured-news","11":"tag-featurednews","12":"tag-headlines","13":"tag-hovedoppslag","14":"tag-latest-news","15":"tag-latestnews","16":"tag-main-news","17":"tag-mainnews","18":"tag-news","19":"tag-no","20":"tag-norge","21":"tag-norway","22":"tag-nyheter","23":"tag-overskrifter","24":"tag-top-stories","25":"tag-topstories","26":"tag-utenriks"},"share_on_mastodon":{"url":"https:\/\/pubeurope.com\/@no\/115771795534007899","error":""},"_links":{"self":[{"href":"https:\/\/www.europesays.com\/no\/wp-json\/wp\/v2\/posts\/120778","targetHints":{"allow":["GET"]}}],"collection":[{"href":"https:\/\/www.europesays.com\/no\/wp-json\/wp\/v2\/posts"}],"about":[{"href":"https:\/\/www.europesays.com\/no\/wp-json\/wp\/v2\/types\/post"}],"author":[{"embeddable":true,"href":"https:\/\/www.europesays.com\/no\/wp-json\/wp\/v2\/users\/2"}],"replies":[{"embeddable":true,"href":"https:\/\/www.europesays.com\/no\/wp-json\/wp\/v2\/comments?post=120778"}],"version-history":[{"count":0,"href":"https:\/\/www.europesays.com\/no\/wp-json\/wp\/v2\/posts\/120778\/revisions"}],"wp:featuredmedia":[{"embeddable":true,"href":"https:\/\/www.europesays.com\/no\/wp-json\/wp\/v2\/media\/120779"}],"wp:attachment":[{"href":"https:\/\/www.europesays.com\/no\/wp-json\/wp\/v2\/media?parent=120778"}],"wp:term":[{"taxonomy":"category","embeddable":true,"href":"https:\/\/www.europesays.com\/no\/wp-json\/wp\/v2\/categories?post=120778"},{"taxonomy":"post_tag","embeddable":true,"href":"https:\/\/www.europesays.com\/no\/wp-json\/wp\/v2\/tags?post=120778"}],"curies":[{"name":"wp","href":"https:\/\/api.w.org\/{rel}","templated":true}]}}